
{"id":10106,"date":"2025-11-03T01:49:30","date_gmt":"2025-11-03T04:49:30","guid":{"rendered":"https:\/\/7ports.com.br\/?p=10106"},"modified":"2025-12-21T23:51:15","modified_gmt":"2025-12-22T02:51:15","slug":"governadores-omissos","status":"publish","type":"post","link":"https:\/\/7ports.com.br\/?p=10106","title":{"rendered":"GOVERNADORES OMISSOS"},"content":{"rendered":"\n<h2 class=\"wp-block-heading\">GOVERNADORES OMISSOS &#8211; O estatus \u00e9 de guerra civil<\/h2>\n\n\n\n<p>H\u00e1 muito tempo a Rep\u00fablica est\u00e1 \u00e0 deriva. A identifica\u00e7\u00e3o dos respons\u00e1veis come\u00e7a pelos governadores dos estados \u2014 <strong>todos<\/strong>, sem exce\u00e7\u00e3o, omissos. N\u00e3o exigem o cumprimento do Pacto Federativo; muitos sequer sabem o que ele representa.<\/p>\n\n\n\n<p>No estado do Rio de Janeiro, vivemos um cen\u00e1rio que deixa de ser guerra urbana e se aproxima de uma <strong>guerra civil<\/strong>. Recentemente, uma a\u00e7\u00e3o policial de grande escala nos complexos do Complexo do Alem\u00e3o e da Penha, organizada contra a fac\u00e7\u00e3o \u00adComando Vermelho, resultou em ao menos <strong>140 mortes<\/strong>, sendo quatro policiais, <strong>108 <\/strong>detidos e mais de <strong>112 f<\/strong>uzis somente nesta opera\u00e7\u00e3o apreendidos.<br>Esses n\u00fameros marcam a mais letal opera\u00e7\u00e3o policial j\u00e1 registrada no Estado do Rio.<\/p>\n\n\n\n<figure class=\"wp-block-image size-large\"><img decoding=\"async\" loading=\"lazy\" width=\"1024\" height=\"630\" src=\"https:\/\/7ports.com.br\/wp-content\/uploads\/2025\/11\/governadores-1024x630.png\" alt=\"\" class=\"wp-image-10107\" srcset=\"https:\/\/7ports.com.br\/wp-content\/uploads\/2025\/11\/governadores-1024x630.png 1024w, https:\/\/7ports.com.br\/wp-content\/uploads\/2025\/11\/governadores-300x185.png 300w, https:\/\/7ports.com.br\/wp-content\/uploads\/2025\/11\/governadores-768x473.png 768w, https:\/\/7ports.com.br\/wp-content\/uploads\/2025\/11\/governadores.png 1170w\" sizes=\"(max-width: 1024px) 100vw, 1024px\" \/><\/figure>\n\n\n\n<p>Em 2024 o estado registrou <strong>732 fuzis apreendidos<\/strong>, uma m\u00e9dia de dois por dia \u2014 um recorde desde o in\u00edcio da s\u00e9rie hist\u00f3rica em 2007. <a href=\"https:\/\/www.cnnbrasil.com.br\/nacional\/sudeste\/rj\/rio-de-janeiro-bate-recorde-e-apreende-732-fuzis-em-2024\/?utm_source=chatgpt.com\" target=\"_blank\" rel=\"noreferrer noopener\">cnnbrasil.com.br+1<\/a><br>Al\u00e9m disso, em estudo divulgado pela Pol\u00edcia Militar do Estado do Rio de Janeiro, constatou-se que <strong>94,68%<\/strong> dos fuzis apreendidos vieram do exterior. <a href=\"https:\/\/www.cnnbrasil.com.br\/nacional\/sudeste\/rj\/estudo-aponta-que-95-dos-fuzis-apreendidos-pela-pm-no-rio-vem-do-exterior\/?utm_source=chatgpt.com\" target=\"_blank\" rel=\"noreferrer noopener\">cnnbrasil.com.br+1<\/a><\/p>\n\n\n\n<p>Esses dados exp\u00f5em claramente que o tr\u00e1fico est\u00e1 bem armado, bem estruturado e domina territ\u00f3rios inteiros \u2014 enquanto o Estado, supostamente o titular da soberania, desaparece.<\/p>\n\n\n\n<p>Os governadores dos estados perderam <strong>totalmente<\/strong> os seus territ\u00f3rios para o crime organizado \u2014 seja por <strong>covardia<\/strong>, <strong>incompet\u00eancia<\/strong> ou <strong>ignor\u00e2ncia geopol\u00edtica<\/strong>. A Federa\u00e7\u00e3o, por sua vez, n\u00e3o governa: apenas reage de forma irracional aos fatos \u00e0 medida que eles ocorrem \u2014 e depois esquece.<\/p>\n\n\n\n<p>Todos os estados sofrem os efeitos da <strong>desordem federal<\/strong> e da pr\u00f3pria desordem estadual. A complexidade vai muito al\u00e9m das favelas: atinge o Congresso Nacional, que mais parece uma casa de toler\u00e2ncia; o Superior Tribunal de Justi\u00e7a, frequentemente equivocado; o Executivo \u2014 com suas declara\u00e7\u00f5es lament\u00e1veis \u2014 e fere de morte o Pacto Federativo.<\/p>\n\n\n\n<p>Enquanto isso, as For\u00e7as Armadas seguem \u2014 no sentido literal e figurado \u2014 pintando meios-fios, j\u00e1 que a <strong>Garantia da Lei e da Ordem (GLO)<\/strong> est\u00e1 proibida no Pal\u00e1cio da Alvorada.<\/p>\n\n\n\n<p>Agenor Candido &#8211; 01\/\/11\/2025<\/p>\n","protected":false},"excerpt":{"rendered":"<p>H\u00e1 muito tempo a Rep\u00fablica est\u00e1 \u00e0 deriva. A identifica\u00e7\u00e3o dos respons\u00e1veis come\u00e7a pelos governadores <\/p>\n","protected":false},"author":1,"featured_media":10113,"comment_status":"closed","ping_status":"closed","sticky":false,"template":"","format":"standard","meta":[],"categories":[1],"tags":[],"_links":{"self":[{"href":"https:\/\/7ports.com.br\/index.php?rest_route=\/wp\/v2\/posts\/10106"}],"collection":[{"href":"https:\/\/7ports.com.br\/index.php?rest_route=\/wp\/v2\/posts"}],"about":[{"href":"https:\/\/7ports.com.br\/index.php?rest_route=\/wp\/v2\/types\/post"}],"author":[{"embeddable":true,"href":"https:\/\/7ports.com.br\/index.php?rest_route=\/wp\/v2\/users\/1"}],"replies":[{"embeddable":true,"href":"https:\/\/7ports.com.br\/index.php?rest_route=%2Fwp%2Fv2%2Fcomments&post=10106"}],"version-history":[{"count":6,"href":"https:\/\/7ports.com.br\/index.php?rest_route=\/wp\/v2\/posts\/10106\/revisions"}],"predecessor-version":[{"id":10123,"href":"https:\/\/7ports.com.br\/index.php?rest_route=\/wp\/v2\/posts\/10106\/revisions\/10123"}],"wp:featuredmedia":[{"embeddable":true,"href":"https:\/\/7ports.com.br\/index.php?rest_route=\/wp\/v2\/media\/10113"}],"wp:attachment":[{"href":"https:\/\/7ports.com.br\/index.php?rest_route=%2Fwp%2Fv2%2Fmedia&parent=10106"}],"wp:term":[{"taxonomy":"category","embeddable":true,"href":"https:\/\/7ports.com.br\/index.php?rest_route=%2Fwp%2Fv2%2Fcategories&post=10106"},{"taxonomy":"post_tag","embeddable":true,"href":"https:\/\/7ports.com.br\/index.php?rest_route=%2Fwp%2Fv2%2Ftags&post=10106"}],"curies":[{"name":"wp","href":"https:\/\/api.w.org\/{rel}","templated":true}]}}