
{"id":10125,"date":"2025-11-04T01:27:07","date_gmt":"2025-11-04T04:27:07","guid":{"rendered":"https:\/\/7ports.com.br\/?p=10125"},"modified":"2025-11-04T09:35:16","modified_gmt":"2025-11-04T12:35:16","slug":"10125","status":"publish","type":"post","link":"https:\/\/7ports.com.br\/?p=10125","title":{"rendered":""},"content":{"rendered":"\n<figure class=\"wp-block-image size-full\"><img decoding=\"async\" loading=\"lazy\" width=\"316\" height=\"172\" src=\"https:\/\/7ports.com.br\/wp-content\/uploads\/2025\/11\/image.png\" alt=\"\" class=\"wp-image-10126\" srcset=\"https:\/\/7ports.com.br\/wp-content\/uploads\/2025\/11\/image.png 316w, https:\/\/7ports.com.br\/wp-content\/uploads\/2025\/11\/image-300x163.png 300w\" sizes=\"(max-width: 316px) 100vw, 316px\" \/><\/figure>\n\n\n\n<p>Esses ser\u00e3o os dois \u00faltimos jogos do Brasil em 2025. A Sele\u00e7\u00e3o enfrentar\u00e1 Senegal no dia 15 de novembro, no est\u00e1dio Emirates, em Londres, na Inglaterra, e a Tun\u00edsia no dia 18, em Lille, na Fran\u00e7a. Depois, em mar\u00e7o, far\u00e1 amistosos provavelmente contra Fran\u00e7a e Cro\u00e1cia. Ser\u00e3o as \u00faltimas partidas antes da convoca\u00e7\u00e3o final para o Mundial. A lista definitiva ser\u00e1 divulgada em maio.<\/p>\n\n\n\n<ul>\n<li><strong>Goleiros:&nbsp;<\/strong>Bento (Al-Nassr), Ederson (Fenerbah\u00e7e), Hugo Souza (Corinthians)<\/li>\n\n\n\n<li><strong>Defensores:&nbsp;<\/strong>Alex Sandro (Flamengo), Danilo (Flamengo), Caio Henrique (Monaco), Milit\u00e3o (Real Madrid), Fabr\u00edcio Bruno (Cruzeiro), Gabriel Magalh\u00e3es (Arsenal), Luciano Juba (Bahia), Marquinhos (PSG), Paulo Henrique (Vasco), Wesley (Roma)<\/li>\n\n\n\n<li><strong>Meio-campistas:&nbsp;<\/strong>Andrey Santos (Chelsea), Bruno Guimar\u00e3es (Newcastle), Casemiro (Manchester United), Fabinho (Al-Ittihad), Paquet\u00e1 (West Ham)<\/li>\n\n\n\n<li><strong>Atacantes:&nbsp;<\/strong>Estev\u00e3o (Chelsea), Jo\u00e3o Pedro (Chelsea), Luiz Henrique (Zenit), Matheus Cunha (Manchester United), Richarlison (Tottenham), Rodrygo (Real Madrid), Vini Jr (Real Madrid)., Vitor Roque (Palmeiras)<\/li>\n<\/ul>\n\n\n\n<figure class=\"wp-block-image\"><img decoding=\"async\" src=\"https:\/\/s2-ge.glbimg.com\/w9lOjLPxAeIbEbfXtvxYzNSWyng=\/0x0:3572x2728\/984x0\/smart\/filters:strip_icc()\/i.s3.glbimg.com\/v1\/AUTH_bc8228b6673f488aa253bbcb03c80ec5\/internal_photos\/bs\/2025\/j\/t\/sli1gaStOODzH3SOtyEg\/4.jpg\" alt=\"Carlo Ancelotti convoca\u00e7\u00e3o Sele\u00e7\u00e3o Brasileira novembro \u2014 Foto: Andr\u00e9 Dur\u00e3o\"\/><\/figure>\n\n\n\n<p>Carlo Ancelotti convoca\u00e7\u00e3o Sele\u00e7\u00e3o Brasileira novembro \u2014 Foto: Andr\u00e9 Dur\u00e3o<\/p>\n\n\n\n<p>Antes da coletiva, o diretor Rodrigo Caetano&nbsp;<a class=\"\" href=\"https:\/\/ge.globo.com\/futebol\/selecao-brasileira\/noticia\/2025\/10\/15\/selecao-projeta-convocacao-com-mais-nomes-do-brasil-e-avalia-amistoso-no-maracana-antes-da-copa.ghtml\"><strong>confirmou informa\u00e7\u00e3o do ge<\/strong><\/a>&nbsp;em rela\u00e7\u00e3o \u00e0 prepara\u00e7\u00e3o para a Copa. Afirmou que a Sele\u00e7\u00e3o se apresentar\u00e1 no Brasil para iniciar os treinamentos na Granja Comary e h\u00e1 a possibilidade de o Brasil fazer um amistoso no pa\u00eds antes de viajar.<\/p>\n\n\n\n<figure class=\"wp-block-embed\"><div class=\"wp-block-embed__wrapper\">\nhttps:\/\/8473bf34e179edf9ff3e242da22c76d4.safeframe.googlesyndication.com\/safeframe\/1-0-45\/html\/container.html\n<\/div><\/figure>\n\n\n\n<figure class=\"wp-block-image\"><img decoding=\"async\" src=\"https:\/\/s02.video.glbimg.com\/x240\/14066229.jpg\" alt=\"Rodrigo Caetano anuncia amistosos contra europeus em mar\u00e7o e jogos no Brasil em junho\" title=\"Rodrigo Caetano anuncia amistosos contra europeus em mar\u00e7o e jogos no Brasil em junho\"\/><\/figure>\n\n\n\n<p><a href=\"https:\/\/globoplay.globo.com\/categorias\/lollapalooza\/\"><\/a><\/p>\n\n\n\n<p><video muted=\"\" preload=\"none\" poster=\"https:\/\/s02.video.glbimg.com\/x360\/14066229.jpg\"><\/video><\/p>\n\n\n\n<p>Rodrigo Caetano anuncia amistosos contra europeus em mar\u00e7o e jogos no Brasil em junho<\/p>\n\n\n\n<p>A Copa do Mundo de 2026 ser\u00e1 disputada no M\u00e9xico, Canad\u00e1 e Estados Unidos, pela primeira vez com 48 sele\u00e7\u00f5es. O Mundial come\u00e7a dia 11 de junho e termina 19 de julho.<\/p>\n\n\n\n<ul>\n<li><\/li>\n<\/ul>\n\n\n\n<p>Ver coment\u00e1rios<\/p>\n\n\n\n<p>Veja tamb\u00e9m<\/p>\n\n\n\n<figure class=\"wp-block-image\"><img decoding=\"async\" src=\"https:\/\/s2-ge.glbimg.com\/UCW3F-kOncAcEtFFJKhUljcPUqk=\/810x456\/top\/smart\/filters:max_age(3600)\/https:\/\/s01.video.glbimg.com\/deo\/vi\/36\/62\/14066236\" alt=\"\" title=\"Veja a convoca\u00e7\u00e3o da Sele\u00e7\u00e3o Brasileira para a data Fifa de novembro\"\/><\/figure>\n\n\n\n<p>ge.globo<\/p>\n\n\n\n<p>Veja a convoca\u00e7\u00e3o da Sele\u00e7\u00e3o Brasileira para a data Fifa de novembro<\/p>\n\n\n\n<p>Veja a convoca\u00e7\u00e3o da Sele\u00e7\u00e3o Brasileira para a data Fifa de novembro<\/p>\n\n\n\n<p>3 de nov de 2025 \u00e0s 00:00<\/p>\n\n\n\n<figure class=\"wp-block-image\"><img decoding=\"async\" src=\"https:\/\/s2-ge.glbimg.com\/wYqnA5p152ys2z4YyGYJ0-keClU=\/188x106\/top\/smart\/https:\/\/i.s3.glbimg.com\/v1\/AUTH_bc8228b6673f488aa253bbcb03c80ec5\/internal_photos\/bs\/2025\/j\/t\/sli1gaStOODzH3SOtyEg\/4.jpg\" alt=\"Ancelotti justifica convocados de Palmeiras e Flamengo: &quot;Prioridade \u00e9 a sele\u00e7\u00e3o brasileira&quot;\"\/><\/figure>\n\n\n\n<p>Sugerida para voc\u00ea<\/p>\n\n\n\n<h3 class=\"wp-block-heading\"><a href=\"https:\/\/ge.globo.com\/futebol\/futebol-internacional\/noticia\/2025\/11\/03\/ancelotti-justifica-convocados-de-palmeiras-e-flamengo-prioridade-e-a-selecao-brasileira.ghtml#GE-NEXT-ARTICLE-item,rec-cfi-context-time-no-cas-prematch-remover,3ec17891-d89d-4324-a28c-70e63234a6cb\">Ancelotti justifica convocados de Palmeiras e Flamengo: &#8220;Prioridade \u00e9 a sele\u00e7\u00e3o brasileira&#8221;<\/a><\/h3>\n\n\n\n<p>Mais do&nbsp;<strong>ge<\/strong><\/p>\n\n\n\n<h2 class=\"wp-block-heading\"><a href=\"https:\/\/ge.globo.com\/futebol\/futebol-internacional\/noticia\/2025\/11\/03\/ancelotti-justifica-convocados-de-palmeiras-e-flamengo-prioridade-e-a-selecao-brasileira.ghtml\">Ancelotti justifica convocados de Palmeiras e Flamengo: &#8220;Prioridade \u00e9 a sele\u00e7\u00e3o brasileira&#8221;<\/a><\/h2>\n\n\n\n<p>Treinador chamou tr\u00eas jogadores dos times: Vitor Roque, Alex Sandro e Danilo; amistosos contra Senegal e Tun\u00edsia acontecer\u00e3o nos dias 15 e 18 de novembro, na Europa<\/p>\n\n\n\n<p><a href=\"https:\/\/ge.globo.com\/futebol\/futebol-internacional\/noticia\/2025\/11\/03\/ancelotti-justifica-convocados-de-palmeiras-e-flamengo-prioridade-e-a-selecao-brasileira.ghtml\"><\/a><\/p>\n\n\n\n<figure class=\"wp-block-image\"><a href=\"https:\/\/ge.globo.com\/futebol\/futebol-internacional\/noticia\/2025\/11\/03\/ancelotti-justifica-convocados-de-palmeiras-e-flamengo-prioridade-e-a-selecao-brasileira.ghtml\"><img decoding=\"async\" src=\"https:\/\/s2-ge.glbimg.com\/1lYIpA_Q9CN9kosFIAaNtnNX854=\/540x304\/top\/smart\/https:\/\/i.s3.glbimg.com\/v1\/AUTH_bc8228b6673f488aa253bbcb03c80ec5\/internal_photos\/bs\/2025\/j\/t\/sli1gaStOODzH3SOtyEg\/4.jpg\" alt=\"Ancelotti justifica convocados de Palmeiras e Flamengo: &quot;Prioridade \u00e9 a sele\u00e7\u00e3o brasileira&quot;\" title=\"Ancelotti justifica convocados de Palmeiras e Flamengo: &quot;Prioridade \u00e9 a sele\u00e7\u00e3o brasileira&quot;\"\/><\/a><\/figure>\n\n\n\n<p><a href=\"https:\/\/ge.globo.com\/futebol\/futebol-internacional\/noticia\/2025\/11\/03\/ancelotti-justifica-convocados-de-palmeiras-e-flamengo-prioridade-e-a-selecao-brasileira.ghtml\"><\/a><\/p>\n\n\n\n<p>sele\u00e7\u00e3o brasileira<\/p>\n\n\n\n<h2 class=\"wp-block-heading\"><a href=\"https:\/\/ge.globo.com\/futebol\/futebol-internacional\/noticia\/2025\/11\/03\/modric-coloca-ronaldo-fenomeno-em-top-5-de-jogadores-favoritos.ghtml\">Modric coloca Ronaldo Fen\u00f4meno em top-5 de jogadores favoritos<\/a><\/h2>\n\n\n\n<p>Meio-campista do Milan elege cinco atletas preferidos no futebol; veja lista<\/p>\n\n\n\n<p><a href=\"https:\/\/ge.globo.com\/futebol\/futebol-internacional\/noticia\/2025\/11\/03\/modric-coloca-ronaldo-fenomeno-em-top-5-de-jogadores-favoritos.ghtml\"><\/a><\/p>\n\n\n\n<figure class=\"wp-block-image\"><a href=\"https:\/\/ge.globo.com\/futebol\/futebol-internacional\/noticia\/2025\/11\/03\/modric-coloca-ronaldo-fenomeno-em-top-5-de-jogadores-favoritos.ghtml\"><img decoding=\"async\" src=\"https:\/\/s2-ge.glbimg.com\/Ce-NaWECzwjV_IFthG3lre0FL-I=\/540x304\/top\/smart\/https:\/\/i.s3.glbimg.com\/v1\/AUTH_bc8228b6673f488aa253bbcb03c80ec5\/internal_photos\/bs\/2025\/s\/1\/6WL6P8T1mM0FyanwqVtw\/gettyimages-2244302198.jpg\" alt=\"Modric coloca Ronaldo Fen\u00f4meno em top-5 de jogadores favoritos\" title=\"Modric coloca Ronaldo Fen\u00f4meno em top-5 de jogadores favoritos\"\/><\/a><\/figure>\n\n\n\n<p><a href=\"https:\/\/ge.globo.com\/futebol\/futebol-internacional\/noticia\/2025\/11\/03\/modric-coloca-ronaldo-fenomeno-em-top-5-de-jogadores-favoritos.ghtml\"><\/a><\/p>\n\n\n\n<p>futebol internacional<\/p>\n\n\n\n<h2 class=\"wp-block-heading\"><a href=\"https:\/\/ge.globo.com\/futebol\/selecao-brasileira\/noticia\/2025\/11\/03\/ancelotti-comenta-novidades-em-convocacao-da-selecao-e-volta-de-fabricio-bruno.ghtml\">Ancelotti comenta novidades em convoca\u00e7\u00e3o da Sele\u00e7\u00e3o e volta de Fabr\u00edcio Bruno<\/a><\/h2>\n\n\n\n<p>Brasil faz amistosos contra Senegal e Tun\u00edsia na data Fifa de novembro, a \u00faltima neste ano<\/p>\n\n\n\n<p><a href=\"https:\/\/ge.globo.com\/futebol\/selecao-brasileira\/noticia\/2025\/11\/03\/ancelotti-comenta-novidades-em-convocacao-da-selecao-e-volta-de-fabricio-bruno.ghtml\"><\/a><\/p>\n\n\n\n<figure class=\"wp-block-image\"><a href=\"https:\/\/ge.globo.com\/futebol\/selecao-brasileira\/noticia\/2025\/11\/03\/ancelotti-comenta-novidades-em-convocacao-da-selecao-e-volta-de-fabricio-bruno.ghtml\"><img decoding=\"async\" src=\"https:\/\/s2-ge.glbimg.com\/4qPzDfL-CbkSS906SztfZ-EtkQ4=\/540x304\/top\/smart\/https:\/\/i.s3.glbimg.com\/v1\/AUTH_bc8228b6673f488aa253bbcb03c80ec5\/internal_photos\/bs\/2025\/R\/e\/GPk5quSFuM5XGXFcz5CQ\/ancelotti.png\" alt=\"Ancelotti comenta novidades em convoca\u00e7\u00e3o da Sele\u00e7\u00e3o e volta de Fabr\u00edcio Bruno\" title=\"Ancelotti comenta novidades em convoca\u00e7\u00e3o da Sele\u00e7\u00e3o e volta de Fabr\u00edcio Bruno\"\/><\/a><\/figure>\n\n\n\n<p><a href=\"https:\/\/ge.globo.com\/futebol\/selecao-brasileira\/noticia\/2025\/11\/03\/ancelotti-comenta-novidades-em-convocacao-da-selecao-e-volta-de-fabricio-bruno.ghtml\"><\/a><\/p>\n\n\n\n<p>sele\u00e7\u00e3o brasileira<\/p>\n\n\n\n<h2 class=\"wp-block-heading\"><a href=\"https:\/\/ge.globo.com\/futebol\/times\/palmeiras\/noticia\/2025\/11\/03\/agente-de-vitor-roque-afirma-vai-chegar-proposta-na-casa-dos-euro-50-milhoes-da-premier-league.ghtml\">Agente de Vitor Roque afirma: &#8220;Vai chegar proposta na casa dos \u20ac 50 milh\u00f5es da Premier League&#8221;<\/a><\/h2>\n\n\n\n<p>Segundo Andr\u00e9 Cury, Palmeiras teve oferta de 35 milh\u00f5es de euros do futebol \u00e1rabe: &#8220;Hoje temos uma chuvarada de liga\u00e7\u00f5es de europeus, principalmente Premier League e It\u00e1lia&#8221;<\/p>\n\n\n\n<p><a href=\"https:\/\/ge.globo.com\/futebol\/times\/palmeiras\/noticia\/2025\/11\/03\/agente-de-vitor-roque-afirma-vai-chegar-proposta-na-casa-dos-euro-50-milhoes-da-premier-league.ghtml\"><\/a><\/p>\n\n\n\n<figure class=\"wp-block-image\"><a href=\"https:\/\/ge.globo.com\/futebol\/times\/palmeiras\/noticia\/2025\/11\/03\/agente-de-vitor-roque-afirma-vai-chegar-proposta-na-casa-dos-euro-50-milhoes-da-premier-league.ghtml\"><img decoding=\"async\" src=\"https:\/\/s2-ge.glbimg.com\/kaKRh-c3TB_9CurRtERE0FM9Y0s=\/540x304\/top\/smart\/https:\/\/i.s3.glbimg.com\/v1\/AUTH_bc8228b6673f488aa253bbcb03c80ec5\/internal_photos\/bs\/2025\/B\/D\/1FkUU0QjWsKEnFRH2Qaw\/vitor-roque.png\" alt=\"Agente de Vitor Roque afirma: &quot;Vai chegar proposta na casa dos \u20ac 50 milh\u00f5es da Premier League&quot;\" title=\"Agente de Vitor Roque afirma: &quot;Vai chegar proposta na casa dos \u20ac 50 milh\u00f5es da Premier League&quot;\"\/><\/a><\/figure>\n\n\n\n<p><a href=\"https:\/\/ge.globo.com\/futebol\/times\/palmeiras\/noticia\/2025\/11\/03\/agente-de-vitor-roque-afirma-vai-chegar-proposta-na-casa-dos-euro-50-milhoes-da-premier-league.ghtml\"><\/a><\/p>\n\n\n\n<p>palmeiras<\/p>\n\n\n\n<h2 class=\"wp-block-heading\"><a href=\"https:\/\/ge.globo.com\/futebol\/selecao-brasileira\/noticia\/2025\/11\/03\/ancelotti-diz-que-vini-jr-reconheceu-erro-ao-reclamar-de-substituicao-no-real-madrid.ghtml\">Ancelotti diz que Vini Jr. reconheceu que &#8220;cometeu um erro&#8221; ao reclamar de substitui\u00e7\u00e3o no Real Madrid<\/a><\/h2>\n\n\n\n<p>T\u00e9cnico da sele\u00e7\u00e3o brasileira evita se manifestar sobre vida pessoal do atacante: &#8220;N\u00e3o sou pai nem irm\u00e3o dele&#8221;<\/p>\n\n\n\n<p><a href=\"https:\/\/ge.globo.com\/futebol\/selecao-brasileira\/noticia\/2025\/11\/03\/ancelotti-diz-que-vini-jr-reconheceu-erro-ao-reclamar-de-substituicao-no-real-madrid.ghtml\"><\/a><\/p>\n\n\n\n<figure class=\"wp-block-image\"><a href=\"https:\/\/ge.globo.com\/futebol\/selecao-brasileira\/noticia\/2025\/11\/03\/ancelotti-diz-que-vini-jr-reconheceu-erro-ao-reclamar-de-substituicao-no-real-madrid.ghtml\"><img decoding=\"async\" src=\"https:\/\/s2-ge.glbimg.com\/pkB3V7myLHHmcDqv2DQdIzoCFFc=\/540x304\/top\/smart\/https:\/\/i.s3.glbimg.com\/v1\/AUTH_bc8228b6673f488aa253bbcb03c80ec5\/internal_photos\/bs\/2025\/S\/A\/laXcGzTaGkQZqqYUYvHg\/gettyimages-2243124479.jpg\" alt=\"Ancelotti diz que Vini Jr. reconheceu que &quot;cometeu um erro&quot; ao reclamar de substitui\u00e7\u00e3o no Real Madrid\" title=\"Ancelotti diz que Vini Jr. reconheceu que &quot;cometeu um erro&quot; ao reclamar de substitui\u00e7\u00e3o no Real Madrid\"\/><\/a><\/figure>\n\n\n\n<p><a href=\"https:\/\/ge.globo.com\/futebol\/selecao-brasileira\/noticia\/2025\/11\/03\/ancelotti-diz-que-vini-jr-reconheceu-erro-ao-reclamar-de-substituicao-no-real-madrid.ghtml\"><\/a><\/p>\n\n\n\n<p>sele\u00e7\u00e3o brasileira<\/p>\n\n\n\n<h2 class=\"wp-block-heading\"><a href=\"https:\/\/ge.globo.com\/ba\/futebol\/times\/bahia\/noticia\/2025\/11\/03\/bahia-provoca-o-sport-apos-convocacao-de-juba-para-selecao-frete-gratis.ghtml\">Bahia provoca o Sport ap\u00f3s convoca\u00e7\u00e3o de Juba para Sele\u00e7\u00e3o: &#8220;Frete gr\u00e1tis&#8221;<\/a><\/h2>\n\n\n\n<p>Lateral era da equipe pernambucana e chegou ao time baiano sem custos em 2023, em movimenta\u00e7\u00e3o com bastidores agitados<\/p>\n\n\n\n<p><a href=\"https:\/\/ge.globo.com\/ba\/futebol\/times\/bahia\/noticia\/2025\/11\/03\/bahia-provoca-o-sport-apos-convocacao-de-juba-para-selecao-frete-gratis.ghtml\"><\/a><\/p>\n\n\n\n<figure class=\"wp-block-image\"><a href=\"https:\/\/ge.globo.com\/ba\/futebol\/times\/bahia\/noticia\/2025\/11\/03\/bahia-provoca-o-sport-apos-convocacao-de-juba-para-selecao-frete-gratis.ghtml\"><img decoding=\"async\" src=\"https:\/\/s2-ge.glbimg.com\/Bz8nASr-pkxbkx9sYyFnEf-DaMs=\/540x304\/top\/smart\/https:\/\/i.s3.glbimg.com\/v1\/AUTH_bc8228b6673f488aa253bbcb03c80ec5\/internal_photos\/bs\/2025\/z\/O\/VO3WOUS2CAvgRNBZwkfw\/54585708323-5450514e56-k.jpg\" alt=\"Bahia provoca o Sport ap\u00f3s convoca\u00e7\u00e3o de Juba para Sele\u00e7\u00e3o: &quot;Frete gr\u00e1tis&quot;\" title=\"Bahia provoca o Sport ap\u00f3s convoca\u00e7\u00e3o de Juba para Sele\u00e7\u00e3o: &quot;Frete gr\u00e1tis&quot;\"\/><\/a><\/figure>\n\n\n\n<p><a href=\"https:\/\/ge.globo.com\/ba\/futebol\/times\/bahia\/noticia\/2025\/11\/03\/bahia-provoca-o-sport-apos-convocacao-de-juba-para-selecao-frete-gratis.ghtml\"><\/a><\/p>\n\n\n\n<p>bahia<\/p>\n\n\n\n<h2 class=\"wp-block-heading\"><a href=\"https:\/\/ge.globo.com\/futebol\/times\/palmeiras\/noticia\/2025\/11\/03\/vitor-roque-e-convocado-pela-selecao-e-pode-desfalcar-palmeiras-em-ate-dois-jogos-pelo-brasileirao.ghtml\">Vitor Roque \u00e9 convocado pela Sele\u00e7\u00e3o e ir\u00e1 desfalcar o Palmeiras contra o Santos na Vila Belmiro<\/a><\/h2>\n\n\n\n<p>Atacante do Verd\u00e3o \u00e9 chamado por Carlo Ancelotti para amistosos em novembro e tamb\u00e9m pode ficar fora do jogo diante do Atl\u00e9tico-MG<\/p>\n\n\n\n<p><a href=\"https:\/\/ge.globo.com\/futebol\/times\/palmeiras\/noticia\/2025\/11\/03\/vitor-roque-e-convocado-pela-selecao-e-pode-desfalcar-palmeiras-em-ate-dois-jogos-pelo-brasileirao.ghtml\"><\/a><\/p>\n\n\n\n<figure class=\"wp-block-image\"><a href=\"https:\/\/ge.globo.com\/futebol\/times\/palmeiras\/noticia\/2025\/11\/03\/vitor-roque-e-convocado-pela-selecao-e-pode-desfalcar-palmeiras-em-ate-dois-jogos-pelo-brasileirao.ghtml\"><img decoding=\"async\" src=\"https:\/\/s2-ge.glbimg.com\/BC7VjeycfQGrCqZ8bQUaJco9vDM=\/540x304\/top\/smart\/https:\/\/i.s3.glbimg.com\/v1\/AUTH_bc8228b6673f488aa253bbcb03c80ec5\/internal_photos\/bs\/2025\/Q\/g\/rzSsrrRmKcTGPLEDLgBw\/rib4969.jpg\" alt=\"Vitor Roque \u00e9 convocado pela Sele\u00e7\u00e3o e ir\u00e1 desfalcar o Palmeiras contra o Santos na Vila Belmiro\" title=\"Vitor Roque \u00e9 convocado pela Sele\u00e7\u00e3o e ir\u00e1 desfalcar o Palmeiras contra o Santos na Vila Belmiro\"\/><\/a><\/figure>\n\n\n\n<p><a href=\"https:\/\/ge.globo.com\/futebol\/times\/palmeiras\/noticia\/2025\/11\/03\/vitor-roque-e-convocado-pela-selecao-e-pode-desfalcar-palmeiras-em-ate-dois-jogos-pelo-brasileirao.ghtml\"><\/a><\/p>\n\n\n\n<p>palmeiras<\/p>\n\n\n\n<h2 class=\"wp-block-heading\"><a href=\"https:\/\/ge.globo.com\/futebol\/futebol-internacional\/noticia\/2025\/11\/03\/messi-melhor-cristiano-ronaldo-diz-que-nao-concorda-nao-tenho-que-ser-humilde.ghtml\">Messi melhor? Cristiano Ronaldo diz que n\u00e3o concorda: &#8220;N\u00e3o tenho que ser humilde&#8221;<\/a><\/h2>\n\n\n\n<p>Astro portugu\u00eas comenta opini\u00e3o de Wayne Rooney sobre eterna rivalidade e afirma que vai chorar no dia de sua despedida dos gramados<\/p>\n\n\n\n<p><a href=\"https:\/\/ge.globo.com\/futebol\/futebol-internacional\/noticia\/2025\/11\/03\/messi-melhor-cristiano-ronaldo-diz-que-nao-concorda-nao-tenho-que-ser-humilde.ghtml\"><\/a><\/p>\n\n\n\n<figure class=\"wp-block-image\"><a href=\"https:\/\/ge.globo.com\/futebol\/futebol-internacional\/noticia\/2025\/11\/03\/messi-melhor-cristiano-ronaldo-diz-que-nao-concorda-nao-tenho-que-ser-humilde.ghtml\"><img decoding=\"async\" src=\"https:\/\/s2-ge.glbimg.com\/3vuTS2JG3MX9aWGFbaqg432XwWI=\/540x304\/top\/smart\/https:\/\/i.s3.glbimg.com\/v1\/AUTH_bc8228b6673f488aa253bbcb03c80ec5\/internal_photos\/bs\/2025\/2\/h\/5nfLYBSKmF0QOX3fXQHQ\/g4hlvnrwgaafymv.jpeg\" alt=\"Messi melhor? Cristiano Ronaldo diz que n\u00e3o concorda: &quot;N\u00e3o tenho que ser humilde&quot; \" title=\"Messi melhor? Cristiano Ronaldo diz que n\u00e3o concorda: &quot;N\u00e3o tenho que ser humilde&quot; \"\/><\/a><\/figure>\n\n\n\n<p><a href=\"https:\/\/ge.globo.com\/futebol\/futebol-internacional\/noticia\/2025\/11\/03\/messi-melhor-cristiano-ronaldo-diz-que-nao-concorda-nao-tenho-que-ser-humilde.ghtml\"><\/a><\/p>\n\n\n\n<p>futebol internacional<\/p>\n\n\n\n<h2 class=\"wp-block-heading\"><a href=\"https:\/\/ge.globo.com\/futebol\/futebol-internacional\/noticia\/2025\/11\/03\/goleiro-ederson-e-atingido-por-copos-atirados-em-classico-na-turquia-veja-video.ghtml\">Goleiro Ederson \u00e9 atingido por copos atirados em cl\u00e1ssico na Turquia; veja v\u00eddeo<\/a><\/h2>\n\n\n\n<p>Torcida do Besiktas arremessa copos no brasileiro em derrota para o Fenerbah\u00e7e, equipe do goleiro, por 3 a 2<\/p>\n\n\n\n<p><a href=\"https:\/\/ge.globo.com\/futebol\/futebol-internacional\/noticia\/2025\/11\/03\/goleiro-ederson-e-atingido-por-copos-atirados-em-classico-na-turquia-veja-video.ghtml\"><\/a><\/p>\n\n\n\n<figure class=\"wp-block-image\"><a href=\"https:\/\/ge.globo.com\/futebol\/futebol-internacional\/noticia\/2025\/11\/03\/goleiro-ederson-e-atingido-por-copos-atirados-em-classico-na-turquia-veja-video.ghtml\"><img decoding=\"async\" src=\"https:\/\/s2-ge.glbimg.com\/vUqc2SnP3EZEcacO0hlta-JLIgo=\/540x304\/top\/smart\/https:\/\/i.s3.glbimg.com\/v1\/AUTH_bc8228b6673f488aa253bbcb03c80ec5\/internal_photos\/bs\/2025\/d\/u\/7KU2GUSBighxakxtONfg\/2025-11-02t184929z-1307645746-up1elb21gag0u-rtrmadp-3-soccer-turkey-bjk-fb.jpg\" alt=\"Goleiro Ederson \u00e9 atingido por copos atirados em cl\u00e1ssico na Turquia; veja v\u00eddeo\" title=\"Goleiro Ederson \u00e9 atingido por copos atirados em cl\u00e1ssico na Turquia; veja v\u00eddeo\"\/><\/a><\/figure>\n\n\n\n<p><a href=\"https:\/\/ge.globo.com\/futebol\/futebol-internacional\/noticia\/2025\/11\/03\/goleiro-ederson-e-atingido-por-copos-atirados-em-classico-na-turquia-veja-video.ghtml\"><\/a><\/p>\n\n\n\n<p>futebol internacional<\/p>\n\n\n\n<h2 class=\"wp-block-heading\"><a href=\"https:\/\/ge.globo.com\/futebol\/futebol-internacional\/noticia\/2025\/11\/03\/como-seria-a-escalacao-da-selecao-com-atletas-que-atuam-no-brasil-veja-times-e-faca-o-seu.ghtml\">Como seria a escala\u00e7\u00e3o da Sele\u00e7\u00e3o com atletas que atuam no Brasil? Veja times e fa\u00e7a o seu<\/a><\/h2>\n\n\n\n<p>Comentaristas elegem time ideal e melhores por posi\u00e7\u00e3o nos clubes brasileiros. Carlo Ancelotti divulga, nesta segunda-feira, lista de 26 nomes para amistosos contra Senegal e Tun\u00edsia<\/p>\n\n\n\n<p><a href=\"https:\/\/ge.globo.com\/futebol\/futebol-internacional\/noticia\/2025\/11\/03\/como-seria-a-escalacao-da-selecao-com-atletas-que-atuam-no-brasil-veja-times-e-faca-o-seu.ghtml\"><\/a><\/p>\n\n\n\n<figure class=\"wp-block-image\"><a href=\"https:\/\/ge.globo.com\/futebol\/futebol-internacional\/noticia\/2025\/11\/03\/como-seria-a-escalacao-da-selecao-com-atletas-que-atuam-no-brasil-veja-times-e-faca-o-seu.ghtml\"><img decoding=\"async\" src=\"https:\/\/s2-ge.glbimg.com\/kL6wnsOgGuNhN27F8UT-OQ3Ovsk=\/540x304\/top\/smart\/https:\/\/i.s3.glbimg.com\/v1\/AUTH_bc8228b6673f488aa253bbcb03c80ec5\/internal_photos\/bs\/2025\/H\/U\/tdjAERQCCWH4ieyI3v7A\/gettyimages-2240246270.jpg\" alt=\"Como seria a escala\u00e7\u00e3o da Sele\u00e7\u00e3o com atletas que atuam no Brasil? Veja times e fa\u00e7a o seu\" title=\"Como seria a escala\u00e7\u00e3o da Sele\u00e7\u00e3o com atletas que atuam no Brasil? Veja times e fa\u00e7a o seu\"\/><\/a><\/figure>\n\n\n\n<p><a href=\"https:\/\/ge.globo.com\/futebol\/futebol-internacional\/noticia\/2025\/11\/03\/como-seria-a-escalacao-da-selecao-com-atletas-que-atuam-no-brasil-veja-times-e-faca-o-seu.ghtml\"><\/a><\/p>\n\n\n\n<p>sele\u00e7\u00e3o brasileira<\/p>\n\n\n\n<h2 class=\"wp-block-heading\"><a href=\"https:\/\/ge.globo.com\/blogs\/blog-do-alliatti\/post\/2025\/11\/03\/selecao-tateia-em-busca-de-um-centroavante.ghtml\">Sele\u00e7\u00e3o tateia em busca de um centroavante<\/a><\/h2>\n\n\n\n<p>Ancelotti acerta ao chamar Vitor Roque para amistosos; Richarlison precisa aproveitar convoca\u00e7\u00e3o<\/p>\n\n\n\n<p><a href=\"https:\/\/ge.globo.com\/blogs\/blog-do-alliatti\/post\/2025\/11\/03\/selecao-tateia-em-busca-de-um-centroavante.ghtml\"><\/a><\/p>\n\n\n\n<figure class=\"wp-block-image\"><a href=\"https:\/\/ge.globo.com\/blogs\/blog-do-alliatti\/post\/2025\/11\/03\/selecao-tateia-em-busca-de-um-centroavante.ghtml\"><img decoding=\"async\" src=\"https:\/\/s2-ge.glbimg.com\/Rw0fxeDuOzYVO8_vUV3tQcfEDpU=\/540x304\/top\/smart\/https:\/\/i.s3.glbimg.com\/v1\/AUTH_bc8228b6673f488aa253bbcb03c80ec5\/internal_photos\/bs\/2025\/v\/n\/dO3IerTkmY1tU8NbNH6g\/agif25101520584639.jpg\" alt=\"Sele\u00e7\u00e3o tateia em busca de um centroavante\" title=\"Sele\u00e7\u00e3o tateia em busca de um centroavante\"\/><\/a><\/figure>\n\n\n\n<p><a href=\"https:\/\/ge.globo.com\/blogs\/blog-do-alliatti\/post\/2025\/11\/03\/selecao-tateia-em-busca-de-um-centroavante.ghtml\"><\/a><\/p>\n\n\n\n<p>blog do alliatti<\/p>\n\n\n\n<h2 class=\"wp-block-heading\"><a href=\"https:\/\/ge.globo.com\/ba\/futebol\/times\/bahia\/noticia\/2025\/11\/03\/luciano-juba-do-bahia-vibra-com-primeira-convocacao-para-a-selecao-sonho-de-crianca.ghtml\">Luciano Juba, do Bahia, vibra com primeira convoca\u00e7\u00e3o para a Sele\u00e7\u00e3o: &#8220;Sonho de crian\u00e7a&#8221;<\/a><\/h2>\n\n\n\n<p>Assista \u00e0 rea\u00e7\u00e3o do lateral ao ter o nome anunciado por Carlo Ancelotti<\/p>\n\n\n\n<p><a href=\"https:\/\/ge.globo.com\/ba\/futebol\/times\/bahia\/noticia\/2025\/11\/03\/luciano-juba-do-bahia-vibra-com-primeira-convocacao-para-a-selecao-sonho-de-crianca.ghtml\"><\/a><\/p>\n\n\n\n<figure class=\"wp-block-image\"><a href=\"https:\/\/ge.globo.com\/ba\/futebol\/times\/bahia\/noticia\/2025\/11\/03\/luciano-juba-do-bahia-vibra-com-primeira-convocacao-para-a-selecao-sonho-de-crianca.ghtml\"><img decoding=\"async\" src=\"https:\/\/s2-ge.glbimg.com\/pZo1sjA61z8Ohh5Xl_jgymM783o=\/540x304\/top\/smart\/https:\/\/i.s3.glbimg.com\/v1\/AUTH_bc8228b6673f488aa253bbcb03c80ec5\/internal_photos\/bs\/2025\/h\/i\/ArBXExQvunvtCstFmbLw\/agif25071222220491.jpg\" alt=\"Luciano Juba, do Bahia, vibra com primeira convoca\u00e7\u00e3o para a Sele\u00e7\u00e3o: &quot;Sonho de crian\u00e7a&quot;\" title=\"Luciano Juba, do Bahia, vibra com primeira convoca\u00e7\u00e3o para a Sele\u00e7\u00e3o: &quot;Sonho de crian\u00e7a&quot;\"\/><\/a><\/figure>\n\n\n\n<p><a href=\"https:\/\/ge.globo.com\/ba\/futebol\/times\/bahia\/noticia\/2025\/11\/03\/luciano-juba-do-bahia-vibra-com-primeira-convocacao-para-a-selecao-sonho-de-crianca.ghtml\"><\/a><\/p>\n\n\n\n<p>bahia<\/p>\n\n\n\n<figure class=\"wp-block-embed\"><div class=\"wp-block-embed__wrapper\">\nhttps:\/\/8473bf34e179edf9ff3e242da22c76d4.safeframe.googlesyndication.com\/safeframe\/1-0-45\/html\/container.html\n<\/div><\/figure>\n\n\n\n<h2 class=\"wp-block-heading\"><a href=\"https:\/\/ge.globo.com\/futebol\/times\/flamengo\/noticia\/2025\/11\/03\/convocados-para-a-selecao-danilo-e-alex-sandro-vao-desfalcar-o-flamengo-entenda.ghtml\">Convocados para a Sele\u00e7\u00e3o, Danilo e Alex Sandro v\u00e3o desfalcar o Flamengo; entenda<\/a><\/h2>\n\n\n\n<p>Jogadores foram chamados por Carlo Ancelotti para amistosos em novembro<\/p>\n\n\n\n<p><a href=\"https:\/\/ge.globo.com\/futebol\/times\/flamengo\/noticia\/2025\/11\/03\/convocados-para-a-selecao-danilo-e-alex-sandro-vao-desfalcar-o-flamengo-entenda.ghtml\"><\/a><\/p>\n\n\n\n<figure class=\"wp-block-image\"><a href=\"https:\/\/ge.globo.com\/futebol\/times\/flamengo\/noticia\/2025\/11\/03\/convocados-para-a-selecao-danilo-e-alex-sandro-vao-desfalcar-o-flamengo-entenda.ghtml\"><img decoding=\"async\" src=\"https:\/\/s2-ge.glbimg.com\/moS_e7egLD9uOM4vjao70KYSDLk=\/540x304\/top\/smart\/https:\/\/i.s3.glbimg.com\/v1\/AUTH_bc8228b6673f488aa253bbcb03c80ec5\/internal_photos\/bs\/2025\/Y\/D\/gTxE5wTieLhnmN9gIe7g\/54786233277-b50b9081bc-o.jpg\" alt=\"Convocados para a Sele\u00e7\u00e3o, Danilo e Alex Sandro v\u00e3o desfalcar o Flamengo; entenda\" title=\"Convocados para a Sele\u00e7\u00e3o, Danilo e Alex Sandro v\u00e3o desfalcar o Flamengo; entenda\"\/><\/a><\/figure>\n\n\n\n<p><a href=\"https:\/\/ge.globo.com\/futebol\/times\/flamengo\/noticia\/2025\/11\/03\/convocados-para-a-selecao-danilo-e-alex-sandro-vao-desfalcar-o-flamengo-entenda.ghtml\"><\/a><\/p>\n\n\n\n<p>flamengo<\/p>\n\n\n\n<h2 class=\"wp-block-heading\"><a href=\"https:\/\/ge.globo.com\/futebol\/times\/vasco\/noticia\/2025\/11\/03\/ancelotti-elogia-paulo-henrique-e-ambiente-de-jogo-do-vasco-sao-januario-e-espetacular.ghtml\">Ancelotti elogia Paulo Henrique e ambiente de jogo do Vasco: &#8220;S\u00e3o Janu\u00e1rio \u00e9 espetacular&#8221;<\/a><\/h2>\n\n\n\n<p>T\u00e9cnico da sele\u00e7\u00e3o brasileira, que voltou a convocar o lateral-direito nesta segunda-feira, assistiu do est\u00e1dio \u00e0 partida contra o S\u00e3o Paulo<\/p>\n\n\n\n<p><a href=\"https:\/\/ge.globo.com\/futebol\/times\/vasco\/noticia\/2025\/11\/03\/ancelotti-elogia-paulo-henrique-e-ambiente-de-jogo-do-vasco-sao-januario-e-espetacular.ghtml\"><\/a><\/p>\n\n\n\n<figure class=\"wp-block-image\"><a href=\"https:\/\/ge.globo.com\/futebol\/times\/vasco\/noticia\/2025\/11\/03\/ancelotti-elogia-paulo-henrique-e-ambiente-de-jogo-do-vasco-sao-januario-e-espetacular.ghtml\"><img decoding=\"async\" src=\"https:\/\/s2-ge.glbimg.com\/mr9e3NSz3_Uzn85cIUOrqmPBMv0=\/540x304\/top\/smart\/https:\/\/i.s3.glbimg.com\/v1\/AUTH_bc8228b6673f488aa253bbcb03c80ec5\/internal_photos\/bs\/2025\/K\/Y\/By0qk2TES9yIQZKp43cA\/agif25110221121344.jpg\" alt=\"Ancelotti elogia Paulo Henrique e ambiente de jogo do Vasco: &quot;S\u00e3o Janu\u00e1rio \u00e9 espetacular&quot;\" title=\"Ancelotti elogia Paulo Henrique e ambiente de jogo do Vasco: &quot;S\u00e3o Janu\u00e1rio \u00e9 espetacular&quot;\"\/><\/a><\/figure>\n\n\n\n<p><a href=\"https:\/\/ge.globo.com\/futebol\/times\/vasco\/noticia\/2025\/11\/03\/ancelotti-elogia-paulo-henrique-e-ambiente-de-jogo-do-vasco-sao-januario-e-espetacular.ghtml\"><\/a><\/p>\n\n\n\n<p>vasco<\/p>\n\n\n\n<h2 class=\"wp-block-heading\"><a href=\"https:\/\/ge.globo.com\/futebol\/libertadores\/noticia\/2025\/11\/03\/conmebol-define-uniformes-de-palmeiras-e-flamengo-para-a-final-da-libertadores.ghtml\">Conmebol define uniformes de Palmeiras e Flamengo para a final da Libertadores<\/a><\/h2>\n\n\n\n<p>Fla pediu e foi atendido pela entidade para usar a camisa rubro-negra no confronto com o time paulista, no dia 29 de novembro, em Lima<\/p>\n\n\n\n<p><a href=\"https:\/\/ge.globo.com\/futebol\/libertadores\/noticia\/2025\/11\/03\/conmebol-define-uniformes-de-palmeiras-e-flamengo-para-a-final-da-libertadores.ghtml\"><\/a><\/p>\n\n\n\n<figure class=\"wp-block-image\"><a href=\"https:\/\/ge.globo.com\/futebol\/libertadores\/noticia\/2025\/11\/03\/conmebol-define-uniformes-de-palmeiras-e-flamengo-para-a-final-da-libertadores.ghtml\"><img decoding=\"async\" src=\"https:\/\/s2-ge.glbimg.com\/03A_VhBwqYaVNN53rccQt639JiM=\/540x304\/top\/smart\/https:\/\/i.s3.glbimg.com\/v1\/AUTH_bc8228b6673f488aa253bbcb03c80ec5\/internal_photos\/bs\/2025\/X\/r\/GWen3SSgSjQn0zj0njaA\/fla-pal.jpg\" alt=\"Conmebol define uniformes de Palmeiras e Flamengo para a final da Libertadores\" title=\"Conmebol define uniformes de Palmeiras e Flamengo para a final da Libertadores\"\/><\/a><\/figure>\n\n\n\n<p><a href=\"https:\/\/ge.globo.com\/futebol\/libertadores\/noticia\/2025\/11\/03\/conmebol-define-uniformes-de-palmeiras-e-flamengo-para-a-final-da-libertadores.ghtml\"><\/a><\/p>\n\n\n\n<p>libertadores<\/p>\n\n\n\n<h2 class=\"wp-block-heading\"><a href=\"https:\/\/ge.globo.com\/futebol\/times\/corinthians\/noticia\/2025\/11\/03\/convocado-hugo-souza-explica-recuperacao-no-corinthians-lutei-para-voltar-pensando-no-clube.ghtml\">Convocado pela Sele\u00e7\u00e3o, Hugo Souza explica recupera\u00e7\u00e3o no Corinthians: &#8220;Lutei para voltar pensando no clube&#8221;<\/a><\/h2>\n\n\n\n<p>Goleiro corintiano teve luxa\u00e7\u00e3o no ombro esquerdo e ficou fora de uma partida antes de retornar contra o Gr\u00eamio, no dia anterior \u00e0 convoca\u00e7\u00e3o da sele\u00e7\u00e3o brasileira<\/p>\n\n\n\n<p><a href=\"https:\/\/ge.globo.com\/futebol\/times\/corinthians\/noticia\/2025\/11\/03\/convocado-hugo-souza-explica-recuperacao-no-corinthians-lutei-para-voltar-pensando-no-clube.ghtml\"><\/a><\/p>\n\n\n\n<figure class=\"wp-block-image\"><a href=\"https:\/\/ge.globo.com\/futebol\/times\/corinthians\/noticia\/2025\/11\/03\/convocado-hugo-souza-explica-recuperacao-no-corinthians-lutei-para-voltar-pensando-no-clube.ghtml\"><img decoding=\"async\" src=\"https:\/\/s2-ge.glbimg.com\/R1Ci_Fqbv8ujjIv-mgo_0QPgJGI=\/540x304\/top\/smart\/https:\/\/i.s3.glbimg.com\/v1\/AUTH_bc8228b6673f488aa253bbcb03c80ec5\/internal_photos\/bs\/2025\/C\/a\/iS3uXLTZW8JPPiUPxtGw\/agenciacorinthians-foto-239836.jpg\" alt=\"Convocado pela Sele\u00e7\u00e3o, Hugo Souza explica recupera\u00e7\u00e3o no Corinthians: &quot;Lutei para voltar pensando no clube&quot;\" title=\"Convocado pela Sele\u00e7\u00e3o, Hugo Souza explica recupera\u00e7\u00e3o no Corinthians: &quot;Lutei para voltar pensando no clube&quot;\"\/><\/a><\/figure>\n\n\n\n<p><a href=\"https:\/\/ge.globo.com\/futebol\/times\/corinthians\/noticia\/2025\/11\/03\/convocado-hugo-souza-explica-recuperacao-no-corinthians-lutei-para-voltar-pensando-no-clube.ghtml\"><\/a><\/p>\n\n\n\n<p>corinthians<\/p>\n\n\n\n<figure class=\"wp-block-embed\"><div class=\"wp-block-embed__wrapper\">\nhttps:\/\/8473bf34e179edf9ff3e242da22c76d4.safeframe.googlesyndication.com\/safeframe\/1-0-45\/html\/container.html\n<\/div><\/figure>\n\n\n\n<h2 class=\"wp-block-heading\"><a href=\"https:\/\/ge.globo.com\/ba\/futebol\/times\/bahia\/noticia\/2025\/11\/03\/ancelotti-elogia-perfil-tecnico-de-luciano-juba-merece-ser-avaliado.ghtml\">Carlo Ancelotti elogia &#8220;perfil t\u00e9cnico&#8221; de Luciano Juba: &#8220;Merece ser avaliado&#8221;<\/a><\/h2>\n\n\n\n<p>Lateral do Bahia \u00e9 convocado pela primeira vez para defender a sele\u00e7\u00e3o brasileira<\/p>\n\n\n\n<p><a href=\"https:\/\/ge.globo.com\/ba\/futebol\/times\/bahia\/noticia\/2025\/11\/03\/ancelotti-elogia-perfil-tecnico-de-luciano-juba-merece-ser-avaliado.ghtml\"><\/a><\/p>\n\n\n\n<figure class=\"wp-block-image\"><a href=\"https:\/\/ge.globo.com\/ba\/futebol\/times\/bahia\/noticia\/2025\/11\/03\/ancelotti-elogia-perfil-tecnico-de-luciano-juba-merece-ser-avaliado.ghtml\"><img decoding=\"async\" src=\"https:\/\/s2-ge.glbimg.com\/1lYIpA_Q9CN9kosFIAaNtnNX854=\/540x304\/top\/smart\/https:\/\/i.s3.glbimg.com\/v1\/AUTH_bc8228b6673f488aa253bbcb03c80ec5\/internal_photos\/bs\/2025\/j\/t\/sli1gaStOODzH3SOtyEg\/4.jpg\" alt=\"Carlo Ancelotti elogia &quot;perfil t\u00e9cnico&quot; de Luciano Juba: &quot;Merece ser avaliado&quot;\" title=\"Carlo Ancelotti elogia &quot;perfil t\u00e9cnico&quot; de Luciano Juba: &quot;Merece ser avaliado&quot;\"\/><\/a><\/figure>\n\n\n\n<p><a href=\"https:\/\/ge.globo.com\/ba\/futebol\/times\/bahia\/noticia\/2025\/11\/03\/ancelotti-elogia-perfil-tecnico-de-luciano-juba-merece-ser-avaliado.ghtml\"><\/a><\/p>\n\n\n\n<p>bahia<\/p>\n\n\n\n<h2 class=\"wp-block-heading\"><a href=\"https:\/\/ge.globo.com\/sp\/santos-e-regiao\/futebol\/times\/santos\/noticia\/2025\/11\/03\/treino-do-santos-neymar-faz-atividade-regenerativa-e-mayke-inicia-transicao-no-gramado.ghtml\">Treino do Santos: Neymar faz atividade regenerativa, e Mayke inicia transi\u00e7\u00e3o no gramado<\/a><\/h2>\n\n\n\n<p>Peixe se prepara para enfrentar o Palmeiras na pr\u00f3xima quinta-feira, no Allianz Parque<\/p>\n\n\n\n<p><a href=\"https:\/\/ge.globo.com\/sp\/santos-e-regiao\/futebol\/times\/santos\/noticia\/2025\/11\/03\/treino-do-santos-neymar-faz-atividade-regenerativa-e-mayke-inicia-transicao-no-gramado.ghtml\"><\/a><\/p>\n\n\n\n<figure class=\"wp-block-image\"><a href=\"https:\/\/ge.globo.com\/sp\/santos-e-regiao\/futebol\/times\/santos\/noticia\/2025\/11\/03\/treino-do-santos-neymar-faz-atividade-regenerativa-e-mayke-inicia-transicao-no-gramado.ghtml\"><img decoding=\"async\" src=\"https:\/\/s2-ge.glbimg.com\/_ZRZWPGUXoP-xQaxJCUpj5x6UKQ=\/540x304\/top\/smart\/https:\/\/i.s3.glbimg.com\/v1\/AUTH_bc8228b6673f488aa253bbcb03c80ec5\/internal_photos\/bs\/2025\/a\/A\/NL3fqJTjWBdbh6Vu34sw\/54893302939-01ec1c6e2d-c.jpg\" alt=\"Treino do Santos: Neymar faz atividade regenerativa, e Mayke inicia transi\u00e7\u00e3o no gramado\" title=\"Treino do Santos: Neymar faz atividade regenerativa, e Mayke inicia transi\u00e7\u00e3o no gramado\"\/><\/a><\/figure>\n\n\n\n<p><a href=\"https:\/\/ge.globo.com\/sp\/santos-e-regiao\/futebol\/times\/santos\/noticia\/2025\/11\/03\/treino-do-santos-neymar-faz-atividade-regenerativa-e-mayke-inicia-transicao-no-gramado.ghtml\"><\/a><\/p>\n\n\n\n<p>santos<\/p>\n\n\n\n<h2 class=\"wp-block-heading\"><a href=\"https:\/\/ge.globo.com\/futebol\/times\/flamengo\/noticia\/2025\/11\/03\/flamengo-avalia-volta-de-pedro-com-imobilizacao-em-duas-semanas-ortiz-esta-fora-contra-o-sao-paulo.ghtml\">Flamengo avalia volta de Pedro com imobiliza\u00e7\u00e3o em duas semanas; Ortiz est\u00e1 fora contra o S\u00e3o Paulo<\/a><\/h2>\n\n\n\n<p>Jorginho, Carrascal, Cebolinha e Bruno Henrique tamb\u00e9m ser\u00e3o desfalques na quarta-feira<\/p>\n\n\n\n<p><a href=\"https:\/\/ge.globo.com\/futebol\/times\/flamengo\/noticia\/2025\/11\/03\/flamengo-avalia-volta-de-pedro-com-imobilizacao-em-duas-semanas-ortiz-esta-fora-contra-o-sao-paulo.ghtml\"><\/a><\/p>\n\n\n\n<figure class=\"wp-block-image\"><a href=\"https:\/\/ge.globo.com\/futebol\/times\/flamengo\/noticia\/2025\/11\/03\/flamengo-avalia-volta-de-pedro-com-imobilizacao-em-duas-semanas-ortiz-esta-fora-contra-o-sao-paulo.ghtml\"><img decoding=\"async\" src=\"https:\/\/s2-ge.glbimg.com\/e51-NZB9pfI_GqZrhm1_BHvdaPc=\/540x304\/top\/smart\/https:\/\/i.s3.glbimg.com\/v1\/AUTH_bc8228b6673f488aa253bbcb03c80ec5\/internal_photos\/bs\/2025\/Z\/R\/llUvuASqWD5STTp45uBw\/20-2-.jpg\" alt=\"Flamengo avalia volta de Pedro com imobiliza\u00e7\u00e3o em duas semanas; Ortiz est\u00e1 fora contra o S\u00e3o Paulo\" title=\"Flamengo avalia volta de Pedro com imobiliza\u00e7\u00e3o em duas semanas; Ortiz est\u00e1 fora contra o S\u00e3o Paulo\"\/><\/a><\/figure>\n\n\n\n<p><a href=\"https:\/\/ge.globo.com\/futebol\/times\/flamengo\/noticia\/2025\/11\/03\/flamengo-avalia-volta-de-pedro-com-imobilizacao-em-duas-semanas-ortiz-esta-fora-contra-o-sao-paulo.ghtml\"><\/a><\/p>\n\n\n\n<p>flamengo<\/p>\n\n\n\n<h2 class=\"wp-block-heading\"><a href=\"https:\/\/ge.globo.com\/futebol\/times\/flamengo\/noticia\/2025\/11\/03\/ct-que-flamengo-usara-na-final-da-libertadores-abriga-treinos-da-selecao-peruana-conheca.ghtml\">CT que Flamengo usar\u00e1 na final da Libertadores abriga treinos da sele\u00e7\u00e3o peruana; conhe\u00e7a<\/a><\/h2>\n\n\n\n<p>Delega\u00e7\u00e3o rubro-negra pretende chegar a Lima na quarta e treinar\u00e1 dois dias na capital do Peru<\/p>\n\n\n\n<p><a href=\"https:\/\/ge.globo.com\/futebol\/times\/flamengo\/noticia\/2025\/11\/03\/ct-que-flamengo-usara-na-final-da-libertadores-abriga-treinos-da-selecao-peruana-conheca.ghtml\"><\/a><\/p>\n\n\n\n<figure class=\"wp-block-image\"><a href=\"https:\/\/ge.globo.com\/futebol\/times\/flamengo\/noticia\/2025\/11\/03\/ct-que-flamengo-usara-na-final-da-libertadores-abriga-treinos-da-selecao-peruana-conheca.ghtml\"><img decoding=\"async\" src=\"https:\/\/s2-ge.glbimg.com\/OpBULtcR7Yg0eSxYo9etMVdvvIM=\/540x304\/top\/smart\/https:\/\/i.s3.glbimg.com\/v1\/AUTH_bc8228b6673f488aa253bbcb03c80ec5\/internal_photos\/bs\/2024\/T\/J\/5v0s9XQ3O39nnXV9pfzA\/videna-national-sports-complex-masterplan-01.jpg\" alt=\"CT que Flamengo usar\u00e1 na final da Libertadores abriga treinos da sele\u00e7\u00e3o peruana; conhe\u00e7a\" title=\"CT que Flamengo usar\u00e1 na final da Libertadores abriga treinos da sele\u00e7\u00e3o peruana; conhe\u00e7a\"\/><\/a><\/figure>\n\n\n\n<p><a href=\"https:\/\/ge.globo.com\/futebol\/times\/flamengo\/noticia\/2025\/11\/03\/ct-que-flamengo-usara-na-final-da-libertadores-abriga-treinos-da-selecao-peruana-conheca.ghtml\"><\/a><\/p>\n\n\n\n<p>flamengo<\/p>\n\n\n\n<h2 class=\"wp-block-heading\"><a href=\"https:\/\/ge.globo.com\/futebol\/times\/sao-paulo\/noticia\/2025\/11\/03\/luiz-gustavo-admite-necessidade-de-mudancas-no-sao-paulo-em-2026-muita-coisa-para-organizar.ghtml\">Luiz Gustavo admite necessidade de mudan\u00e7as no S\u00e3o Paulo em 2026: &#8220;Muita coisa para organizar&#8221;<\/a><\/h2>\n\n\n\n<p>Meio-campista refor\u00e7a luta por vaga na Libertadores, pede apoio da torcida e cita necessidade de transforma\u00e7\u00e3o no clube: &#8220;Para que n\u00e3o precisemos passar pelas coisas que passamos neste ano&#8221;<\/p>\n\n\n\n<p><a href=\"https:\/\/ge.globo.com\/futebol\/times\/sao-paulo\/noticia\/2025\/11\/03\/luiz-gustavo-admite-necessidade-de-mudancas-no-sao-paulo-em-2026-muita-coisa-para-organizar.ghtml\"><\/a><\/p>\n\n\n\n<figure class=\"wp-block-image\"><a href=\"https:\/\/ge.globo.com\/futebol\/times\/sao-paulo\/noticia\/2025\/11\/03\/luiz-gustavo-admite-necessidade-de-mudancas-no-sao-paulo-em-2026-muita-coisa-para-organizar.ghtml\"><img decoding=\"async\" src=\"https:\/\/s2-ge.glbimg.com\/P_tVM1UfXiX8pNml38VCecux-uI=\/540x304\/top\/smart\/https:\/\/i.s3.glbimg.com\/v1\/AUTH_bc8228b6673f488aa253bbcb03c80ec5\/internal_photos\/bs\/2025\/v\/J\/wAr4U2SAep8hVjHxmBkg\/g4y7uedw4aabnw6.jpg\" alt=\"Luiz Gustavo admite necessidade de mudan\u00e7as no S\u00e3o Paulo em 2026: &quot;Muita coisa para organizar&quot;\" title=\"Luiz Gustavo admite necessidade de mudan\u00e7as no S\u00e3o Paulo em 2026: &quot;Muita coisa para organizar&quot;\"\/><\/a><\/figure>\n\n\n\n<p><a href=\"https:\/\/ge.globo.com\/futebol\/times\/sao-paulo\/noticia\/2025\/11\/03\/luiz-gustavo-admite-necessidade-de-mudancas-no-sao-paulo-em-2026-muita-coisa-para-organizar.ghtml\"><\/a><\/p>\n\n\n\n<p>s\u00e3o paulo<\/p>\n\n\n\n<h2 class=\"wp-block-heading\"><a href=\"https:\/\/ge.globo.com\/futebol\/times\/cruzeiro\/noticia\/2025\/11\/03\/tecnico-do-cruzeiro-explica-porque-barrou-saida-de-zagueiro-que-nao-joga-desde-maio-o-sacrifiquei-em-prol-do-clube.ghtml\">T\u00e9cnico do Cruzeiro explica por que barrou sa\u00edda de zagueiro que n\u00e3o joga desde maio: &#8220;O sacrifiquei em prol do clube&#8221;<\/a><\/h2>\n\n\n\n<p>Mateo Gamarra chegou ao clube em fevereiro, mas n\u00e3o conseguiu se firmar na equipe<\/p>\n\n\n\n<p><a href=\"https:\/\/ge.globo.com\/futebol\/times\/cruzeiro\/noticia\/2025\/11\/03\/tecnico-do-cruzeiro-explica-porque-barrou-saida-de-zagueiro-que-nao-joga-desde-maio-o-sacrifiquei-em-prol-do-clube.ghtml\"><\/a><\/p>\n\n\n\n<figure class=\"wp-block-image\"><a href=\"https:\/\/ge.globo.com\/futebol\/times\/cruzeiro\/noticia\/2025\/11\/03\/tecnico-do-cruzeiro-explica-porque-barrou-saida-de-zagueiro-que-nao-joga-desde-maio-o-sacrifiquei-em-prol-do-clube.ghtml\"><img decoding=\"async\" src=\"https:\/\/s2-ge.glbimg.com\/e2jiGxapIySK6B9-_i_elbTUd4Y=\/540x304\/top\/smart\/https:\/\/i.s3.glbimg.com\/v1\/AUTH_bc8228b6673f488aa253bbcb03c80ec5\/internal_photos\/bs\/2025\/W\/v\/2WdOL3S4e6XAHh3qHF9w\/54702187955-51291eb627-k.jpg\" alt=\"T\u00e9cnico do Cruzeiro explica por que barrou sa\u00edda de zagueiro que n\u00e3o joga desde maio: &quot;O sacrifiquei em prol do clube&quot;\" title=\"T\u00e9cnico do Cruzeiro explica por que barrou sa\u00edda de zagueiro que n\u00e3o joga desde maio: &quot;O sacrifiquei em prol do clube&quot;\"\/><\/a><\/figure>\n\n\n\n<p><a href=\"https:\/\/ge.globo.com\/futebol\/times\/cruzeiro\/noticia\/2025\/11\/03\/tecnico-do-cruzeiro-explica-porque-barrou-saida-de-zagueiro-que-nao-joga-desde-maio-o-sacrifiquei-em-prol-do-clube.ghtml\"><\/a><\/p>\n\n\n\n<p>cruzeiro<\/p>\n\n\n\n<h2 class=\"wp-block-heading\"><a href=\"https:\/\/ge.globo.com\/futebol\/times\/palmeiras\/noticia\/2025\/11\/03\/palmeiras-vende-mais-de-30-mil-ingressos-para-classico-contra-o-santos-veja-como-comprar.ghtml\">Palmeiras vende mais de 30 mil ingressos para cl\u00e1ssico contra o Santos; veja como comprar<\/a><\/h2>\n\n\n\n<p>Verd\u00e3o encara o rival na pr\u00f3xima quinta-feira, \u00e0s 21h30, no Allianz Parque, e ter\u00e1 casa cheia<\/p>\n\n\n\n<p><a href=\"https:\/\/ge.globo.com\/futebol\/times\/palmeiras\/noticia\/2025\/11\/03\/palmeiras-vende-mais-de-30-mil-ingressos-para-classico-contra-o-santos-veja-como-comprar.ghtml\"><\/a><\/p>\n\n\n\n<figure class=\"wp-block-image\"><a href=\"https:\/\/ge.globo.com\/futebol\/times\/palmeiras\/noticia\/2025\/11\/03\/palmeiras-vende-mais-de-30-mil-ingressos-para-classico-contra-o-santos-veja-como-comprar.ghtml\"><img decoding=\"async\" src=\"https:\/\/s2-ge.glbimg.com\/JlB3iGYXasxauLvmV5ql4doaONc=\/540x304\/top\/smart\/https:\/\/i.s3.glbimg.com\/v1\/AUTH_bc8228b6673f488aa253bbcb03c80ec5\/internal_photos\/bs\/2025\/u\/i\/VVdaTNTe2aiq1b8UDKHg\/g4ikxyyxgaeixmz.jpg\" alt=\"Palmeiras vende mais de 30 mil ingressos para cl\u00e1ssico contra o Santos; veja como comprar\" title=\"Palmeiras vende mais de 30 mil ingressos para cl\u00e1ssico contra o Santos; veja como comprar\"\/><\/a><\/figure>\n\n\n\n<p><a href=\"https:\/\/ge.globo.com\/futebol\/times\/palmeiras\/noticia\/2025\/11\/03\/palmeiras-vende-mais-de-30-mil-ingressos-para-classico-contra-o-santos-veja-como-comprar.ghtml\"><\/a><\/p>\n\n\n\n<p>palmeiras<\/p>\n\n\n\n<p>AME<img decoding=\"async\" src=\"https:\/\/s.sde.globo.com\/media\/organizations\/2024\/05\/07\/AMRICA-mg-65.png\"><\/p>\n\n\n\n<p><strong>2<\/strong><\/p>\n\n\n\n<p><strong>2<\/strong><\/p>\n\n\n\n<p><img decoding=\"async\" src=\"https:\/\/s.sde.globo.com\/media\/organizations\/2017\/02\/14\/Novorizontino-65.png\">NOV<\/p>\n\n\n\n<h2 class=\"wp-block-heading\"><a href=\"https:\/\/ge.globo.com\/mg\/zona-da-mata-centro-oeste\/futebol\/brasileirao-serie-b\/jogo\/03-11-2025\/america-mg-novorizontino.ghtml\">Com final eletrizante, Am\u00e9rica-MG e Novorizontino empatam pela S\u00e9rie B<\/a><\/h2>\n\n\n\n<p>Resultado impediu Tigre entrar no G-4 e manteve o Coelho ainda com chances de rebaixamento<\/p>\n\n\n\n<p>VRE<img decoding=\"async\" src=\"https:\/\/s.sde.globo.com\/media\/organizations\/2021\/04\/28\/vrfc-65.png\"><\/p>\n\n\n\n<p><strong>0<\/strong><\/p>\n\n\n\n<p><strong>1<\/strong><\/p>\n\n\n\n<p><img decoding=\"async\" src=\"https:\/\/s.sde.globo.com\/media\/organizations\/2024\/05\/15\/BFC_65x65.png\">BSP<\/p>\n\n\n\n<h2 class=\"wp-block-heading\"><a href=\"https:\/\/ge.globo.com\/rj\/sul-do-rio-costa-verde\/futebol\/brasileirao-serie-b\/jogo\/03-11-2025\/volta-redonda-botafogo-sp.ghtml\">L\u00e9o Gamalho marca, Botafogo-SP vence o Volta Redonda e deixa o Z-4<\/a><\/h2>\n\n\n\n<p>Centroavante sai do banco, sofre p\u00eanalti e garante os tr\u00eas pontos; Volta\u00e7o fica perto do rebaixamento<\/p>\n\n\n\n<h2 class=\"wp-block-heading\"><a href=\"https:\/\/ge.globo.com\/combate\/noticia\/2025\/11\/03\/luta-do-ufc-causa-suspeita-em-casas-de-apostas-e-americano-e-dispensado-apos-derrota.ghtml\">Luta do UFC causa suspeita em casas de apostas, e americano \u00e9 dispensado ap\u00f3s derrota<\/a><\/h2>\n\n\n\n<p>Isaac Dulgarian era muito favorito at\u00e9 horas antes do duelo do \u00faltimo s\u00e1bado, mas palpites suspeitos no cubano Yair Del Valle, que venceu o duelo no primeiro round, fazem operadoras ressarcir clientes<\/p>\n\n\n\n<p><a href=\"https:\/\/ge.globo.com\/combate\/noticia\/2025\/11\/03\/luta-do-ufc-causa-suspeita-em-casas-de-apostas-e-americano-e-dispensado-apos-derrota.ghtml\"><\/a><\/p>\n\n\n\n<figure class=\"wp-block-image\"><a href=\"https:\/\/ge.globo.com\/combate\/noticia\/2025\/11\/03\/luta-do-ufc-causa-suspeita-em-casas-de-apostas-e-americano-e-dispensado-apos-derrota.ghtml\"><img decoding=\"async\" src=\"https:\/\/s2-ge.glbimg.com\/F6rYGJfAEUkiGGaipgK0ub5XrGc=\/540x304\/top\/smart\/https:\/\/i.s3.glbimg.com\/v1\/AUTH_bc8228b6673f488aa253bbcb03c80ec5\/internal_photos\/bs\/2025\/m\/8\/PyvB0tTLa5q1xgZBRuPA\/gettyimages-2244536522-1-.jpg\" alt=\"Luta do UFC causa suspeita em casas de apostas, e americano \u00e9 dispensado ap\u00f3s derrota\" title=\"Luta do UFC causa suspeita em casas de apostas, e americano \u00e9 dispensado ap\u00f3s derrota\"\/><\/a><\/figure>\n\n\n\n<p><a href=\"https:\/\/ge.globo.com\/combate\/noticia\/2025\/11\/03\/luta-do-ufc-causa-suspeita-em-casas-de-apostas-e-americano-e-dispensado-apos-derrota.ghtml\"><\/a><\/p>\n\n\n\n<p>combate<\/p>\n\n\n\n<p>FLA<img decoding=\"async\" src=\"https:\/\/s.sde.globo.com\/media\/organizations\/2018\/04\/09\/Flamengo-65.png\"><\/p>\n\n\n\n<p><strong>3<\/strong><\/p>\n\n\n\n<p><strong>0<\/strong><\/p>\n\n\n\n<p><img decoding=\"async\" src=\"https:\/\/s.sde.globo.com\/media\/organizations\/2015\/07\/21\/sport65.png\">SPT<\/p>\n\n\n\n<h2 class=\"wp-block-heading\"><a href=\"https:\/\/ge.globo.com\/rj\/futebol\/brasileirao-serie-a\/jogo\/01-11-2025\/flamengo-sport.ghtml\">Flamengo bate o Sport e assume lideran\u00e7a provis\u00f3ria do Brasileir\u00e3o<\/a><\/h2>\n\n\n\n<p>Bruno Henrique marca duas vezes e Arrascaeta faz gola\u00e7o de falta<\/p>\n\n\n\n<h2 class=\"wp-block-heading\"><a href=\"https:\/\/ge.globo.com\/sp\/campinas-e-regiao\/noticia\/2025\/11\/03\/ex-ponte-anuncia-o-fim-da-carreira-apos-luta-contra-o-cancer-estou-enfim-curado.ghtml\">Ex-Ponte anuncia o fim da carreira ap\u00f3s luta contra o c\u00e2ncer: &#8220;Estou, enfim, curado&#8221;<\/a><\/h2>\n\n\n\n<p>Aos 35 anos, lateral-esquerdo Breno Lopes deixa os gramados, mas diz que seguir\u00e1 no futebol fora das quatro linhas<\/p>\n\n\n\n<p><a href=\"https:\/\/ge.globo.com\/sp\/campinas-e-regiao\/noticia\/2025\/11\/03\/ex-ponte-anuncia-o-fim-da-carreira-apos-luta-contra-o-cancer-estou-enfim-curado.ghtml\"><\/a><\/p>\n\n\n\n<figure class=\"wp-block-image\"><a href=\"https:\/\/ge.globo.com\/sp\/campinas-e-regiao\/noticia\/2025\/11\/03\/ex-ponte-anuncia-o-fim-da-carreira-apos-luta-contra-o-cancer-estou-enfim-curado.ghtml\"><img decoding=\"async\" src=\"https:\/\/s2-ge.glbimg.com\/gtJpew5CfFhDIWYDqiUs-UGRI78=\/540x304\/top\/smart\/http:\/\/s.glbimg.com\/es\/ge\/f\/original\/2016\/12\/15\/breno1.jpg\" alt=\"Ex-Ponte anuncia o fim da carreira ap\u00f3s luta contra o c\u00e2ncer: &quot;Estou, enfim, curado&quot;\" title=\"Ex-Ponte anuncia o fim da carreira ap\u00f3s luta contra o c\u00e2ncer: &quot;Estou, enfim, curado&quot;\"\/><\/a><\/figure>\n\n\n\n<p><a href=\"https:\/\/ge.globo.com\/sp\/campinas-e-regiao\/noticia\/2025\/11\/03\/ex-ponte-anuncia-o-fim-da-carreira-apos-luta-contra-o-cancer-estou-enfim-curado.ghtml\"><\/a><\/p>\n\n\n\n<p>campinas e regi\u00e3o<\/p>\n\n\n\n<h2 class=\"wp-block-heading\"><a href=\"https:\/\/ge.globo.com\/pr\/futebol\/times\/coritiba\/noticia\/2025\/11\/03\/coritiba-pode-confirmar-o-acesso-antecipado-ja-contra-o-paysandu-veja-as-contas.ghtml\">Coritiba pode confirmar o acesso antecipado \u00e0 S\u00e9rie A contra o Paysandu? Veja as contas<\/a><\/h2>\n\n\n\n<p>Entenda os cen\u00e1rios que envolvem a possibilidade de volta \u00e0 elite do futebol brasileiro para o Coxa j\u00e1 na pr\u00f3xima rodada, diante do rebaixado Paysandu<\/p>\n\n\n\n<p><a href=\"https:\/\/ge.globo.com\/pr\/futebol\/times\/coritiba\/noticia\/2025\/11\/03\/coritiba-pode-confirmar-o-acesso-antecipado-ja-contra-o-paysandu-veja-as-contas.ghtml\"><\/a><\/p>\n\n\n\n<figure class=\"wp-block-image\"><a href=\"https:\/\/ge.globo.com\/pr\/futebol\/times\/coritiba\/noticia\/2025\/11\/03\/coritiba-pode-confirmar-o-acesso-antecipado-ja-contra-o-paysandu-veja-as-contas.ghtml\"><img decoding=\"async\" src=\"https:\/\/s2-ge.glbimg.com\/JSkCRg5nUIYByekA7p-XyxBp47A=\/540x304\/top\/smart\/https:\/\/i.s3.glbimg.com\/v1\/AUTH_bc8228b6673f488aa253bbcb03c80ec5\/internal_photos\/bs\/2025\/v\/4\/1iIP3lSuSuIMHi3T4J8A\/572837502-18535197703060473-5728670312602923375-n.jpg\" alt=\"Coritiba pode confirmar o acesso antecipado \u00e0 S\u00e9rie A contra o Paysandu? Veja as contas\" title=\"Coritiba pode confirmar o acesso antecipado \u00e0 S\u00e9rie A contra o Paysandu? Veja as contas\"\/><\/a><\/figure>\n\n\n\n<p><a href=\"https:\/\/ge.globo.com\/pr\/futebol\/times\/coritiba\/noticia\/2025\/11\/03\/coritiba-pode-confirmar-o-acesso-antecipado-ja-contra-o-paysandu-veja-as-contas.ghtml\"><\/a><\/p>\n\n\n\n<p>coritiba<\/p>\n\n\n\n<h2 class=\"wp-block-heading\"><a href=\"https:\/\/ge.globo.com\/futebol\/times\/flamengo\/noticia\/2025\/11\/03\/varela-diz-que-enfrentar-a-ldu-na-final-da-libertadores-seria-melhor-para-o-flamengo.ghtml\">Varela diz que enfrentar a LDU na final da Libertadores &#8220;seria melhor&#8221; para o Flamengo<\/a><\/h2>\n\n\n\n<p>Em coletiva, lateral afirma que, do outro lado, o Palmeiras tamb\u00e9m iria preferir ter o Racing como advers\u00e1rio na decis\u00e3o do pr\u00f3ximo dia 29<\/p>\n\n\n\n<p><a href=\"https:\/\/ge.globo.com\/futebol\/times\/flamengo\/noticia\/2025\/11\/03\/varela-diz-que-enfrentar-a-ldu-na-final-da-libertadores-seria-melhor-para-o-flamengo.ghtml\"><\/a><\/p>\n\n\n\n<figure class=\"wp-block-image\"><a href=\"https:\/\/ge.globo.com\/futebol\/times\/flamengo\/noticia\/2025\/11\/03\/varela-diz-que-enfrentar-a-ldu-na-final-da-libertadores-seria-melhor-para-o-flamengo.ghtml\"><img decoding=\"async\" src=\"https:\/\/s2-ge.glbimg.com\/vON4oKMXvkRndYxgq3rJ3RhpeVY=\/540x304\/top\/smart\/https:\/\/i.s3.glbimg.com\/v1\/AUTH_bc8228b6673f488aa253bbcb03c80ec5\/internal_photos\/bs\/2025\/f\/O\/frAJr1T0aUoKZ6GxUYWw\/whatsapp-image-2025-11-03-at-12.26.00.jpeg\" alt=\"Varela diz que enfrentar a LDU na final da Libertadores &quot;seria melhor&quot; para o Flamengo\" title=\"Varela diz que enfrentar a LDU na final da Libertadores &quot;seria melhor&quot; para o Flamengo\"\/><\/a><\/figure>\n\n\n\n<p><a href=\"https:\/\/ge.globo.com\/futebol\/times\/flamengo\/noticia\/2025\/11\/03\/varela-diz-que-enfrentar-a-ldu-na-final-da-libertadores-seria-melhor-para-o-flamengo.ghtml\"><\/a><\/p>\n\n\n\n<p>flamengo<\/p>\n\n\n\n<h2 class=\"wp-block-heading\"><a href=\"https:\/\/ge.globo.com\/futebol\/futebol-internacional\/liga-dos-campeoes\/noticia\/2025\/11\/04\/liverpool-x-real-madrid-na-champions-onde-assistir-ao-vivo-e-horario.ghtml\">Liverpool x Real Madrid na Champions: onde assistir ao vivo e hor\u00e1rio<\/a><\/h2>\n\n\n\n<p>Oscilando na temporada, time ingl\u00eas recebe equipe espanhola, com 100% de aproveitamento na Liga dos Campe\u00f5es<\/p>\n\n\n\n<p><a href=\"https:\/\/ge.globo.com\/futebol\/futebol-internacional\/liga-dos-campeoes\/noticia\/2025\/11\/04\/liverpool-x-real-madrid-na-champions-onde-assistir-ao-vivo-e-horario.ghtml\"><\/a><a href=\"https:\/\/ge.globo.com\/futebol\/futebol-internacional\/liga-dos-campeoes\/noticia\/2025\/11\/04\/liverpool-x-real-madrid-na-champions-onde-assistir-ao-vivo-e-horario.ghtml\">4 min<\/a><\/p>\n\n\n\n<p>liga dos campe\u00f5es<\/p>\n\n\n\n<h2 class=\"wp-block-heading\"><a href=\"https:\/\/ge.globo.com\/futebol\/futebol-internacional\/liga-dos-campeoes\/noticia\/2025\/11\/04\/psg-x-bayern-de-munique-na-champions-league-onde-assistir-ao-vivo-e-horario.ghtml\">PSG x Bayern de Munique na Champions League: onde assistir ao vivo e hor\u00e1rio<\/a><\/h2>\n\n\n\n<p>Duelo re\u00fane os dois times com melhor campanha at\u00e9 aqui na competi\u00e7\u00e3o; acompanhe em Tempo Real no ge a partir das 17h<\/p>\n\n\n\n<p><a href=\"https:\/\/ge.globo.com\/futebol\/futebol-internacional\/liga-dos-campeoes\/noticia\/2025\/11\/04\/psg-x-bayern-de-munique-na-champions-league-onde-assistir-ao-vivo-e-horario.ghtml\"><\/a><\/p>\n\n\n\n<figure class=\"wp-block-image\"><a href=\"https:\/\/ge.globo.com\/futebol\/futebol-internacional\/liga-dos-campeoes\/noticia\/2025\/11\/04\/psg-x-bayern-de-munique-na-champions-league-onde-assistir-ao-vivo-e-horario.ghtml\"><img decoding=\"async\" src=\"https:\/\/s2-ge.glbimg.com\/n0yJJWrIvBmd10r5XQWhyp37X1g=\/540x304\/top\/smart\/https:\/\/i.s3.glbimg.com\/v1\/AUTH_bc8228b6673f488aa253bbcb03c80ec5\/internal_photos\/bs\/2025\/Z\/F\/2ZJ4CBR3WVOMqDQSnHsw\/keane-rei.jpg\" alt=\"PSG x Bayern de Munique na Champions League: onde assistir ao vivo e hor\u00e1rio\" title=\"PSG x Bayern de Munique na Champions League: onde assistir ao vivo e hor\u00e1rio\"\/><\/a><\/figure>\n\n\n\n<p><a href=\"https:\/\/ge.globo.com\/futebol\/futebol-internacional\/liga-dos-campeoes\/noticia\/2025\/11\/04\/psg-x-bayern-de-munique-na-champions-league-onde-assistir-ao-vivo-e-horario.ghtml\"><\/a><\/p>\n\n\n\n<p>liga dos campe\u00f5es<\/p>\n","protected":false},"excerpt":{"rendered":"<p>Esses ser\u00e3o os dois \u00faltimos jogos do Brasil em 2025. A Sele\u00e7\u00e3o enfrentar\u00e1 Senegal no dia 15 de novembro, no est\u00e1dio Emirates, em Londres, na Inglaterra, e a Tun\u00edsia no<\/p>\n","protected":false},"author":1,"featured_media":10126,"comment_status":"closed","ping_status":"closed","sticky":false,"template":"","format":"standard","meta":[],"categories":[1],"tags":[],"_links":{"self":[{"href":"https:\/\/7ports.com.br\/index.php?rest_route=\/wp\/v2\/posts\/10125"}],"collection":[{"href":"https:\/\/7ports.com.br\/index.php?rest_route=\/wp\/v2\/posts"}],"about":[{"href":"https:\/\/7ports.com.br\/index.php?rest_route=\/wp\/v2\/types\/post"}],"author":[{"embeddable":true,"href":"https:\/\/7ports.com.br\/index.php?rest_route=\/wp\/v2\/users\/1"}],"replies":[{"embeddable":true,"href":"https:\/\/7ports.com.br\/index.php?rest_route=%2Fwp%2Fv2%2Fcomments&post=10125"}],"version-history":[{"count":1,"href":"https:\/\/7ports.com.br\/index.php?rest_route=\/wp\/v2\/posts\/10125\/revisions"}],"predecessor-version":[{"id":10127,"href":"https:\/\/7ports.com.br\/index.php?rest_route=\/wp\/v2\/posts\/10125\/revisions\/10127"}],"wp:featuredmedia":[{"embeddable":true,"href":"https:\/\/7ports.com.br\/index.php?rest_route=\/wp\/v2\/media\/10126"}],"wp:attachment":[{"href":"https:\/\/7ports.com.br\/index.php?rest_route=%2Fwp%2Fv2%2Fmedia&parent=10125"}],"wp:term":[{"taxonomy":"category","embeddable":true,"href":"https:\/\/7ports.com.br\/index.php?rest_route=%2Fwp%2Fv2%2Fcategories&post=10125"},{"taxonomy":"post_tag","embeddable":true,"href":"https:\/\/7ports.com.br\/index.php?rest_route=%2Fwp%2Fv2%2Ftags&post=10125"}],"curies":[{"name":"wp","href":"https:\/\/api.w.org\/{rel}","templated":true}]}}