
{"id":10132,"date":"2025-11-04T01:51:33","date_gmt":"2025-11-04T04:51:33","guid":{"rendered":"https:\/\/7ports.com.br\/?p=10132"},"modified":"2025-11-20T22:07:20","modified_gmt":"2025-11-21T01:07:20","slug":"quem-sao-115-de-117-suspeitos-mortos-em-megaoperacao-no-rio-segundo-a-policia","status":"publish","type":"post","link":"https:\/\/7ports.com.br\/?p=10132","title":{"rendered":"Quem s\u00e3o 115 de 117 suspeitos mortos em megaopera\u00e7\u00e3o no Rio, segundo a pol\u00edcia"},"content":{"rendered":"\n<figure class=\"wp-block-image\"><img decoding=\"async\" src=\"https:\/\/ichef.bbci.co.uk\/ace\/ws\/640\/cpsprodpb\/92e1\/live\/bedfb5f0-b897-11f0-b2a1-6f537f66f9aa.jpg.webp\" alt=\"Funcion\u00e1rio da Defensoria P\u00fablica abra\u00e7a uma mulher ap\u00f3s uma opera\u00e7\u00e3o policial que resultou em mortes devido ao tr\u00e1fico de drogas em uma favela do bairro da Penha, em frente a um necrot\u00e9rio.\"\/><figcaption class=\"wp-element-caption\">Legenda da foto,Pol\u00edcia do Rio identificou nomes de 115 dos 117 mortos na megaopera\u00e7\u00e3o<\/figcaption><\/figure>\n\n\n\n<p>3 novembro 2025<\/p>\n\n\n\n<p>A Pol\u00edcia Civil do Rio de Janeiro divulgou na noite de domingo (2\/11) a lista com os nomes de 115 dos&nbsp;<a href=\"https:\/\/www.bbc.com\/portuguese\/articles\/c625z2n88pxo\">117 suspeitos mortos na megaopera\u00e7\u00e3o<\/a>&nbsp;realizada nos complexos da Penha e do Alem\u00e3o na semana passada.<\/p>\n\n\n\n<p>A opera\u00e7\u00e3o tamb\u00e9m deixou um saldo de quatro policiais mortos. Segundo a pol\u00edcia, dois mortos ainda n\u00e3o foram identificados, com per\u00edcias inconclusivas at\u00e9 o momento.<\/p>\n\n\n\n<p>A&nbsp;<a href=\"https:\/\/www.bbc.com\/portuguese\/articles\/cdx4qjpl2eko\">opera\u00e7\u00e3o policial contra o Comando Vermelho<\/a>&nbsp;realizada na ter\u00e7a-feira da semana passada (28\/10) foi a mais letal j\u00e1 registrada no pa\u00eds. Ela envolveu 2,5 mil agentes das for\u00e7as de seguran\u00e7a do Rio de Janeiro para cumprir 180 mandados de busca e apreens\u00e3o e 100 mandados de pris\u00e3o em uma \u00e1rea de 9 milh\u00f5es de metros quadrados.<\/p>\n\n\n\n<p>A opera\u00e7\u00e3o n\u00e3o atingiu parte da c\u00fapula do Comando Vermelho:<a href=\"https:\/\/www.bbc.com\/portuguese\/articles\/cgr4qy9zpjdo\">&nbsp;Edgard Alves de Andrade, o Doca, apontado como maior l\u00edder da fac\u00e7\u00e3o em liberdade<\/a>, segue sendo procurado. Assim como Pedro Paulo Guedes, o Pedro Bala, Juan Pedro Ramos, o BMW, e Carlos da Costa Neves, o Gardenal.<\/p>\n\n\n\n<p>Movimentos de direitos humanos classificam a&nbsp;<a href=\"https:\/\/www.bbc.com\/portuguese\/articles\/cyv8nrlll0yo\">opera\u00e7\u00e3o como &#8220;chacina&#8221;<\/a>&nbsp;e questionam sua efic\u00e1cia como pol\u00edtica de seguran\u00e7a. O grande n\u00famero de v\u00edtimas tamb\u00e9m foi&nbsp;<a href=\"https:\/\/www.bbc.com\/portuguese\/articles\/cwypplnvj94o\">criticado pelo Alto Comissariado dos Direitos Humanos das Na\u00e7\u00f5es Unidas<\/a>, que se disse &#8220;horrorizado&#8221; com a opera\u00e7\u00e3o nas favelas.<\/p>\n\n\n\n<p>Ao todo, 113 pessoas foram presas.<\/p>\n\n\n\n<p><a href=\"https:\/\/www.bbc.com\/portuguese\/articles\/ce3xwk9z59ko#end-of-recommendations\">Pule Mais lidas e continue lendo<\/a><\/p>\n\n\n\n<p><strong>Mais lidas<\/strong><\/p>\n\n\n\n<ul>\n<li><img decoding=\"async\" src=\"https:\/\/ichef.bbci.co.uk\/ace\/ws\/660\/cpsprodpb\/92e1\/live\/bedfb5f0-b897-11f0-b2a1-6f537f66f9aa.jpg.webp\" srcset=\"https:\/\/ichef.bbci.co.uk\/ace\/ws\/70\/cpsprodpb\/92e1\/live\/bedfb5f0-b897-11f0-b2a1-6f537f66f9aa.jpg.webp 70w, https:\/\/ichef.bbci.co.uk\/ace\/ws\/95\/cpsprodpb\/92e1\/live\/bedfb5f0-b897-11f0-b2a1-6f537f66f9aa.jpg.webp 95w, https:\/\/ichef.bbci.co.uk\/ace\/ws\/144\/cpsprodpb\/92e1\/live\/bedfb5f0-b897-11f0-b2a1-6f537f66f9aa.jpg.webp 144w, https:\/\/ichef.bbci.co.uk\/ace\/ws\/183\/cpsprodpb\/92e1\/live\/bedfb5f0-b897-11f0-b2a1-6f537f66f9aa.jpg.webp 183w, https:\/\/ichef.bbci.co.uk\/ace\/ws\/240\/cpsprodpb\/92e1\/live\/bedfb5f0-b897-11f0-b2a1-6f537f66f9aa.jpg.webp 240w, https:\/\/ichef.bbci.co.uk\/ace\/ws\/320\/cpsprodpb\/92e1\/live\/bedfb5f0-b897-11f0-b2a1-6f537f66f9aa.jpg.webp 320w, https:\/\/ichef.bbci.co.uk\/ace\/ws\/660\/cpsprodpb\/92e1\/live\/bedfb5f0-b897-11f0-b2a1-6f537f66f9aa.jpg.webp 660w\" alt=\"Funcion\u00e1rio da Defensoria P\u00fablica abra\u00e7a uma mulher ap\u00f3s uma opera\u00e7\u00e3o policial que resultou em mortes devido ao tr\u00e1fico de drogas em uma favela do bairro da Penha, em frente a um necrot\u00e9rio.\"><a href=\"https:\/\/www.bbc.com\/portuguese\/articles\/ce3xwk9z59ko\">Quem s\u00e3o 115 de 117 suspeitos mortos em megaopera\u00e7\u00e3o no Rio, segundo a pol\u00edcia<\/a><\/li>\n\n\n\n<li><img decoding=\"async\" src=\"https:\/\/ichef.bbci.co.uk\/ace\/ws\/660\/cpsprodpb\/2e5b\/live\/524bf600-b6ae-11f0-b2a1-6f537f66f9aa.jpg.webp\" srcset=\"https:\/\/ichef.bbci.co.uk\/ace\/ws\/70\/cpsprodpb\/2e5b\/live\/524bf600-b6ae-11f0-b2a1-6f537f66f9aa.jpg.webp 70w, https:\/\/ichef.bbci.co.uk\/ace\/ws\/95\/cpsprodpb\/2e5b\/live\/524bf600-b6ae-11f0-b2a1-6f537f66f9aa.jpg.webp 95w, https:\/\/ichef.bbci.co.uk\/ace\/ws\/144\/cpsprodpb\/2e5b\/live\/524bf600-b6ae-11f0-b2a1-6f537f66f9aa.jpg.webp 144w, https:\/\/ichef.bbci.co.uk\/ace\/ws\/183\/cpsprodpb\/2e5b\/live\/524bf600-b6ae-11f0-b2a1-6f537f66f9aa.jpg.webp 183w, https:\/\/ichef.bbci.co.uk\/ace\/ws\/240\/cpsprodpb\/2e5b\/live\/524bf600-b6ae-11f0-b2a1-6f537f66f9aa.jpg.webp 240w, https:\/\/ichef.bbci.co.uk\/ace\/ws\/320\/cpsprodpb\/2e5b\/live\/524bf600-b6ae-11f0-b2a1-6f537f66f9aa.jpg.webp 320w, https:\/\/ichef.bbci.co.uk\/ace\/ws\/660\/cpsprodpb\/2e5b\/live\/524bf600-b6ae-11f0-b2a1-6f537f66f9aa.jpg.webp 660w\" alt=\"Carro queimado durante opera\u00e7\u00e3o\"><a href=\"https:\/\/www.bbc.com\/portuguese\/articles\/cd677vydl8do\">&#8216;Bateram nela, puxaram o cabelo dela. E n\u00e3o tinha ningu\u00e9m l\u00e1 dentro&#8217;: a faxineira presa por fazer live da pol\u00edcia em sua casa durante opera\u00e7\u00e3o no Rio<\/a><\/li>\n\n\n\n<li><img decoding=\"async\" src=\"https:\/\/ichef.bbci.co.uk\/ace\/ws\/660\/cpsprodpb\/4234\/live\/32740f10-b66e-11f0-bb84-5d792dcc8544.jpg.webp\" srcset=\"https:\/\/ichef.bbci.co.uk\/ace\/ws\/70\/cpsprodpb\/4234\/live\/32740f10-b66e-11f0-bb84-5d792dcc8544.jpg.webp 70w, https:\/\/ichef.bbci.co.uk\/ace\/ws\/95\/cpsprodpb\/4234\/live\/32740f10-b66e-11f0-bb84-5d792dcc8544.jpg.webp 95w, https:\/\/ichef.bbci.co.uk\/ace\/ws\/144\/cpsprodpb\/4234\/live\/32740f10-b66e-11f0-bb84-5d792dcc8544.jpg.webp 144w, https:\/\/ichef.bbci.co.uk\/ace\/ws\/183\/cpsprodpb\/4234\/live\/32740f10-b66e-11f0-bb84-5d792dcc8544.jpg.webp 183w, https:\/\/ichef.bbci.co.uk\/ace\/ws\/240\/cpsprodpb\/4234\/live\/32740f10-b66e-11f0-bb84-5d792dcc8544.jpg.webp 240w, https:\/\/ichef.bbci.co.uk\/ace\/ws\/320\/cpsprodpb\/4234\/live\/32740f10-b66e-11f0-bb84-5d792dcc8544.jpg.webp 320w, https:\/\/ichef.bbci.co.uk\/ace\/ws\/660\/cpsprodpb\/4234\/live\/32740f10-b66e-11f0-bb84-5d792dcc8544.jpg.webp 660w\" alt=\"Um close-up do rosto do sarc\u00f3fago dourado de Tutanc\u00e2mon.\"><a href=\"https:\/\/www.bbc.com\/portuguese\/articles\/cjw99yx83n7o\">Tumba do fara\u00f3 Tutanc\u00e2mon \u00e9 exibida por inteiro pela primeira vez em novo museu eg\u00edpcio<\/a><\/li>\n\n\n\n<li><img decoding=\"async\" src=\"https:\/\/ichef.bbci.co.uk\/ace\/ws\/660\/cpsprodpb\/d087\/live\/3cdc8fa0-b672-11f0-bb84-5d792dcc8544.jpg.webp\" srcset=\"https:\/\/ichef.bbci.co.uk\/ace\/ws\/70\/cpsprodpb\/d087\/live\/3cdc8fa0-b672-11f0-bb84-5d792dcc8544.jpg.webp 70w, https:\/\/ichef.bbci.co.uk\/ace\/ws\/95\/cpsprodpb\/d087\/live\/3cdc8fa0-b672-11f0-bb84-5d792dcc8544.jpg.webp 95w, https:\/\/ichef.bbci.co.uk\/ace\/ws\/144\/cpsprodpb\/d087\/live\/3cdc8fa0-b672-11f0-bb84-5d792dcc8544.jpg.webp 144w, https:\/\/ichef.bbci.co.uk\/ace\/ws\/183\/cpsprodpb\/d087\/live\/3cdc8fa0-b672-11f0-bb84-5d792dcc8544.jpg.webp 183w, https:\/\/ichef.bbci.co.uk\/ace\/ws\/240\/cpsprodpb\/d087\/live\/3cdc8fa0-b672-11f0-bb84-5d792dcc8544.jpg.webp 240w, https:\/\/ichef.bbci.co.uk\/ace\/ws\/320\/cpsprodpb\/d087\/live\/3cdc8fa0-b672-11f0-bb84-5d792dcc8544.jpg.webp 320w, https:\/\/ichef.bbci.co.uk\/ace\/ws\/660\/cpsprodpb\/d087\/live\/3cdc8fa0-b672-11f0-bb84-5d792dcc8544.jpg.webp 660w\" alt=\"Menino, que aparece de costas, segura bandeira do Brasil manchada com tinta vermelha em manifesta\u00e7\u00e3o.\"><a href=\"https:\/\/www.bbc.com\/portuguese\/articles\/c625z2n88pxo\">Corpos dos 117 mortos na opera\u00e7\u00e3o no Rio s\u00e3o liberados do IML; apoio \u00e0 a\u00e7\u00e3o da pol\u00edcia \u00e9 majorit\u00e1rio no Brasil, no Rio e em favelas cariocas, diz pesquisa<\/a><\/li>\n<\/ul>\n\n\n\n<p id=\"end-of-recommendations\">Fim do Mais lidas<\/p>\n\n\n\n<p>Sobre os mortos na opera\u00e7\u00e3o, a pol\u00edcia do Rio afirmou em nota que &#8220;mais de 95% dos identificados tinham liga\u00e7\u00e3o comprovada com o Comando Vermelho e 54% eram de fora do Estado&#8221;.<\/p>\n\n\n\n<p><a href=\"https:\/\/www.bbc.com\/portuguese\/articles\/ce3xwk9z59ko#end-of-podcasts\">Pule Whatsapp! e continue lendo<\/a><\/p>\n\n\n\n<figure class=\"wp-block-image\"><img decoding=\"async\" src=\"https:\/\/ichef.bbc.co.uk\/images\/ic\/512x512\/p0lq77dv.png.webp\" alt=\"BBC Brasil no WhatsAp\"\/><\/figure>\n\n\n\n<p><strong><a href=\"https:\/\/www.whatsapp.com\/channel\/0029VaVHa4S6rsQrlMVx8c0b\">No WhatsApp<\/a><\/strong><\/p>\n\n\n\n<p>Agora voc\u00ea pode receber as not\u00edcias da BBC News Brasil no seu celular.<\/p>\n\n\n\n<p>Clique para se inscrever<\/p>\n\n\n\n<p id=\"end-of-podcasts\">Fim do Whatsapp!<\/p>\n\n\n\n<p>&#8220;O trabalho de intelig\u00eancia desenvolvido pela c\u00fapula de Seguran\u00e7a P\u00fablica do Estado identificou que 59 tinham mandados de pris\u00e3o pendentes, pelo menos 97 apresentavam hist\u00f3ricos criminais relevantes&#8221;, afirma a nota.<\/p>\n\n\n\n<p>As informa\u00e7\u00f5es do governo do Rio tamb\u00e9m indicam que 17 dos mortos identificados n\u00e3o apresentavam hist\u00f3rico criminal. Destes, &#8220;12 apresentaram ind\u00edcios de participa\u00e7\u00e3o no tr\u00e1fico em suas redes sociais&#8221;, afirma a nota.<\/p>\n\n\n\n<p>No documento divulgado, a pol\u00edcia anexou fotos de algumas das postagens que supostamente apontariam para as atividades criminosas dos suspeitos. Em algumas delas, eles aparecem em fotos carregando armas ou usam emojis que, segundo as autoridades, fazem alus\u00e3o \u00e0 bandeira do Comando Vermelho.<\/p>\n\n\n\n<p>Os outros 5 mortos n\u00e3o possuem anota\u00e7\u00f5es criminais e n\u00e3o figuram como autor ou envolvido em registros de ocorr\u00eancia no Rio de Janeiro, de acordo com a pr\u00f3pria pol\u00edcia. Tamb\u00e9m n\u00e3o h\u00e1 ind\u00edcio de envolvimento com o tr\u00e1fico em suas redes sociais.<\/p>\n\n\n\n<p>Ainda segundo o governo carioca, 62 suspeitos mortos s\u00e3o de outros Estados: 19 do Par\u00e1, 12 da Bahia, 9 do Amazonas, 9 de Goi\u00e1s, 4 do Cear\u00e1, 3 do Esp\u00edrito Santo, 2 da Para\u00edba, 1 do Maranh\u00e3o, 1 do Mato Grosso, 1 de S\u00e3o Paulo e 1 do Distrito Federal.<\/p>\n\n\n\n<p>&#8220;A apura\u00e7\u00e3o conclu\u00edda \u00e9 o verdadeiro retrato do cen\u00e1rio que eu venho insistentemente falando. Foi um duro golpe na criminalidade&#8221;, disse o governador Claudio Castro, na nota.<\/p>\n\n\n\n<p>&#8220;Entre os que morreram ao reagir \u00e0 a\u00e7\u00e3o das for\u00e7as policiais, havia diversos l\u00edderes criminosos. Inclusive de outros Estados, como chefes do tr\u00e1fico do Esp\u00edrito Santo, Amazonas, Bahia e Goi\u00e1s. Se n\u00e3o tiver uma integra\u00e7\u00e3o efetiva de poderes e demais entes, sob a \u00f3tica e apoio federal, vamos vencer batalhas, mas n\u00e3o a guerra.&#8221;<\/p>\n\n\n\n<p>O secret\u00e1rio da Pol\u00edcia Civil, delegado Felipe Curi, disse que a lista n\u00e3o encerra o trabalho de investiga\u00e7\u00e3o, e que relat\u00f3rios est\u00e3o sendo produzidos para serem entregues aos \u00f3rg\u00e3os competentes.<\/p>\n\n\n\n<p>Ele disse que a &#8220;m\u00ednima fra\u00e7\u00e3o de narcoterroristas neutralizados que n\u00e3o possu\u00edam anota\u00e7\u00f5es criminais, nem imagens em redes sociais portando armas ou demonstrando v\u00ednculo com fac\u00e7\u00f5es criminosas n\u00e3o significa nada&#8221;.<\/p>\n\n\n\n<p>&#8220;Se eles n\u00e3o tivessem reagido \u00e0 abordagem dos policiais, teriam sido presos em flagrante pelo porte de fuzis, granadas e artefatos explosivos, por tentativa de homic\u00eddio contra os agentes de seguran\u00e7a e tamb\u00e9m pelos crimes de organiza\u00e7\u00e3o criminosa e associa\u00e7\u00e3o para o tr\u00e1fico de drogas. Portanto, s\u00e3o narcoterroristas que sa\u00edram do anonimato&#8221;, disse o delegado.<\/p>\n\n\n\n<h2 class=\"wp-block-heading\" id=\"A-lista-dos-mortos-na-megaopera\u00e7\u00e3o\">A lista dos mortos na megaopera\u00e7\u00e3o<\/h2>\n\n\n\n<p>Os nomes dos 115 mortos divulgados pela Pol\u00edcia Civil s\u00e3o:<\/p>\n\n\n\n<ul>\n<li>Adailton Bruno Schmitz da Silva<\/li>\n\n\n\n<li>Adan Pablo Alves de Oliveira<\/li>\n\n\n\n<li>Aleilson da Cunha Luz Junior<\/li>\n\n\n\n<li>Alessandro Alves de Souza<\/li>\n\n\n\n<li>Alessandro Alves Silva<\/li>\n\n\n\n<li>Alessandro Martins Moreira de Oliveira<\/li>\n\n\n\n<li>Anderson da Silva Severo<\/li>\n\n\n\n<li>Andr\u00e9 Luiz Ferreira Mendes Junior<\/li>\n\n\n\n<li>Arlen Jo\u00e3o de Almeida<\/li>\n\n\n\n<li>Brendon C\u00e9sar da Silva Souza<\/li>\n\n\n\n<li>Bruno Almeida de Oliveira<\/li>\n\n\n\n<li>Bruno Correa da Costa<\/li>\n\n\n\n<li>Bruno dos Santos Raimundo<\/li>\n\n\n\n<li>Carlos Eduardo Santos Fel\u00edcio<\/li>\n\n\n\n<li>Carlos Henrique Castro Soares da Silva<\/li>\n\n\n\n<li>Cau\u00e3n Fernandes do Carmo Soares<\/li>\n\n\n\n<li>C\u00e9lio Guimar\u00e3es J\u00fanior<\/li>\n\n\n\n<li>Cleideson Silva da Cunha<\/li>\n\n\n\n<li>Cleiton Cesar Dias Mello<\/li>\n\n\n\n<li>Cleiton Souza da Silva<\/li>\n\n\n\n<li>Cleiton Souza da Silva<\/li>\n\n\n\n<li>Cleys Bandeira da Silva<\/li>\n\n\n\n<li>Danilo Ferreira do Amor Divino<\/li>\n\n\n\n<li>Diego dos Santos Muniz<\/li>\n\n\n\n<li>Diogo Garcez Santos Silva<\/li>\n\n\n\n<li>Diogo Souza Nunes<\/li>\n\n\n\n<li>Douglas Concei\u00e7\u00e3o de Souza<\/li>\n\n\n\n<li>Douglas Henrique Sim\u00f5es da Costa<\/li>\n\n\n\n<li>Eder Alves de Souza<\/li>\n\n\n\n<li>Edione dos Santos Dias<\/li>\n\n\n\n<li>Edson de Magalh\u00e3es Pinto<\/li>\n\n\n\n<li>Eliel Castro de Jesus<\/li>\n\n\n\n<li>Emerson Pereira Solidade<\/li>\n\n\n\n<li>Erick Vieira de Paiva<\/li>\n\n\n\n<li>Evandro da Silva Machado<\/li>\n\n\n\n<li>Fabian Alves Martins<\/li>\n\n\n\n<li>Fabiano Martins Amancio<\/li>\n\n\n\n<li>Fabio Francisco Santana Sales<\/li>\n\n\n\n<li>Fabricio dos Santos da Silva<\/li>\n\n\n\n<li>Felipe da Silva<\/li>\n\n\n\n<li>Fernando Henrique dos Santos<\/li>\n\n\n\n<li>Francisco Machado dos Santos<\/li>\n\n\n\n<li>Francisco Myller Moreira da Cunha<\/li>\n\n\n\n<li>Francisco Nataniel Alves Gon\u00e7alves<\/li>\n\n\n\n<li>Francisco Teixeira Parente<\/li>\n\n\n\n<li>Gabriel Lemos Vasconcelos<\/li>\n\n\n\n<li>Gilberto Nascimento da Rocha<\/li>\n\n\n\n<li>Gustavo Souza de Oliveira<\/li>\n\n\n\n<li>Hercules Salles de Lima<\/li>\n\n\n\n<li>Hito Jos\u00e9 Pereira Bastos<\/li>\n\n\n\n<li>Jean Alex Santos Campos<\/li>\n\n\n\n<li>Jeanderson Bismarque Soares de Almeida<\/li>\n\n\n\n<li>Jonas de Azeredo Vieira<\/li>\n\n\n\n<li>J\u00f4natas Ferreira Santos<\/li>\n\n\n\n<li>Jonatha Daniel Barros da Silva<\/li>\n\n\n\n<li>Jorge Benedito Correa Barbosa<\/li>\n\n\n\n<li>Jorge Santos dos Anjos<\/li>\n\n\n\n<li>Jos\u00e9 Paulo Nascimento Fernandes<\/li>\n\n\n\n<li>Josigledson de Freitas Silva<\/li>\n\n\n\n<li>Juan Marciel Pinho de Souza<\/li>\n\n\n\n<li>Kau\u00e3 de Souza Rodrigues da Silva<\/li>\n\n\n\n<li>Kau\u00e3 Teixeira dos Santos<\/li>\n\n\n\n<li>Keven Vinicius Sousa Ramos<\/li>\n\n\n\n<li>Kleber Izaias dos Santos<\/li>\n\n\n\n<li>Leonardo Fernandes da Rocha<\/li>\n\n\n\n<li>Luan Carlos Dias Pastana<\/li>\n\n\n\n<li>Luan Carlos Marcolino de Alc\u00e2ntara<\/li>\n\n\n\n<li>Lucas Alves Araujo<\/li>\n\n\n\n<li>Lucas da Concei\u00e7\u00e3o<\/li>\n\n\n\n<li>Lucas da Silva Lima<\/li>\n\n\n\n<li>Lucas Guedes Marques<\/li>\n\n\n\n<li>Luciano Ramos Silva<\/li>\n\n\n\n<li>Luiz Carlos de Jesus Andrade<\/li>\n\n\n\n<li>Luiz Claudio da Silva Santos<\/li>\n\n\n\n<li>Luiz Eduardo da Silva Mattos<\/li>\n\n\n\n<li>Maicon Pyterson da Silva<\/li>\n\n\n\n<li>Maicon Thomaz Vilela da Silva<\/li>\n\n\n\n<li>Marcio da Silva de Jesus<\/li>\n\n\n\n<li>Marcos Adriano Azevedo de Almeida<\/li>\n\n\n\n<li>Marcos Antonio Silva Junior<\/li>\n\n\n\n<li>Marcos Aurelio Amaral Carreira<\/li>\n\n\n\n<li>Marcos Vinicius da Silva Lima<\/li>\n\n\n\n<li>Marllon de Melo Felisberto<\/li>\n\n\n\n<li>Maxwel Ara\u00fajo Zacarias<\/li>\n\n\n\n<li>Michel Mendes Pe\u00e7anha<\/li>\n\n\n\n<li>Nailson Miranda da Silva<\/li>\n\n\n\n<li>Nelson Soares Dos Reis Campos<\/li>\n\n\n\n<li>Rafael Correa da Costa<\/li>\n\n\n\n<li>Rafael de Moraes Silva<\/li>\n\n\n\n<li>Ricardo Aquino dos Santos<\/li>\n\n\n\n<li>Richard Souza dos Santos<\/li>\n\n\n\n<li>Robson da Silva Monteiro<\/li>\n\n\n\n<li>Rodolfo Pantoja da Silva<\/li>\n\n\n\n<li>Ronald Oliveira Ricardo<\/li>\n\n\n\n<li>Ronaldo Juli\u00e3o da Silva<\/li>\n\n\n\n<li>Rubens Louren\u00e7o dos Santos<\/li>\n\n\n\n<li>Tarcisio da Silva Carvalho<\/li>\n\n\n\n<li>Tiago Neves Reis<\/li>\n\n\n\n<li>Vanderley Silva Borges<\/li>\n\n\n\n<li>Victor Hugo Rangel de Oliveira<\/li>\n\n\n\n<li>Vitor Ednilson Martins Maia<\/li>\n\n\n\n<li>Wagner Nunes Santana<\/li>\n\n\n\n<li>Waldemar Ribeiro Saraiva<\/li>\n\n\n\n<li>Wallace Barata Pimentel<\/li>\n\n\n\n<li>Wellington Brito dos Santos<\/li>\n\n\n\n<li>Wellington Santos de Jesus<\/li>\n\n\n\n<li>Wellinson de Sena dos Santos<\/li>\n\n\n\n<li>Wendel Francisco dos Santos<\/li>\n\n\n\n<li>Wesley Martins E Silva<\/li>\n\n\n\n<li>William dos Santos Barbosa<\/li>\n\n\n\n<li>Willian Botelho de Freitas Borges<\/li>\n\n\n\n<li>Yago Rakhel Rodrigues Rios<\/li>\n\n\n\n<li>Yan dos Santos Fernandes<\/li>\n\n\n\n<li>Yure Carlos Moth\u00e9 Sobral Palomo<\/li>\n\n\n\n<li>Yuri dos Santos Barreto<\/li>\n<\/ul>\n\n\n\n<p>Os quatro policiais mortos na opera\u00e7\u00e3o j\u00e1 tiveram suas identidades divulgadas na semana passada:<\/p>\n\n\n\n<ul>\n<li>Marcus Vin\u00edcius Cardoso de Carvalho, 51 anos, comiss\u00e1rio da 53\u00aa DP (Mesquita);<\/li>\n\n\n\n<li>Rodrigo Velloso Cabral, 34 anos, da 39\u00aa DP (Pavuna);<\/li>\n\n\n\n<li>Cleiton Serafim Gon\u00e7alves, 42 anos, 3\u00ba sargento do Batalh\u00e3o de Opera\u00e7\u00f5es Policiais Especiais (Bope);<\/li>\n\n\n\n<li>Heber Carvalho da Fonseca, 39 anos, 3\u00ba sargento do Bope.<\/li>\n<\/ul>\n\n\n\n<p><\/p>\n","protected":false},"excerpt":{"rendered":"<p>Pol\u00edcia do Rio identificou nomes de 115 dos 117 mortos na megaopera\u00e7\u00e3o<\/p>\n","protected":false},"author":1,"featured_media":10134,"comment_status":"closed","ping_status":"closed","sticky":false,"template":"","format":"standard","meta":[],"categories":[1],"tags":[],"_links":{"self":[{"href":"https:\/\/7ports.com.br\/index.php?rest_route=\/wp\/v2\/posts\/10132"}],"collection":[{"href":"https:\/\/7ports.com.br\/index.php?rest_route=\/wp\/v2\/posts"}],"about":[{"href":"https:\/\/7ports.com.br\/index.php?rest_route=\/wp\/v2\/types\/post"}],"author":[{"embeddable":true,"href":"https:\/\/7ports.com.br\/index.php?rest_route=\/wp\/v2\/users\/1"}],"replies":[{"embeddable":true,"href":"https:\/\/7ports.com.br\/index.php?rest_route=%2Fwp%2Fv2%2Fcomments&post=10132"}],"version-history":[{"count":2,"href":"https:\/\/7ports.com.br\/index.php?rest_route=\/wp\/v2\/posts\/10132\/revisions"}],"predecessor-version":[{"id":10135,"href":"https:\/\/7ports.com.br\/index.php?rest_route=\/wp\/v2\/posts\/10132\/revisions\/10135"}],"wp:featuredmedia":[{"embeddable":true,"href":"https:\/\/7ports.com.br\/index.php?rest_route=\/wp\/v2\/media\/10134"}],"wp:attachment":[{"href":"https:\/\/7ports.com.br\/index.php?rest_route=%2Fwp%2Fv2%2Fmedia&parent=10132"}],"wp:term":[{"taxonomy":"category","embeddable":true,"href":"https:\/\/7ports.com.br\/index.php?rest_route=%2Fwp%2Fv2%2Fcategories&post=10132"},{"taxonomy":"post_tag","embeddable":true,"href":"https:\/\/7ports.com.br\/index.php?rest_route=%2Fwp%2Fv2%2Ftags&post=10132"}],"curies":[{"name":"wp","href":"https:\/\/api.w.org\/{rel}","templated":true}]}}