
{"id":10147,"date":"2025-11-05T10:03:30","date_gmt":"2025-11-05T13:03:30","guid":{"rendered":"https:\/\/7ports.com.br\/?p=10147"},"modified":"2025-11-05T10:21:40","modified_gmt":"2025-11-05T13:21:40","slug":"dignificante-e-competente","status":"publish","type":"post","link":"https:\/\/7ports.com.br\/?p=10147","title":{"rendered":"DIGNIFICANTE E COMPETENTE"},"content":{"rendered":"\n<p><em>Por Agenor Candido Gomes<\/em><\/p>\n\n\n\n<p>Sinto-me ultrajado \u2014 ainda que n\u00e3o tenha votado no indiv\u00edduo Luiz In\u00e1cio da Silva, presidente do povo brasileiro, mas que, de forma alguma, me representa.<br>A ele somam-se os membros do Congresso Nacional, <strong>sem uma \u00fanica exce\u00e7\u00e3o digna de registro<\/strong>.<\/p>\n\n\n\n<p>Os motivos s\u00e3o muitos, e graves: <strong>condutas inadequadas, declara\u00e7\u00f5es infundadas, invers\u00f5es de conceitos<\/strong> despidas de raz\u00e3o e l\u00f3gica \u2014 e, o mais terr\u00edvel de tudo, <strong>a completa aus\u00eancia de HONRA<\/strong>.<\/p>\n\n\n\n<h3 class=\"wp-block-heading\"><strong>Dignificante<\/strong><\/h3>\n\n\n\n<p>Se o regime fosse mon\u00e1rquico, a dignidade institucional recairia sobre a <strong>Coroa<\/strong>.<br>Entretanto, sendo esta uma <strong>Rep\u00fablica \u2014 ainda que falida \u2014<\/strong>, o peso da honra repousa sobre os ombros do Congresso Nacional.<\/p>\n\n\n\n<p>E por qu\u00ea?<br>Porque seus membros s\u00e3o eleitos pelos votos \u201cconsignados\u201d pelos partidos pol\u00edticos e pelo <strong>povo<\/strong>, que, lamentavelmente, <strong>n\u00e3o tem discernimento suficiente para escolher com base em capacidade cultural e moral<\/strong>, filtrada pelo grande crivo da impoluta <strong>HONRA<\/strong>.<\/p>\n\n\n\n<h3 class=\"wp-block-heading\"><strong>Competente<\/strong><\/h3>\n\n\n\n<p>Compet\u00eancia \u00e9 o requisito m\u00ednimo de qualquer servidor p\u00fablico \u2014 do mais modesto faxineiro ao mais elevado presidente desta malfadada Rep\u00fablica.<\/p>\n\n\n\n<p>A <strong>dignidade<\/strong> est\u00e1 diretamente ligada ao <strong>car\u00e1ter pessoal<\/strong>, fruto da educa\u00e7\u00e3o e de princ\u00edpios forjados em bases s\u00f3lidas e imut\u00e1veis.<br>A <strong>compet\u00eancia<\/strong>, por sua vez, \u00e9 o resultado do \u00eaxito profissional em qualquer \u00e1rea.<\/p>\n\n\n\n<p>Infelizmente, a m\u00e9trica para eleger dirigentes nacionais foi esquecida.<br>E, com isso, <strong>os idiotas se uniram e tomaram o poder<\/strong>, amparados por um conluio que se estende a praticamente todas as institui\u00e7\u00f5es do pa\u00eds.<\/p>\n\n\n\n<p><strong>Lamentavelmente.<\/strong><\/p>\n\n\n\n<h3 class=\"wp-block-heading\"><strong>A corte dos tolos<\/strong><\/h3>\n\n\n\n<p>Os tolos, idiotas, inconsequentes, irrespons\u00e1veis e loucos diplomados assessoram o l\u00edder de um grupo que aplaude at\u00e9 o arroto \u2014 ou o grunhido \u2014 do vassalo \u201cempossado, preso e alforriado\u201d.<\/p>\n\n\n\n<p>Apoiando-o, n\u00e3o por convic\u00e7\u00e3o, mas por identifica\u00e7\u00e3o: veem nele o espelho da pr\u00f3pria mediocridade.<br>Cortejado por <strong>institui\u00e7\u00f5es internacionais de interesses escusos<\/strong>, o governante embriaga-se com elogios baratos, fala do que n\u00e3o entende e opina sem ser chamado.<\/p>\n\n\n\n<p>E o faz sem perceber que, no fundo mais profundo, <strong>habitam apenas os interesses financeiros globais<\/strong>.<\/p>\n\n\n\n<p>O dinheiro, sim, \u00e9 a causa de tudo.<br>Mas tamb\u00e9m \u00e9 o fruto da <strong>compet\u00eancia e do \u00eaxito<\/strong> \u2014 virtudes que a este governo faltam de forma dram\u00e1tica.<\/p>\n","protected":false},"excerpt":{"rendered":"<p>Sinto-me ultrajado \u2014 ainda que n\u00e3o tenha votado no indiv\u00edduo Luiz In\u00e1cio da Silva, presidente do povo brasileiro, , mas que, de forma alguma, me representa.<\/p>\n","protected":false},"author":1,"featured_media":10153,"comment_status":"closed","ping_status":"closed","sticky":false,"template":"","format":"standard","meta":[],"categories":[1],"tags":[],"_links":{"self":[{"href":"https:\/\/7ports.com.br\/index.php?rest_route=\/wp\/v2\/posts\/10147"}],"collection":[{"href":"https:\/\/7ports.com.br\/index.php?rest_route=\/wp\/v2\/posts"}],"about":[{"href":"https:\/\/7ports.com.br\/index.php?rest_route=\/wp\/v2\/types\/post"}],"author":[{"embeddable":true,"href":"https:\/\/7ports.com.br\/index.php?rest_route=\/wp\/v2\/users\/1"}],"replies":[{"embeddable":true,"href":"https:\/\/7ports.com.br\/index.php?rest_route=%2Fwp%2Fv2%2Fcomments&post=10147"}],"version-history":[{"count":3,"href":"https:\/\/7ports.com.br\/index.php?rest_route=\/wp\/v2\/posts\/10147\/revisions"}],"predecessor-version":[{"id":10155,"href":"https:\/\/7ports.com.br\/index.php?rest_route=\/wp\/v2\/posts\/10147\/revisions\/10155"}],"wp:featuredmedia":[{"embeddable":true,"href":"https:\/\/7ports.com.br\/index.php?rest_route=\/wp\/v2\/media\/10153"}],"wp:attachment":[{"href":"https:\/\/7ports.com.br\/index.php?rest_route=%2Fwp%2Fv2%2Fmedia&parent=10147"}],"wp:term":[{"taxonomy":"category","embeddable":true,"href":"https:\/\/7ports.com.br\/index.php?rest_route=%2Fwp%2Fv2%2Fcategories&post=10147"},{"taxonomy":"post_tag","embeddable":true,"href":"https:\/\/7ports.com.br\/index.php?rest_route=%2Fwp%2Fv2%2Ftags&post=10147"}],"curies":[{"name":"wp","href":"https:\/\/api.w.org\/{rel}","templated":true}]}}