
{"id":10186,"date":"2025-11-16T22:49:32","date_gmt":"2025-11-17T01:49:32","guid":{"rendered":"https:\/\/7ports.com.br\/?p=10186"},"modified":"2025-11-16T22:50:43","modified_gmt":"2025-11-17T01:50:43","slug":"maior-porta-avioes-do-eua-entra-no-caribe-em-meio-a-tensao-com-a-venezuela","status":"publish","type":"post","link":"https:\/\/7ports.com.br\/?p=10186","title":{"rendered":"Maior porta-avi\u00f5es do EUA entra no Caribe em meio \u00e0 tens\u00e3o com a Venezuela"},"content":{"rendered":"\n<h3 class=\"wp-block-heading\">A Marinha informou que o Ford e seus navios de escolta cruzaram pela manh\u00e3 a Passagem de Anegada<\/h3>\n\n\n\n<ul>\n<li>Por&nbsp;<strong>Jovem Pan<\/strong><\/li>\n\n\n\n<li>16\/11\/2025 17h15<\/li>\n<\/ul>\n\n\n\n<p>Gladjimi Balisage \/ DoD \/ AFP<img decoding=\"async\" src=\"https:\/\/jpimg.com.br\/uploads\/2025\/11\/afp__20251114__843z6t3__v2__highres__geraldrfordcarrierstrikegroupandusairforceb52jo-721x450.jpg\" alt=\"Gerald R. Ford Carrier Strike Group and U.S. Air Force B-52 Joint Operations\"><\/p>\n\n\n\n<p>A movimenta\u00e7\u00e3o amplia o alcance da &#8216;Opera\u00e7\u00e3o Southern Spear&#8217;<\/p>\n\n\n\n<p>O porta-avi\u00f5es USS Gerald R. Ford, o mais avan\u00e7ado da Marinha dos&nbsp;<a href=\"http:\/\/jovempan.com.br\/tag\/estados-unidos\"><strong>Estados Unidos<\/strong><\/a>, entrou neste domingo (16) no mar do<a href=\"http:\/\/jovempan.com.br\/tag\/caribe\"><strong>&nbsp;Caribe<\/strong><\/a>, intensificando a press\u00e3o militar norte-americana perto da&nbsp;<a href=\"http:\/\/jovempan.com.br\/tag\/venezuela\"><strong>Venezuela<\/strong><\/a>&nbsp;em meio \u00e0 opera\u00e7\u00e3o do governo<a href=\"http:\/\/jovempan.com.br\/tag\/donald-trump\"><strong>&nbsp;Donald Trump<\/strong><\/a>&nbsp;contra embarca\u00e7\u00f5es suspeitas de transportar drogas.<\/p>\n\n\n\n<p>A Marinha informou que o Ford e seus navios de escolta cruzaram pela manh\u00e3 a Passagem de Anegada, pr\u00f3xima \u00e0s Ilhas Virgens Brit\u00e2nicas.<\/p>\n\n\n\n<p><img decoding=\"async\" src=\"https:\/\/ads.stickyadstv.com\/auto-user-sync?_fw_gdpr=0&amp;_fw_gdpr_consent=\"><img decoding=\"async\" src=\"https:\/\/ads.stickyadstv.com\/user-matching?id=2545&amp;_fw_gdpr=0&amp;_fw_gdpr_consent=\"><img decoding=\"async\" src=\"https:\/\/sync.smartadserver.com\/getuid?url=https%3A\/\/v6.truvidplayer.com\/live\/usersync.php%3Fprovider_id%3Dequative%26user_id%3D[sas_uid]&amp;gdpr_consent=&amp;nwid=3356\">about:blankabout:blankabout:blankabout:blankabout:blankabout:blank<\/p>\n\n\n\n<p>A movimenta\u00e7\u00e3o amplia o alcance da \u201cOpera\u00e7\u00e3o Southern Spear\u201d, que desde setembro realizou 20 ataques contra pequenas embarca\u00e7\u00f5es no Caribe e no Pac\u00edfico Leste, resultando em pelo menos 80 mortos. O governo n\u00e3o apresentou evid\u00eancias para sustentar a acusa\u00e7\u00e3o de que os alvos seriam \u201cnarcoterroristas\u201d.<\/p>\n\n\n\n<p>Com a chegada do porta-avi\u00f5es, a miss\u00e3o passa a contar com quase uma dezena de navios e cerca de 12 mil militares, entre marinheiros e fuzileiros.<\/p>\n\n\n\n<p>O grupo de ataque inclui ca\u00e7as, destr\u00f3ieres e aeronaves de apoio. Segundo o comandante da for\u00e7a-tarefa, contra-almirante Paul Lanzilotta, o refor\u00e7o busca \u201cproteger a seguran\u00e7a e a prosperidade do Hemisf\u00e9rio Ocidental contra amea\u00e7as transnacionais\u201d.<\/p>\n\n\n\n<p>O almirante Alvin Holsey, respons\u00e1vel pelas opera\u00e7\u00f5es militares dos EUA no Caribe e na<strong><a href=\"http:\/\/jovempan.com.br\/tag\/america-latina\">&nbsp;Am\u00e9rica Latina<\/a><\/strong>, afirmou que as for\u00e7as americanas \u201cest\u00e3o prontas para enfrentar amea\u00e7as que tentam desestabilizar a regi\u00e3o\u201d. Holsey deixar\u00e1 o comando no pr\u00f3ximo m\u00eas depois de apenas um ano na fun\u00e7\u00e3o.<\/p>\n\n\n\n<p>Em Trinidad e Tobago, pa\u00eds localizado a 11 quil\u00f4metros da costa venezuelana em seu ponto mais pr\u00f3ximo, o governo informou que militares locais iniciaram novos exerc\u00edcios conjuntos com tropas dos EUA.<\/p>\n\n\n\n<p>O ministro das Rela\u00e7\u00f5es Exteriores, Sean Sobers, disse que esta \u00e9 a segunda atividade em menos de um m\u00eas, voltada ao combate ao crime organizado. O primeiro-ministro do pa\u00eds tem apoiado publicamente os ataques americanos.<\/p>\n\n\n\n<p>O governo de Nicol\u00e1s Maduro chamou os exerc\u00edcios de \u201cato de agress\u00e3o\u201d, mas n\u00e3o comentou a chegada do porta-avi\u00f5es. Maduro enfrenta acusa\u00e7\u00f5es de narcoterrorismo nos Estados Unidos e afirma que Washington \u201cfabrica\u201d um conflito contra sua administra\u00e7\u00e3o. A Venezuela anunciou na semana passada uma mobiliza\u00e7\u00e3o ampliada de tropas e civis diante da possibilidade de a\u00e7\u00f5es militares americanas.<\/p>\n\n\n\n<p>O envio do Ford reacendeu d\u00favidas sobre o escopo da opera\u00e7\u00e3o. O presidente Trump afirmou que pretende \u201cparar as drogas que entram por terra\u201d, indicando uma poss\u00edvel expans\u00e3o das a\u00e7\u00f5es. No Congresso, parlamentares republicanos e democratas pedem esclarecimentos sobre a base legal dos ataques, mas uma proposta para limitar a autoridade do presidente foi rejeitada pela maioria republicana.<\/p>\n\n\n\n<p>Siga o canal da Jovem Pan News e receba as principais not\u00edcias no seu WhatsApp!<\/p>\n\n\n\n<p><a target=\"_blank\" href=\"https:\/\/www.whatsapp.com\/channel\/0029VaAxUvrGJP8Fz9QZH93S\" rel=\"noreferrer noopener\"><\/a><\/p>\n\n\n\n<p><a target=\"_blank\" href=\"https:\/\/www.whatsapp.com\/channel\/0029VaAxUvrGJP8Fz9QZH93S\" rel=\"noreferrer noopener\">WhatsApp<\/a><\/p>\n\n\n\n<p><a target=\"_blank\" href=\"https:\/\/www.whatsapp.com\/channel\/0029VaAxUvrGJP8Fz9QZH93S\" rel=\"noreferrer noopener\"><\/a><\/p>\n\n\n\n<p>Especialistas divergem sobre a possibilidade de ca\u00e7as americanos realizarem ataques dentro da Venezuela. Para analistas, independentemente dessa hip\u00f3tese, a presen\u00e7a do porta-avi\u00f5es j\u00e1 muda o cen\u00e1rio regional. \u201cEste \u00e9 o n\u00facleo do que significa ter poder militar dos EUA novamente na Am\u00e9rica Latina\u201d, disse Elizabeth Dickinson, do International Crisis Group. \u201cE isso elevou tens\u00f5es na Venezuela e em toda a regi\u00e3o.\u201d<\/p>\n","protected":false},"excerpt":{"rendered":"<p>A Marinha informou que o Ford e seus navios de escolta cruzaram pela manh\u00e3 a Passagem de Anegada Gladjimi Balisage \/ DoD \/ AFP A movimenta\u00e7\u00e3o amplia o alcance da<\/p>\n","protected":false},"author":1,"featured_media":10188,"comment_status":"closed","ping_status":"closed","sticky":false,"template":"","format":"standard","meta":[],"categories":[1],"tags":[],"_links":{"self":[{"href":"https:\/\/7ports.com.br\/index.php?rest_route=\/wp\/v2\/posts\/10186"}],"collection":[{"href":"https:\/\/7ports.com.br\/index.php?rest_route=\/wp\/v2\/posts"}],"about":[{"href":"https:\/\/7ports.com.br\/index.php?rest_route=\/wp\/v2\/types\/post"}],"author":[{"embeddable":true,"href":"https:\/\/7ports.com.br\/index.php?rest_route=\/wp\/v2\/users\/1"}],"replies":[{"embeddable":true,"href":"https:\/\/7ports.com.br\/index.php?rest_route=%2Fwp%2Fv2%2Fcomments&post=10186"}],"version-history":[{"count":1,"href":"https:\/\/7ports.com.br\/index.php?rest_route=\/wp\/v2\/posts\/10186\/revisions"}],"predecessor-version":[{"id":10187,"href":"https:\/\/7ports.com.br\/index.php?rest_route=\/wp\/v2\/posts\/10186\/revisions\/10187"}],"wp:featuredmedia":[{"embeddable":true,"href":"https:\/\/7ports.com.br\/index.php?rest_route=\/wp\/v2\/media\/10188"}],"wp:attachment":[{"href":"https:\/\/7ports.com.br\/index.php?rest_route=%2Fwp%2Fv2%2Fmedia&parent=10186"}],"wp:term":[{"taxonomy":"category","embeddable":true,"href":"https:\/\/7ports.com.br\/index.php?rest_route=%2Fwp%2Fv2%2Fcategories&post=10186"},{"taxonomy":"post_tag","embeddable":true,"href":"https:\/\/7ports.com.br\/index.php?rest_route=%2Fwp%2Fv2%2Ftags&post=10186"}],"curies":[{"name":"wp","href":"https:\/\/api.w.org\/{rel}","templated":true}]}}