
{"id":10278,"date":"2025-11-21T13:19:18","date_gmt":"2025-11-21T16:19:18","guid":{"rendered":"https:\/\/7ports.com.br\/?p=10278"},"modified":"2025-11-21T14:01:15","modified_gmt":"2025-11-21T17:01:15","slug":"imortal-juscelino-kubitschek","status":"publish","type":"post","link":"https:\/\/7ports.com.br\/?p=10278","title":{"rendered":"Imortal: Juscelino Kubitschek"},"content":{"rendered":"\n<h1 class=\"wp-block-heading\"><a href=\"http:\/\/presidentes.an.gov.br\/index.php\/arquivo-nacional\/60-servicos\/registro-de-autoridade\/113-juscelinol-kubitschek\">Juscelino Kubitschek de Oliveira<\/a><\/h1>\n\n\n\n<ul>\n<li><\/li>\n<\/ul>\n\n\n\n<p><img decoding=\"async\" src=\"http:\/\/presidentes.an.gov.br\/images\/galeria-de-presidentes\/juscelino-kubitschek-de-oliveira\/Juscelino_Kubitschek2.jpg\">\u00c1rea de Identifica\u00e7\u00e3oTipo de entidade:&nbsp;PessoaForma autorizada do nome:&nbsp;Oliveira, Juscelino Kubitschek deOutra(s) forma(s) do nome:&nbsp;JK\u00c1rea de Descri\u00e7\u00e3oDatas de exist\u00eancia:&nbsp;1902-1976Historia:<\/p>\n\n\n\n<p>M\u00e9dico, nascido na cidade de Diamantina, estado de Minas Gerais, em 12 de setembro de 1902. Foi chefe do Gabinete Civil do estado de Minas Gerais (1933-1934). Filiou-se ao Partido Progressista (PP) de Minas Gerais, elegendo-se deputado federal em 1935, cargo que exerceu at\u00e9 o fechamento do Congresso, com o golpe de 1937. Foi nomeado prefeito de Belo Horizonte (1940- 1945), participou da cria\u00e7\u00e3o do Partido Social Democr\u00e1tico (PSD) em Minas Gerais, elegeu-se deputado federal (1946-1950) e governador de Minas Gerais (1951-1955). Concorreu \u00e0 presid\u00eancia da Rep\u00fablica pela coliga\u00e7\u00e3o PSD-PTB, tendo como vice Jo\u00e3o Goulart, e tomou posse em 31 de janeiro de 1956, ap\u00f3s grave crise pol\u00edtica. Com o fim de seu mandato, elegeu-se senador por Goi\u00e1s (1962-1964). Ap\u00f3s o golpe militar de 1964, teve seu mandato cassado e os direitos pol\u00edticos suspensos por dez anos. Exilado, retornou ao Brasil em 1967. Faleceu em acidente automobil\u00edstico na via Dutra, pr\u00f3ximo a Resende, em 22 de agosto de 1976.Contexto geral:<\/p>\n\n\n\n<figure class=\"wp-block-image size-full is-resized\"><img decoding=\"async\" loading=\"lazy\" src=\"https:\/\/7ports.com.br\/wp-content\/uploads\/2025\/11\/image-2.png\" alt=\"\" class=\"wp-image-10279\" width=\"836\" height=\"613\" srcset=\"https:\/\/7ports.com.br\/wp-content\/uploads\/2025\/11\/image-2.png 202w, https:\/\/7ports.com.br\/wp-content\/uploads\/2025\/11\/image-2-200x148.png 200w\" sizes=\"(max-width: 836px) 100vw, 836px\" \/><\/figure>\n\n\n\n<p>Juscelino Kubitschek iniciou seu governo quando o pa\u00eds contava aproximadamente 60 milh\u00f5es de habitantes. Sua gest\u00e3o foi marcada pelo Plano de Metas, cujo lema \u201ccinquenta anos de progresso em cinco anos de governo\u201d se traduziu, sobretudo, em crescimento industrial. Entre 1955 e 1961, a produ\u00e7\u00e3o do setor cresceu 80%, destacando-se as ind\u00fastrias do a\u00e7o, mec\u00e2nicas, el\u00e9tricas e de comunica\u00e7\u00f5es, e de equipamentos de transportes. Entre 1957 e 1961, a taxa de crescimento real foi de 7% ao ano. Esse processo, orientado pelo projeto nacional-desenvolvimentista, foi possibilitado pela exist\u00eancia de um amplo mercado interno, pela capacidade de produ\u00e7\u00e3o de ferro e de a\u00e7o e pela disposi\u00e7\u00e3o externa de investimento. Al\u00e9m do incentivo \u00e0 entrada de capitais externos, o governo voltou-se para as \u00e1reas de transporte e de energia, constituindo uma infraestrutura para a expans\u00e3o do parque industrial. O planejamento estatal setorizado, articulado em grupos de trabalho e grupos executivos ligados ao rec\u00e9m-criado Conselho de Desenvolvimento, revelou-se eficiente. Esses grupos eram voltados, respectivamente, para a aprova\u00e7\u00e3o de projetos de leis e decretos, e de projetos empresariais (como \u00f3rg\u00e3os mistos, formados por t\u00e9cnicos do Estado e empresas privadas). O governo tamb\u00e9m orientou os investimentos segundo os estudos e projetos formulados pelos representantes da Comiss\u00e3o Econ\u00f4mica para a Am\u00e9rica Latina (Cepal) e pelo Banco Nacional de Desenvolvimento Econ\u00f4mico (BNDE). A pol\u00edtica econ\u00f4mica dos anos JK obteve resultados expressivos na \u00e1rea da expans\u00e3o industrial, mas gerou contradi\u00e7\u00f5es, como o favorecimento \u00e0 concentra\u00e7\u00e3o de capital, com a entrada de empresas multinacionais no pa\u00eds, que deixou poucas oportunidades para o pequeno capital. Do ponto de vista dos trabalhadores, verificou-se que o aumento de produtividade decorrente do aprimoramento tecnol\u00f3gico n\u00e3o foi transferido nem para os pre\u00e7os nem para os sal\u00e1rios. Apesar disso, alguns aumentos salariais e o subs\u00eddio estatal ao petr\u00f3leo e ao trigo buscavam atender as demandas sindicais. As importa\u00e7\u00f5es, que visavam suprir a escassez interna de insumos, aprofundaram a depend\u00eancia externa da economia brasileira, elevando o desequil\u00edbrio financeiro e o d\u00e9ficit da balan\u00e7a de pagamentos, o que influiu decisivamente para a o retorno do processo inflacion\u00e1rio, um dos maiores problemas enfrentados pelo presidente Kubitschek. Um plano de estabiliza\u00e7\u00e3o anti-inflacion\u00e1rio foi formulado pelo ministro da Fazenda, Lucas Lopes, e pelo diretor do BNDE, Roberto Campos, e submetido ao Fundo Monet\u00e1rio Internacional (FMI), que deveria avalizar um cr\u00e9dito de 300 milh\u00f5es de d\u00f3lares proveniente dos Estados Unidos. Diante das exig\u00eancias de ajuste da economia brasileira pelo FMI, o governo teve duas op\u00e7\u00f5es: levar adiante o Plano de Metas ou conter a economia interna, satisfazendo os credores externos e os defensores brasileiros do programa de estabiliza\u00e7\u00e3o. Foram muitas as press\u00f5es internas, gerando um debate que envolveu tamb\u00e9m os intelectuais nacionalistas e aqueles de tend\u00eancia liberal, representados no Instituto Superior de Estudos Brasileiros (ISEB). Em junho de 1959, o presidente Kubitschek rompeu as negocia\u00e7\u00f5es com o FMI. No \u00e2mbito das rela\u00e7\u00f5es internacionais, o governo apresentou aos Estados Unidos a proposta da Opera\u00e7\u00e3o Pan-Americana, de promo\u00e7\u00e3o multilateral do desenvolvimento do continente com apoio norte-americano, que s\u00f3 posteriormente foi adotada, atrav\u00e9s da Alian\u00e7a para o Progresso. O per\u00edodo presidencial notabilizou-se, ainda, pela constru\u00e7\u00e3o da nova capital federal, a cidade de Bras\u00edlia, inaugurada em 21 de abril de 1960. S\u00edmbolo do desenvolvimento do pa\u00eds, a cidade foi projetada pelo arquiteto Oscar Niemeyer e pelo urbanista L\u00facio Costa, tornando-se um exemplo da arquitetura moderna. Em 7 de dezembro de 1987, foi tombada pela Unesco e registrada como patrim\u00f4nio hist\u00f3rico e cultural da humanidade.\u00c1rea de Relacionamento\u00c1rea de acessoOcupa\u00e7\u00e3o:&nbsp;presidente da Rep\u00fablicaNota:&nbsp;31.01.1956 a 31.01.1961\u00c1rea de ControleIdentificador do registro de autoridade:&nbsp;Dado n\u00e3o dispon\u00edvelManuten\u00e7\u00e3o da entidade custodiadora:&nbsp;Arquivo Nacional (Brasil) &#8211; SedeIdentificador da entidade custodiadora:&nbsp;BR RJANRIOStatus:&nbsp;FinalN\u00edvel de detalhamento:&nbsp;ParcialIdiomas:&nbsp;portugu\u00eas do BrasilLocaliza\u00e7\u00e3o dos acervos<\/p>\n\n\n\n<p>Sem Acervo CadastradoSites associados<\/p>\n\n\n\n<p><a href=\"http:\/\/dibrarq.arquivonacional.gov.br\/index.php\/oliveira-juscelino-kubitschek-de\">http:\/\/dibrarq.arquivonacional.gov.br\/index.php\/oliveira-juscelino-kubitschek-de<\/a><\/p>\n","protected":false},"excerpt":{"rendered":"<p>Juscelino Kubitschek de Oliveira \u00c1rea de Identifica\u00e7\u00e3oTipo de entidade:&nbsp;PessoaForma autorizada do nome:&nbsp;Oliveira, Juscelino Kubitschek deOutra(s) forma(s) do nome:&nbsp;JK\u00c1rea de Descri\u00e7\u00e3oDatas de exist\u00eancia:&nbsp;1902-1976Historia: M\u00e9dico, nascido na cidade de Diamantina, estado de<\/p>\n","protected":false},"author":1,"featured_media":10280,"comment_status":"closed","ping_status":"closed","sticky":false,"template":"","format":"standard","meta":[],"categories":[1],"tags":[],"_links":{"self":[{"href":"https:\/\/7ports.com.br\/index.php?rest_route=\/wp\/v2\/posts\/10278"}],"collection":[{"href":"https:\/\/7ports.com.br\/index.php?rest_route=\/wp\/v2\/posts"}],"about":[{"href":"https:\/\/7ports.com.br\/index.php?rest_route=\/wp\/v2\/types\/post"}],"author":[{"embeddable":true,"href":"https:\/\/7ports.com.br\/index.php?rest_route=\/wp\/v2\/users\/1"}],"replies":[{"embeddable":true,"href":"https:\/\/7ports.com.br\/index.php?rest_route=%2Fwp%2Fv2%2Fcomments&post=10278"}],"version-history":[{"count":2,"href":"https:\/\/7ports.com.br\/index.php?rest_route=\/wp\/v2\/posts\/10278\/revisions"}],"predecessor-version":[{"id":10282,"href":"https:\/\/7ports.com.br\/index.php?rest_route=\/wp\/v2\/posts\/10278\/revisions\/10282"}],"wp:featuredmedia":[{"embeddable":true,"href":"https:\/\/7ports.com.br\/index.php?rest_route=\/wp\/v2\/media\/10280"}],"wp:attachment":[{"href":"https:\/\/7ports.com.br\/index.php?rest_route=%2Fwp%2Fv2%2Fmedia&parent=10278"}],"wp:term":[{"taxonomy":"category","embeddable":true,"href":"https:\/\/7ports.com.br\/index.php?rest_route=%2Fwp%2Fv2%2Fcategories&post=10278"},{"taxonomy":"post_tag","embeddable":true,"href":"https:\/\/7ports.com.br\/index.php?rest_route=%2Fwp%2Fv2%2Ftags&post=10278"}],"curies":[{"name":"wp","href":"https:\/\/api.w.org\/{rel}","templated":true}]}}