
{"id":10444,"date":"2025-12-05T19:28:25","date_gmt":"2025-12-05T22:28:25","guid":{"rendered":"https:\/\/7ports.com.br\/?p=10444"},"modified":"2025-12-05T19:34:53","modified_gmt":"2025-12-05T22:34:53","slug":"flavio-e-o-sucessor-de-bolsonaro-em-definitivo","status":"publish","type":"post","link":"https:\/\/7ports.com.br\/?p=10444","title":{"rendered":"Fl\u00e1vio Bolsonaro \u00e9 o candidato do pai a presidencia da Republica."},"content":{"rendered":"\n<p>O senador Fl\u00e1vio Bolsonaro (PL-RJ) afirmou nesta sexta-feira (5) ter sido escolhido pelo ex-presidente Jair Bolsonaro (PL) como candidato do grupo para disputar a Presid\u00eancia da Rep\u00fablica nas elei\u00e7\u00f5es do ano que vem.<\/p>\n\n\n\n<figure class=\"wp-block-image size-full\"><img decoding=\"async\" loading=\"lazy\" width=\"658\" height=\"806\" src=\"https:\/\/7ports.com.br\/wp-content\/uploads\/2025\/12\/image-1.png\" alt=\"\" class=\"wp-image-10445\" srcset=\"https:\/\/7ports.com.br\/wp-content\/uploads\/2025\/12\/image-1.png 658w, https:\/\/7ports.com.br\/wp-content\/uploads\/2025\/12\/image-1-245x300.png 245w\" sizes=\"(max-width: 658px) 100vw, 658px\" \/><\/figure>\n\n\n\n<p>Ele avisou aliados e o governador de S\u00e3o Paulo, Tarc\u00edsio de Freitas (Republicanos), antes do an\u00fancio, consolidado ap\u00f3s visita ao pai na pris\u00e3o na ter\u00e7a-feira (2), na Superintend\u00eancia da Pol\u00edcia Federal, em Bras\u00edlia. Os dois conversaram por cerca de meia hora.<\/p>\n\n\n\n<p>&#8220;\u00c9 com grande responsabilidade que confirmo a decis\u00e3o da maior lideran\u00e7a pol\u00edtica e moral do Brasil, Jair Messias Bolsonaro, de me conferir a miss\u00e3o de dar continuidade ao nosso projeto de na\u00e7\u00e3o&#8221;, escreveu nas redes sociais.<br>\ud83d\udcf2Leia mais na <a href=\"https:\/\/www.instagram.com\/explore\/tags\/folha\/\">#Folha<\/a>: folha.com\/pol\u00edtica<\/p>\n\n\n\n<p><\/p>\n","protected":false},"excerpt":{"rendered":"<p>Ele avisou aliados e o governador de S\u00e3o Paulo, Tarc\u00edsio de Freitas (Republicanos), antes do an\u00fancio, consolidado ap\u00f3s visita ao pai na pris\u00e3o<\/p>\n","protected":false},"author":1,"featured_media":10446,"comment_status":"closed","ping_status":"closed","sticky":false,"template":"","format":"standard","meta":[],"categories":[1],"tags":[],"_links":{"self":[{"href":"https:\/\/7ports.com.br\/index.php?rest_route=\/wp\/v2\/posts\/10444"}],"collection":[{"href":"https:\/\/7ports.com.br\/index.php?rest_route=\/wp\/v2\/posts"}],"about":[{"href":"https:\/\/7ports.com.br\/index.php?rest_route=\/wp\/v2\/types\/post"}],"author":[{"embeddable":true,"href":"https:\/\/7ports.com.br\/index.php?rest_route=\/wp\/v2\/users\/1"}],"replies":[{"embeddable":true,"href":"https:\/\/7ports.com.br\/index.php?rest_route=%2Fwp%2Fv2%2Fcomments&post=10444"}],"version-history":[{"count":2,"href":"https:\/\/7ports.com.br\/index.php?rest_route=\/wp\/v2\/posts\/10444\/revisions"}],"predecessor-version":[{"id":10449,"href":"https:\/\/7ports.com.br\/index.php?rest_route=\/wp\/v2\/posts\/10444\/revisions\/10449"}],"wp:featuredmedia":[{"embeddable":true,"href":"https:\/\/7ports.com.br\/index.php?rest_route=\/wp\/v2\/media\/10446"}],"wp:attachment":[{"href":"https:\/\/7ports.com.br\/index.php?rest_route=%2Fwp%2Fv2%2Fmedia&parent=10444"}],"wp:term":[{"taxonomy":"category","embeddable":true,"href":"https:\/\/7ports.com.br\/index.php?rest_route=%2Fwp%2Fv2%2Fcategories&post=10444"},{"taxonomy":"post_tag","embeddable":true,"href":"https:\/\/7ports.com.br\/index.php?rest_route=%2Fwp%2Fv2%2Ftags&post=10444"}],"curies":[{"name":"wp","href":"https:\/\/api.w.org\/{rel}","templated":true}]}}