
{"id":11237,"date":"2026-08-31T02:03:13","date_gmt":"2026-08-31T05:03:13","guid":{"rendered":"https:\/\/7ports.com.br\/?p=11237"},"modified":"2026-08-31T02:33:08","modified_gmt":"2026-08-31T05:33:08","slug":"display-01","status":"publish","type":"post","link":"https:\/\/7ports.com.br\/?p=11237","title":{"rendered":"Augusto Cury"},"content":{"rendered":"\n<h1 class=\"wp-block-heading\" id=\"content\">Augusto Cury na Globo: o que disse o candidato \u00e0 Presid\u00eancia na entrevista \u00e0 emissora<\/h1>\n\n\n\n<figure class=\"wp-block-image\"><img decoding=\"async\" src=\"https:\/\/ichef.bbci.co.uk\/ace\/ws\/640\/cpsprodpb\/19e2\/live\/868801f0-a408-11f1-b109-879e35c24276.jpg.webp\" alt=\"Augusto Cury sentado na bancada dos est\u00fadios Globo com um fundo com o logo da cobertura de elei\u00e7\u00f5es da emissora\"\/><\/figure>\n\n\n\n<p><strong>Article Information<\/strong><\/p>\n\n\n\n<ul>\n<li>Author,<a href=\"https:\/\/www.bbc.com\/portuguese\/topics\/c0q881vvldpt\"><strong>Camilla Veras Mota<\/strong><\/a><\/li>\n\n\n\n<li>Role,Da BBC News Brasil em S\u00e3o Paulo<\/li>\n<\/ul>\n\n\n\n<p>Candidato \u00e0 Presid\u00eancia da Rep\u00fablica pelo Avante, Augusto Cury defendeu, em entrevista \u00e0 TV Globo neste s\u00e1bado (29\/8), que os brasileiros deveriam ter &#8220;o melhor da direita na mente e o melhor da esquerda no cora\u00e7\u00e3o&#8221; ao apresentar suas propostas e responder \u00e0s perguntas da \u00faltima entrevista da s\u00e9rie da emissora com seis postulantes ao cargo na elei\u00e7\u00e3o de 2026.<\/p>\n\n\n\n<p>O escritor tem repetido essa ideia nas sabatinas e eventos nos quais tem participado, um posicionamento que, segundo ele, o distanciaria tanto do presidente Luiz In\u00e1cio Lula da Silva (PT) quanto do senador Fl\u00e1vio Bolsonaro (PL), que est\u00e3o \u00e0 frente nas pesquisas.<\/p>\n\n\n\n<p>&#8220;Eu vim para pacificar esse pa\u00eds. A minha mente \u00e9 uma mente que \u00e9 capitalista, meritocracia, um Estado enxuto, respons\u00e1vel fiscalmente e empreendedorismo. Mas o meu cora\u00e7\u00e3o \u00e9 um cora\u00e7\u00e3o social, que escuta a dor humana&#8221;, afirmou ele.<\/p>\n\n\n\n<p>Entre as medidas para cortar despesas da m\u00e1quina p\u00fablica, Cury defendeu uma &#8220;auditoria na gest\u00e3o p\u00fablica&#8221; para rever cerca de 50 mil cargos comissionados, avaliar quais seriam essenciais e quais poderiam ser cortados, revisar contratos e combater a corrup\u00e7\u00e3o.<\/p>\n\n\n\n<p>Ele foi questionado sobre a promessa de cortar algo entre 8 e 10 minist\u00e9rios, mas respondeu que n\u00e3o detalharia quais neste momento, al\u00e9m de defender a cria\u00e7\u00e3o de um minist\u00e9rio da seguran\u00e7a p\u00fablica e de um minist\u00e9rio ou secretaria da intelig\u00eancia artificial e rob\u00f3tica.<\/p>\n\n\n\n<p>Do lado das receitas, Cury afirmou que promoveria aumento de arrecada\u00e7\u00e3o elevando o imposto cobrado sobre as empresas de apostas de 12% para algo em torno de 52% e com a inclus\u00e3o de algo entre 10 milh\u00f5es e 15 milh\u00f5es de benefici\u00e1rios do Bolsa Fam\u00edlia no mercado de trabalho com carteira assinada ou como microempreendedores individuais.<\/p>\n\n\n\n<figure class=\"wp-block-image\"><img decoding=\"async\" src=\"https:\/\/ichef.bbci.co.uk\/ace\/ws\/640\/cpsprodpb\/7f58\/live\/ee71c390-a409-11f1-b109-879e35c24276.jpg.webp\" alt=\"Augusto Cury em torno da bancada nos est\u00fadios Globo, \u00e0 frente de C\u00e9sar Tralli e Renata Vasconcellos\"\/><figcaption class=\"wp-element-caption\">Legenda da foto,Augusto Cury foi entrevistado por C\u00e9sar Tralli e Renata Vasconcellos<\/figcaption><\/figure>\n\n\n\n<p>O candidato afirmou que n\u00e3o mudaria o arcabou\u00e7o fiscal, disse ser contra uma nova reforma da Previd\u00eancia e defendeu uma pol\u00edtica de valoriza\u00e7\u00e3o do sal\u00e1rio m\u00ednimo com reajuste anual de 1 ponto percentual acima do \u00edndice de infla\u00e7\u00e3o.<\/p>\n\n\n\n<p>&#8220;A minha proposta \u00e9 muito clara. N\u00f3s precisamos ter uma classe m\u00e9dia pujante&#8221;, ressaltou.<\/p>\n\n\n\n<p><a href=\"https:\/\/www.bbc.com\/portuguese\/articles\/c2dwxj2zn63o#end-of-recommendations\">Pule Mais lidas e continue lendo<\/a><\/p>\n\n\n\n<p><strong>Mais lidas<\/strong><\/p>\n\n\n\n<ul>\n<li><img decoding=\"async\" alt=\"King Oyo pictured at 18 during his coronation wearing a gold embroidered jacket and hat.\" srcset=\"https:\/\/ichef.bbci.co.uk\/ace\/ws\/70\/cpsprodpb\/0f05\/live\/e8034d20-a2ca-11f1-aed2-8d6da8d75094.jpg.webp 70w, https:\/\/ichef.bbci.co.uk\/ace\/ws\/95\/cpsprodpb\/0f05\/live\/e8034d20-a2ca-11f1-aed2-8d6da8d75094.jpg.webp 95w, https:\/\/ichef.bbci.co.uk\/ace\/ws\/144\/cpsprodpb\/0f05\/live\/e8034d20-a2ca-11f1-aed2-8d6da8d75094.jpg.webp 144w, https:\/\/ichef.bbci.co.uk\/ace\/ws\/183\/cpsprodpb\/0f05\/live\/e8034d20-a2ca-11f1-aed2-8d6da8d75094.jpg.webp 183w, https:\/\/ichef.bbci.co.uk\/ace\/ws\/240\/cpsprodpb\/0f05\/live\/e8034d20-a2ca-11f1-aed2-8d6da8d75094.jpg.webp 240w, https:\/\/ichef.bbci.co.uk\/ace\/ws\/320\/cpsprodpb\/0f05\/live\/e8034d20-a2ca-11f1-aed2-8d6da8d75094.jpg.webp 320w, https:\/\/ichef.bbci.co.uk\/ace\/ws\/660\/cpsprodpb\/0f05\/live\/e8034d20-a2ca-11f1-aed2-8d6da8d75094.jpg.webp 660w\" src=\"https:\/\/ichef.bbci.co.uk\/ace\/ws\/660\/cpsprodpb\/0f05\/live\/e8034d20-a2ca-11f1-aed2-8d6da8d75094.jpg.webp\"><a href=\"https:\/\/www.bbc.com\/portuguese\/articles\/c1j4ry1yn6yo\">Morre o monarca reinante mais jovem do mundo, aos 34 anos<\/a><\/li>\n\n\n\n<li><img decoding=\"async\" alt=\"Duas mulheres olham para a c\u00e2mera. A mais velha sorri, enquanto a mais jovem manda um beijo para a c\u00e2mera. Elas s\u00e3o m\u00e3e e filha.\n\" srcset=\"https:\/\/ichef.bbci.co.uk\/ace\/ws\/70\/cpsprodpb\/4578\/live\/61077a70-a0b9-11f1-b8cc-1bd2cc322bf4.png.webp 70w, https:\/\/ichef.bbci.co.uk\/ace\/ws\/95\/cpsprodpb\/4578\/live\/61077a70-a0b9-11f1-b8cc-1bd2cc322bf4.png.webp 95w, https:\/\/ichef.bbci.co.uk\/ace\/ws\/144\/cpsprodpb\/4578\/live\/61077a70-a0b9-11f1-b8cc-1bd2cc322bf4.png.webp 144w, https:\/\/ichef.bbci.co.uk\/ace\/ws\/183\/cpsprodpb\/4578\/live\/61077a70-a0b9-11f1-b8cc-1bd2cc322bf4.png.webp 183w, https:\/\/ichef.bbci.co.uk\/ace\/ws\/240\/cpsprodpb\/4578\/live\/61077a70-a0b9-11f1-b8cc-1bd2cc322bf4.png.webp 240w, https:\/\/ichef.bbci.co.uk\/ace\/ws\/320\/cpsprodpb\/4578\/live\/61077a70-a0b9-11f1-b8cc-1bd2cc322bf4.png.webp 320w, https:\/\/ichef.bbci.co.uk\/ace\/ws\/627\/cpsprodpb\/4578\/live\/61077a70-a0b9-11f1-b8cc-1bd2cc322bf4.png.webp 627w\" src=\"https:\/\/ichef.bbci.co.uk\/ace\/ws\/660\/cpsprodpb\/4578\/live\/61077a70-a0b9-11f1-b8cc-1bd2cc322bf4.png.webp\"><a href=\"https:\/\/www.bbc.com\/portuguese\/articles\/cp8411evl10o\">A m\u00e3e e a filha detidas pelo ICE em hospital ap\u00f3s sofrerem acidente de carro: &#8216;Socorro, por favor, socorro!&#8217;<\/a><\/li>\n\n\n\n<li><img decoding=\"async\" alt=\"Protesto contra as d\u00edvidas na Argentina\" srcset=\"https:\/\/ichef.bbci.co.uk\/ace\/ws\/70\/cpsprodpb\/becc\/live\/f4eb6840-a150-11f1-92f3-2381193e5eb4.jpg.webp 70w, https:\/\/ichef.bbci.co.uk\/ace\/ws\/95\/cpsprodpb\/becc\/live\/f4eb6840-a150-11f1-92f3-2381193e5eb4.jpg.webp 95w, https:\/\/ichef.bbci.co.uk\/ace\/ws\/144\/cpsprodpb\/becc\/live\/f4eb6840-a150-11f1-92f3-2381193e5eb4.jpg.webp 144w, https:\/\/ichef.bbci.co.uk\/ace\/ws\/183\/cpsprodpb\/becc\/live\/f4eb6840-a150-11f1-92f3-2381193e5eb4.jpg.webp 183w, https:\/\/ichef.bbci.co.uk\/ace\/ws\/240\/cpsprodpb\/becc\/live\/f4eb6840-a150-11f1-92f3-2381193e5eb4.jpg.webp 240w, https:\/\/ichef.bbci.co.uk\/ace\/ws\/320\/cpsprodpb\/becc\/live\/f4eb6840-a150-11f1-92f3-2381193e5eb4.jpg.webp 320w, https:\/\/ichef.bbci.co.uk\/ace\/ws\/660\/cpsprodpb\/becc\/live\/f4eb6840-a150-11f1-92f3-2381193e5eb4.jpg.webp 660w\" src=\"https:\/\/ichef.bbci.co.uk\/ace\/ws\/660\/cpsprodpb\/becc\/live\/f4eb6840-a150-11f1-92f3-2381193e5eb4.jpg.webp\"><a href=\"https:\/\/www.bbc.com\/portuguese\/articles\/cdr7jn02g13o\">Os milh\u00f5es de argentinos com d\u00edvidas em atraso e o que isso indica sobre a economia do pa\u00eds: &#8216;N\u00e3o tentamos mais refinanciar porque \u00e9 impag\u00e1vel&#8217;<\/a><\/li>\n\n\n\n<li><img decoding=\"async\" alt=\"Un grupo de hombres saca agua de un pozo de 150 a\u00f1os de antig\u00fcedad.\" srcset=\"https:\/\/ichef.bbci.co.uk\/ace\/ws\/70\/cpsprodpb\/5cc7\/live\/6072b780-a098-11f1-8a1f-314a01485cf4.jpg.webp 70w, https:\/\/ichef.bbci.co.uk\/ace\/ws\/95\/cpsprodpb\/5cc7\/live\/6072b780-a098-11f1-8a1f-314a01485cf4.jpg.webp 95w, https:\/\/ichef.bbci.co.uk\/ace\/ws\/144\/cpsprodpb\/5cc7\/live\/6072b780-a098-11f1-8a1f-314a01485cf4.jpg.webp 144w, https:\/\/ichef.bbci.co.uk\/ace\/ws\/183\/cpsprodpb\/5cc7\/live\/6072b780-a098-11f1-8a1f-314a01485cf4.jpg.webp 183w, https:\/\/ichef.bbci.co.uk\/ace\/ws\/240\/cpsprodpb\/5cc7\/live\/6072b780-a098-11f1-8a1f-314a01485cf4.jpg.webp 240w, https:\/\/ichef.bbci.co.uk\/ace\/ws\/320\/cpsprodpb\/5cc7\/live\/6072b780-a098-11f1-8a1f-314a01485cf4.jpg.webp 320w, https:\/\/ichef.bbci.co.uk\/ace\/ws\/660\/cpsprodpb\/5cc7\/live\/6072b780-a098-11f1-8a1f-314a01485cf4.jpg.webp 660w\" src=\"https:\/\/ichef.bbci.co.uk\/ace\/ws\/660\/cpsprodpb\/5cc7\/live\/6072b780-a098-11f1-8a1f-314a01485cf4.jpg.webp\"><a href=\"https:\/\/www.bbc.com\/portuguese\/articles\/c78064pyzdzo\">O pa\u00eds que enfrenta a escassez de \u00e1gua com sistemas h\u00eddricos abandonados h\u00e1 centenas de anos<\/a><\/li>\n<\/ul>\n\n\n\n<p id=\"end-of-recommendations\">Fim do Mais lidas<\/p>\n\n\n\n<p><a href=\"https:\/\/www.bbc.com\/portuguese\/articles\/c2dwxj2zn63o#end-of-podcasts\">Pule Promo\u00e7\u00e3o Agregador de pesquisas e continue lendo<\/a><\/p>\n\n\n\n<figure class=\"wp-block-image\"><img decoding=\"async\" src=\"https:\/\/ichef.bbc.co.uk\/images\/ic\/512x512\/p0njcpky.jpg.webp\" alt=\"O agregador de pesquisas da BBC News Brasil\"\/><\/figure>\n\n\n\n<p><strong><a href=\"https:\/\/www.bbc.com\/portuguese\/articles\/czd2prld130o\">Veja Agregador de Pesquisas da BBC News Brasil<\/a><\/strong><\/p>\n\n\n\n<p>Clique aqui<\/p>\n\n\n\n<p id=\"end-of-podcasts\">Fim do Promo\u00e7\u00e3o Agregador de pesquisas<\/p>\n\n\n\n<p>Questionado sobre como manteria o compromisso de reduzir d\u00e9ficit da Previd\u00eancia Social nesse cen\u00e1rio, Cury respondeu que era preciso melhorar a produtividade das empresas usando intelig\u00eancia artificial e rob\u00f3tica e estimular o empreendedorismo e a abertura de microempresas como meio de aumentar o volume de contribuintes.<\/p>\n\n\n\n<p>O candidato do Avante tamb\u00e9m foi questionado sobre sua proposta de elevar a 80% a propor\u00e7\u00e3o de consultas b\u00e1sicas no Sistema \u00danico de Sa\u00fade (SUS) feitas por telemedicina.<\/p>\n\n\n\n<p>C\u00e9sar Tralli e Renata Vasconcellos questionaram em quais estudos ou evid\u00eancias sua candidatura teria se baseado para defender o percentual, e o escritor respondeu que era m\u00e9dico e que haveria &#8220;muitas evid\u00eancias de que a telemedicina funciona&#8221;.<\/p>\n\n\n\n<p>Ele tamb\u00e9m foi perguntado sobre como implantaria um sistema dessas propor\u00e7\u00f5es em um pa\u00eds grande como o Brasil, mas n\u00e3o deu detalhes. Os entrevistadores ressaltaram ainda que Cury aparecia como embaixador de uma empresa privada de telemedicina e perguntaram se a atividade n\u00e3o configurava como conflito de interesse \u2014 o candidato respondeu n\u00e3o ter mais rela\u00e7\u00e3o com a empresa e disse que o endosso seria retirado &#8220;imediatamente&#8221;.<\/p>\n\n\n\n<p>Cury tamb\u00e9m n\u00e3o deu detalhes sobre como operacionalizaria sua proposta de usar drones para combater a viol\u00eancia contra a mulher e defendeu o uso de um aplicativo georreferenciado com um bot\u00e3o de p\u00e2nico que poderia ser usado por mulheres em situa\u00e7\u00e3o de risco para acionar as autoridades da delegacia mais pr\u00f3xima.<\/p>\n\n\n\n<p>O candidato foi questionado ainda sobre a proposta de contratar influenciadores digitais para trabalhar em embaixadas brasileiras pelo mundo, e afirmou que esta seria uma estrat\u00e9gia para &#8220;vender o Brasil l\u00e1 fora com dignidade&#8221;.<\/p>\n\n\n\n<p>&#8220;O agricultor \u00e9 vendido l\u00e1 fora como se fosse um vil\u00e3o e n\u00f3s temos o C\u00f3digo Florestal mais r\u00edgido no mundo&#8221;, pontuou.<\/p>\n\n\n\n<p>Os entrevistadores perguntaram se o Itamaraty e Instituto Rio Branco, que forma os diplomatas brasileiros, j\u00e1 n\u00e3o estariam cumprindo essa tarefa, e Cury afirmou que n\u00e3o.<\/p>\n\n\n\n<p>&#8220;N\u00f3s somos peritos em pacifica\u00e7\u00e3o, mas n\u00f3s temos que ser peritos em vender o Brasil l\u00e1 fora de maneira adequada e inteligente.&#8221;<\/p>\n\n\n\n<p>Cury afirmou ainda que sua proposta de criar 10 mil escolas de empreendedorismo se daria dentro da pr\u00f3pria infraestrutura da rede p\u00fablica, na pr\u00f3pria grade curricular, e que professores seriam capacitado por meio de cursos online &#8220;com grandes empreendedores do pa\u00eds&#8221;.<\/p>\n\n\n\n<figure class=\"wp-block-image\"><img decoding=\"async\" src=\"https:\/\/ichef.bbci.co.uk\/ace\/ws\/640\/cpsprodpb\/fcd8\/live\/c1b55430-a3f4-11f1-b109-879e35c24276.jpg.webp\" alt=\"Augusto Cury\"\/><\/figure>\n\n\n\n<h2 class=\"wp-block-heading\" id=\"Quem-\u00e9-Augusto-Cury\">Quem \u00e9 Augusto Cury<\/h2>\n\n\n\n<p>Augusto Cury tem 67 anos e entrou na corrida eleitoral com o curr\u00edculo de escritor de autoajuda, m\u00e9dico psiquiatra e palestrante que decidiu trocar os livros pelo palanque.<\/p>\n\n\n\n<p>Veterano no segmento editorial \u2014 \u00e9 o escritor brasileiro mais lido da \u00faltima d\u00e9cada, com mais de 30 milh\u00f5es de livros vendidos no pa\u00eds \u2014 \u00e9 um novato na pol\u00edtica.<\/p>\n\n\n\n<p>Essa \u00e9 a primeira candidatura de Cury, que&nbsp;<a href=\"https:\/\/www.bbc.com\/portuguese\/articles\/c75kpvgxqewo\">disse \u00e0 BBC News Brasil<\/a>&nbsp;em abril que lan\u00e7ar-se \u00e0 pol\u00edtica era um desejo antigo, mas que sua fam\u00edlia tinha medo de que ele pudesse se ferir em um ambiente &#8220;extremamente agressivo, espinhoso&#8221;.<\/p>\n\n\n\n<p>Dez anos depois, com o amadurecimento de suas filhas, afirmou que teve apoio para se candidatar, com a promessa de que, caso seja eleito, n\u00e3o buscar\u00e1 um segundo mandato.<\/p>\n\n\n\n<p>No momento, Cury soma 3% das inten\u00e7\u00f5es de voto, conforme os dados do&nbsp;<a href=\"https:\/\/www.bbc.com\/portuguese\/articles\/czd2prld130o\">Agregador de Pesquisas Eleitorais da BBC News Brasil<\/a>, empatado numericamente com Pablo Mar\u00e7al (PRTB), atr\u00e1s de Renan Santos (Miss\u00e3o) e Ronaldo Caiado (PSD), ambos com 4%, e de Fl\u00e1vio Bolsonaro (PL), que tem 34%, e de Lula, que acumula 39% das inten\u00e7\u00f5es de votos.<\/p>\n\n\n\n<p>O escritor evita se definir como de direita ou de esquerda e tem repetido ser um candidato com &#8220;uma mente capitalista e um cora\u00e7\u00e3o social&#8221;, lema que levou tamb\u00e9m \u00e0 entrevista na Globo neste s\u00e1bado.<\/p>\n\n\n\n<p>&#8220;Eu sa\u00ed de cima do muro. Estou destruindo esse muro para pegar os tijolos e construir pontes, porque venderam uma mentira para n\u00f3s de que o mundo est\u00e1 dividido em dois barcos, esquerda e direita&#8221;, afirmou.<\/p>\n\n\n\n<p>&#8220;Na verdade, o l\u00edder deste s\u00e9culo tem que ser um l\u00edder que tem, reitero, o melhor da direita e o melhor da esquerda na sua mesma personalidade. Caso contr\u00e1rio, n\u00f3s n\u00e3o temos esperan\u00e7a nesse mundo altamente digitalizado e consumista.&#8221;<\/p>\n\n\n\n<p>No&nbsp;<a href=\"https:\/\/www.bbc.com\/portuguese\/articles\/cx2zgg90pnwo\">primeiro debate do qual participou<\/a>, no \u00faltimo dia 23 de agosto, na Band, ao lado do ex-governador de Goi\u00e1s Ronaldo Caiado (PSD) e de Renan Santos (Miss\u00e3o), Cury chamou aten\u00e7\u00e3o ao reagir \u00e0s cr\u00edticas de Renan Santos ao eleitorado de Lula, a quem Renan chamou de &#8220;canalhas&#8221;.<\/p>\n\n\n\n<p>&#8220;Est\u00e3o rifando o futuro do Brasil, e eu n\u00e3o quero o voto deles&#8221;, afirmou.<\/p>\n\n\n\n<p>&#8220;Olha, Renan, voc\u00ea tem um n\u00edvel de agressividade que me assombra. As ideias podem ter fundamento, mas a agressividade asfixia a capacidade de as pessoas terem suas pr\u00f3prias opini\u00f5es. N\u00f3s estamos em uma democracia, e a beleza dela est\u00e1 na diverg\u00eancia&#8221;, reagiu Cury.<\/p>\n\n\n\n<p>&#8220;Voc\u00ea pode criticar as ideias de Lula, e elas s\u00e3o critic\u00e1veis, mas voc\u00ea n\u00e3o pode criticar a pessoa, transformando ela em uma esc\u00f3ria humana, quase um lixo. E nem mesmo o eleitor de Lula&#8221;, acrescentou o candidato do Avante.<\/p>\n","protected":false},"excerpt":{"rendered":"<p>Augusto Cury na Globo: o que disse o candidato \u00e0 Presid\u00eancia na entrevista \u00e0 emissora Article Information Candidato \u00e0 Presid\u00eancia da Rep\u00fablica pelo Avante, Augusto Cury defendeu, em entrevista \u00e0<\/p>\n","protected":false},"author":1,"featured_media":0,"comment_status":"closed","ping_status":"closed","sticky":false,"template":"","format":"standard","meta":[],"categories":[746],"tags":[],"post_folder":[],"_links":{"self":[{"href":"https:\/\/7ports.com.br\/index.php?rest_route=\/wp\/v2\/posts\/11237"}],"collection":[{"href":"https:\/\/7ports.com.br\/index.php?rest_route=\/wp\/v2\/posts"}],"about":[{"href":"https:\/\/7ports.com.br\/index.php?rest_route=\/wp\/v2\/types\/post"}],"author":[{"embeddable":true,"href":"https:\/\/7ports.com.br\/index.php?rest_route=\/wp\/v2\/users\/1"}],"replies":[{"embeddable":true,"href":"https:\/\/7ports.com.br\/index.php?rest_route=%2Fwp%2Fv2%2Fcomments&post=11237"}],"version-history":[{"count":2,"href":"https:\/\/7ports.com.br\/index.php?rest_route=\/wp\/v2\/posts\/11237\/revisions"}],"predecessor-version":[{"id":11253,"href":"https:\/\/7ports.com.br\/index.php?rest_route=\/wp\/v2\/posts\/11237\/revisions\/11253"}],"wp:attachment":[{"href":"https:\/\/7ports.com.br\/index.php?rest_route=%2Fwp%2Fv2%2Fmedia&parent=11237"}],"wp:term":[{"taxonomy":"category","embeddable":true,"href":"https:\/\/7ports.com.br\/index.php?rest_route=%2Fwp%2Fv2%2Fcategories&post=11237"},{"taxonomy":"post_tag","embeddable":true,"href":"https:\/\/7ports.com.br\/index.php?rest_route=%2Fwp%2Fv2%2Ftags&post=11237"},{"taxonomy":"post_folder","embeddable":true,"href":"https:\/\/7ports.com.br\/index.php?rest_route=%2Fwp%2Fv2%2Fpost_folder&post=11237"}],"curies":[{"name":"wp","href":"https:\/\/api.w.org\/{rel}","templated":true}]}}