
{"id":11241,"date":"2026-08-31T02:04:27","date_gmt":"2026-08-31T05:04:27","guid":{"rendered":"https:\/\/7ports.com.br\/?p=11241"},"modified":"2026-08-31T02:26:07","modified_gmt":"2026-08-31T05:26:07","slug":"display-03","status":"publish","type":"post","link":"https:\/\/7ports.com.br\/?p=11241","title":{"rendered":"Renan \u00e9 ou n\u00e3o candidato"},"content":{"rendered":"\n<p>Por&nbsp;<a href=\"https:\/\/horanews.uai.com.br\/autores\/diogo-marcondes\">Diogo Marcondes<\/a><\/p>\n\n\n\n<p>30\/08\/2026, 23h10<\/p>\n\n\n\n<figure class=\"wp-block-image\"><img decoding=\"async\" src=\"https:\/\/cdn.i7.network\/articles\/2026\/08\/JZeS9FTP2LwUHBE3aXh0lWu0KfpHydtH3Zb0mxB5.jpg\" alt=\"Reprodu\u00e7\u00e3o Globo\"\/><\/figure>\n\n\n\n<p>O ministro do Tribunal Superior Eleitoral (TSE) Dias Toffoli retirou de pauta o pedido de registro de candidatura de Renan Santos, do partido Miss\u00e3o, \u00e0 Presid\u00eancia da Rep\u00fablica. A decis\u00e3o foi publicada neste domingo (30), um dia antes do in\u00edcio previsto para o julgamento do registro no plen\u00e1rio virtual da Corte. O procedimento \u00e9 necess\u00e1rio para que a Justi\u00e7a Eleitoral analise a regularidade da candidatura apresentada para a disputa presidencial.<\/p>\n\n\n\n<p>Segundo Toffoli, h\u00e1 ind\u00edcios de poss\u00edveis irregularidades relacionados \u00e0 declara\u00e7\u00e3o das contas utilizadas nas redes sociais durante a campanha. O ministro apontou que Renan Santos e seu vice, Aroldo Medina, apresentaram 18 perfis em documentos encaminhados ao TSE em 19 de agosto. No pedido de registro apresentado originalmente em 7 de agosto, por\u00e9m, havia sido informada apenas uma conta na rede social X e um site.<\/p>\n\n\n\n<h2 class=\"wp-block-heading\">Diverg\u00eancia de informa\u00e7\u00f5es<\/h2>\n\n\n\n<p>A diferen\u00e7a entre as informa\u00e7\u00f5es chamou a aten\u00e7\u00e3o da Corte porque a legisla\u00e7\u00e3o eleitoral estabelece regras para as contas utilizadas por candidatos durante a campanha. Com a aus\u00eancia dos demais perfis no registro inicial, as plataformas respons\u00e1veis pelas redes sociais n\u00e3o teriam recebido todas as informa\u00e7\u00f5es necess\u00e1rias para cumprir uma das determina\u00e7\u00f5es do TSE relacionada \u00e0 retirada das p\u00e1ginas pol\u00edticas dos algoritmos de recomenda\u00e7\u00e3o durante o per\u00edodo eleitoral.<\/p>\n\n\n\n<p>Com a retirada do processo da pauta, os advogados da candidatura de Renan Santos ter\u00e3o prazo para apresentar manifesta\u00e7\u00e3o. Depois disso, o TSE poder\u00e1 analisar novamente as informa\u00e7\u00f5es apresentadas pela chapa. Segundo uma resolu\u00e7\u00e3o da Corte, endere\u00e7os eletr\u00f4nicos preexistentes que n\u00e3o tenham sido informados no registro somente podem ser utilizados em campanha 48 horas depois de serem registrados na Justi\u00e7a Eleitoral. Toffoli apontou no despacho os dispositivos legais que, na avalia\u00e7\u00e3o dele, podem ter sido descumpridos.<\/p>\n\n\n\n<h2 class=\"wp-block-heading\">Quem \u00e9 Renan Santos?<\/h2>\n\n\n\n<p>Renan Santos tem 42 anos e disputa pela primeira vez uma elei\u00e7\u00e3o presidencial. Empres\u00e1rio e ativista pol\u00edtico, ele lidera o Movimento Brasil Livre (MBL), organiza\u00e7\u00e3o que ajudou a fundar em 2014. O partido Miss\u00e3o foi criado em 2025 e ter\u00e1 o candidato na disputa presidencial. Entre as propostas apresentadas por Renan est\u00e3o mudan\u00e7as nas regras de reelei\u00e7\u00e3o de prefeitos, altera\u00e7\u00f5es nas rela\u00e7\u00f5es trabalhistas, extin\u00e7\u00e3o da Justi\u00e7a do Trabalho, cria\u00e7\u00e3o de uma reserva nacional em criptomoedas e medidas para reduzir a depend\u00eancia de programas de transfer\u00eancia de renda.<\/p>\n\n\n\n<p><a href=\"https:\/\/horanews.uai.com.br\/noticia\/815625\/noticias\/foi-isso-que-causou-incendio-na-casa-do-ministro-nunes-marques-bombeiros-foram-chamados-30082026\">Continue lendo<\/a><\/p>\n","protected":false},"excerpt":{"rendered":"<p>Por&nbsp;Diogo Marcondes 30\/08\/2026, 23h10 O ministro do Tribunal Superior Eleitoral (TSE) Dias Toffoli retirou de pauta o pedido de registro de candidatura de Renan Santos, do partido Miss\u00e3o, \u00e0 Presid\u00eancia<\/p>\n","protected":false},"author":1,"featured_media":11251,"comment_status":"closed","ping_status":"closed","sticky":false,"template":"","format":"standard","meta":[],"categories":[746],"tags":[],"post_folder":[],"_links":{"self":[{"href":"https:\/\/7ports.com.br\/index.php?rest_route=\/wp\/v2\/posts\/11241"}],"collection":[{"href":"https:\/\/7ports.com.br\/index.php?rest_route=\/wp\/v2\/posts"}],"about":[{"href":"https:\/\/7ports.com.br\/index.php?rest_route=\/wp\/v2\/types\/post"}],"author":[{"embeddable":true,"href":"https:\/\/7ports.com.br\/index.php?rest_route=\/wp\/v2\/users\/1"}],"replies":[{"embeddable":true,"href":"https:\/\/7ports.com.br\/index.php?rest_route=%2Fwp%2Fv2%2Fcomments&post=11241"}],"version-history":[{"count":3,"href":"https:\/\/7ports.com.br\/index.php?rest_route=\/wp\/v2\/posts\/11241\/revisions"}],"predecessor-version":[{"id":11250,"href":"https:\/\/7ports.com.br\/index.php?rest_route=\/wp\/v2\/posts\/11241\/revisions\/11250"}],"wp:featuredmedia":[{"embeddable":true,"href":"https:\/\/7ports.com.br\/index.php?rest_route=\/wp\/v2\/media\/11251"}],"wp:attachment":[{"href":"https:\/\/7ports.com.br\/index.php?rest_route=%2Fwp%2Fv2%2Fmedia&parent=11241"}],"wp:term":[{"taxonomy":"category","embeddable":true,"href":"https:\/\/7ports.com.br\/index.php?rest_route=%2Fwp%2Fv2%2Fcategories&post=11241"},{"taxonomy":"post_tag","embeddable":true,"href":"https:\/\/7ports.com.br\/index.php?rest_route=%2Fwp%2Fv2%2Ftags&post=11241"},{"taxonomy":"post_folder","embeddable":true,"href":"https:\/\/7ports.com.br\/index.php?rest_route=%2Fwp%2Fv2%2Fpost_folder&post=11241"}],"curies":[{"name":"wp","href":"https:\/\/api.w.org\/{rel}","templated":true}]}}