
{"id":11280,"date":"2026-09-01T21:57:14","date_gmt":"2026-09-02T00:57:14","guid":{"rendered":"https:\/\/7ports.com.br\/?p=11280"},"modified":"2026-09-01T21:59:06","modified_gmt":"2026-09-02T00:59:06","slug":"russia-ataca-alemanha","status":"publish","type":"post","link":"https:\/\/7ports.com.br\/?p=11280","title":{"rendered":"Russia ataca Alemanha"},"content":{"rendered":"\n<h2 class=\"wp-block-heading\">Alemanha afirma que R\u00fassia est\u00e1 por tr\u00e1s do ataque com drone ao aeroporto de Leipzig<\/h2>\n\n\n\n<p>Fonte: BBC<\/p>\n\n\n\n<p>A Alemanha afirmou que a R\u00fassia foi respons\u00e1vel pelo ataque com drones ocorrido no m\u00eas passado no aeroporto de Leipzig.<\/p>\n\n\n\n<p>Um drone carregando um dispositivo explosivo foi descoberto no Aeroporto de Leipzig\/Halle, no leste da Alemanha, pr\u00f3ximo a avi\u00f5es de carga ucranianos, em 4 de agosto.<\/p>\n\n\n\n<p>O drone n\u00e3o explodiu porque o detonador aparentemente estava com defeito, e os investigadores suspeitam que um segundo drone colidiu com uma aeronave de carga nas proximidades. Um terceiro drone teria sido encontrado perto do aeroporto 10 dias depois.<\/p>\n\n\n\n<p>O ministro do Interior, Alexander Dobrindt, afirmou que o ataque ao aeroporto de Leipzig seguiu o &#8220;padr\u00e3o bem estabelecido de opera\u00e7\u00f5es h\u00edbridas russas na Europa&#8221; e que a suposi\u00e7\u00e3o era de que a Alemanha seria alvo de um novo ataque.<\/p>\n\n\n\n<p>A embaixada russa em Berlim afirmou que a alega\u00e7\u00e3o era &#8220;absurda&#8221;.<\/p>\n\n\n\n<p>Dobrindt afirmou que a an\u00e1lise do equipamento utilizado, juntamente com as informa\u00e7\u00f5es de intelig\u00eancia, comprovou o envolvimento russo no ataque.<\/p>\n\n\n\n<p>O ministro das Rela\u00e7\u00f5es Exteriores da Alemanha, Johann Wadephul, que estava ao lado de Dobrindt em uma coletiva de imprensa em Berlim, disse que ordenaria o fechamento do consulado russo em Bonn e que o contrato da Casa Russa em Berlim tamb\u00e9m seria rescindido \u2013 local que, segundo muitos observadores, vinha sendo usado para espionagem e para disseminar propaganda russa.<\/p>\n\n\n\n<p>Ele tamb\u00e9m anunciou controles de entrada mais rigorosos para cidad\u00e3os russos e prometeu aumentar a press\u00e3o sobre a frota paralela de Moscou \u2013 antigos navios-tanque usados \u200b\u200bpela R\u00fassia para burlar as san\u00e7\u00f5es ocidentais ap\u00f3s a invas\u00e3o da Ucr\u00e2nia em 2022.<\/p>\n\n\n\n<p>Wadephul disse ter convocado o embaixador da R\u00fassia na Alemanha, Sergei Nechayev. Ele foi visto chegando ao Minist\u00e9rio das Rela\u00e7\u00f5es Exteriores pouco depois do an\u00fancio.<\/p>\n\n\n\n<p>Maria Zakharova, porta-voz do Minist\u00e9rio das Rela\u00e7\u00f5es Exteriores da R\u00fassia, afirmou que Moscou responderia \u00e0s medidas alem\u00e3s de forma &#8220;imitativa&#8221;, enquanto a embaixada russa descreveu as medidas como uma &#8220;escalada sem precedentes nas rela\u00e7\u00f5es russo-alem\u00e3s&#8221;.<\/p>\n\n\n\n<p>&#8220;Berlim est\u00e1 patrocinando o terrorismo&#8221;, disse Zakharova \u00e0 Ag\u00eancia de Imprensa Alem\u00e3, referindo-se ao apoio militar e econ\u00f4mico fornecido \u00e0 Ucr\u00e2nia.<\/p>\n\n\n\n<p>J\u00e1 houve sugest\u00f5es anteriores de que o Goethe-Institut em Moscou teria que cessar suas atividades caso os alem\u00e3es levassem adiante o fechamento da Casa Russa.<\/p>\n\n\n\n<p>Especialistas em seguran\u00e7a especularam que a R\u00fassia poderia ser a respons\u00e1vel, por\u00e9m a R\u00fassia sempre rejeitou as acusa\u00e7\u00f5es de envolvimento.<\/p>\n\n\n\n<p>O Aeroporto de Leipzig\/Halle, no leste do pa\u00eds, \u00e9 utilizado pelas for\u00e7as armadas alem\u00e3s e seus aliados da OTAN para o transporte de material b\u00e9lico e tamb\u00e9m serve como base para a Antonov Airlines da Ucr\u00e2nia, respons\u00e1vel pela maior parte da carga a\u00e9rea do pa\u00eds.<\/p>\n\n\n\n<p>O chefe da OTAN, Mark Rutte, disse que a organiza\u00e7\u00e3o &#8220;se solidariza totalmente com a Alemanha&#8221;.<\/p>\n\n\n\n<p>&#8220;As evid\u00eancias s\u00e3o claras. E sa\u00fado as medidas anunciadas pela Alemanha em resposta&#8221;, escreveu ele no X.<\/p>\n\n\n\n<p>A quest\u00e3o seria discutida em uma reuni\u00e3o de ministros das Rela\u00e7\u00f5es Exteriores da UE na Irlanda ainda nesta ter\u00e7a-feira.<\/p>\n\n\n\n<p>A presidente da Comiss\u00e3o Europeia, Ursula von der Leyen, escreveu no X: &#8220;Estamos unidos na nossa determina\u00e7\u00e3o de resistir \u00e0 agress\u00e3o russa. Impediremos qualquer um que procure minar a nossa liberdade e seguran\u00e7a.&#8221;<\/p>\n\n\n\n<p>Ela acrescentou que a UE estava preparando san\u00e7\u00f5es adicionais contra a R\u00fassia.<\/p>\n\n\n\n<p>O primeiro-ministro polon\u00eas, Donald Tusk, afirmou que a R\u00fassia est\u00e1 &#8220;aumentando a tens\u00e3o em toda a regi\u00e3o&#8221;. Promotores poloneses est\u00e3o investigando se servi\u00e7os de intelig\u00eancia estrangeiros estiveram envolvidos em um inc\u00eandio ocorrido na segunda-feira em uma f\u00e1brica de componentes para drones.<\/p>\n\n\n\n<p>Entretanto, o primeiro-ministro brit\u00e2nico, Andy Burnham, afirmou: &#8220;As tentativas russas de minar nossa determina\u00e7\u00e3o unida e nossa disposi\u00e7\u00e3o de apoiar a Ucr\u00e2nia s\u00e3o f\u00fateis e fadadas ao fracasso.&#8221;<\/p>\n\n\n\n<p>A Alemanha \u00e9 um dos v\u00e1rios estados membros da OTAN que relataram avistamentos de drones em aeroportos, instala\u00e7\u00f5es militares e industriais no \u00faltimo ano.<\/p>\n\n\n\n<p>At\u00e9 agora, Berlim manteve-se em sil\u00eancio sobre quem poderia estar por tr\u00e1s do ataque em Leipzig, limitando-se a dizer que &#8220;pot\u00eancias estrangeiras&#8221; poderiam estar envolvidas.<\/p>\n\n\n\n<p>A m\u00eddia americana j\u00e1 havia noticiado que autoridades dos EUA haviam relacionado o incidente \u00e0 R\u00fassia.<\/p>\n\n\n\n<p>Berlim alertou que o pa\u00eds \u00e9 um &#8220;alvo di\u00e1rio&#8221; de guerra h\u00edbrida, e o chanceler Friedrich Merz advertiu na semana passada que aqueles que realizarem atos hostis contra a Alemanha &#8220;pagar\u00e3o um pre\u00e7o&#8221;.<\/p>\n\n\n\n<p>O governo pretende refor\u00e7ar os poderes dos seus servi\u00e7os de intelig\u00eancia, que h\u00e1 muito s\u00e3o criticados pela sua relativa inefic\u00e1cia, para combater essas amea\u00e7as.<\/p>\n\n\n\n<p>A Alemanha \u00e9 um dos principais apoiadores da Ucr\u00e2nia, e Merz n\u00e3o esconde seu apoio a Kiev.<\/p>\n\n\n\n<p>No entanto, um deputado do partido Democrata Crist\u00e3o (CDU) de Merz afirmou que as medidas tomadas at\u00e9 agora contra a R\u00fassia &#8220;ficam muito aqu\u00e9m do necess\u00e1rio&#8221; e que Moscou &#8220;simplesmente ri&#8221; quando seu embaixador \u00e9 convocado.<\/p>\n\n\n\n<p>&#8220;De uma na\u00e7\u00e3o que se autoproclama l\u00edder, espero coragem e determina\u00e7\u00e3o, n\u00e3o autodestrui\u00e7\u00e3o e apaziguamento&#8221;, disse Roderich Kiesewetter.<\/p>\n\n\n\n<p>N\u00e3o \u00e9 dif\u00edcil imaginar por que avi\u00f5es de carga ucranianos em um importante centro log\u00edstico alem\u00e3o poderiam estar na mira de Moscou.<\/p>\n\n\n\n<p>Mas este an\u00fancio surge num momento delicado para o governo de Merz.<\/p>\n\n\n\n<p>Uma elei\u00e7\u00e3o estadual crucial no estado da Sax\u00f4nia-Anhalt, no leste da Alemanha,&nbsp;<a href=\"https:\/\/www.bbc.co.uk\/news\/articles\/cddv43d4jn2o\">pode levar o partido de extrema-direita Alternativa para a Alemanha (AfD) ao poder<\/a>&nbsp;em n\u00edvel estadual pela primeira vez.<\/p>\n\n\n\n<p>O AfD, maior partido da oposi\u00e7\u00e3o na Alemanha, quer interromper o envio de apoio \u00e0 Ucr\u00e2nia e restabelecer rela\u00e7\u00f5es com a R\u00fassia.<\/p>\n\n\n\n<p>Em outro desenvolvimento, a pol\u00edcia alem\u00e3 disse que estava investigando a descoberta de artefatos explosivos e incendi\u00e1rios improvisados \u200b\u200bem uma subesta\u00e7\u00e3o de energia no estado de Brandemburgo, no leste do pa\u00eds, na ter\u00e7a-feira.<\/p>\n\n\n\n<p>Uma linha de energia foi danificada, causando uma interrup\u00e7\u00e3o tempor\u00e1ria no fornecimento de eletricidade. N\u00e3o se sabe quem instalou os dispositivos.<\/p>\n\n\n\n<p><a href=\"https:\/\/www.bbc.co.uk\/news\/articles\/cp9edjpvplpo\"><\/a><\/p>\n\n\n\n<h2 class=\"wp-block-heading\"><a href=\"https:\/\/www.bbc.co.uk\/news\/articles\/cp9edjpvplpo\">Alemanha investiga liga\u00e7\u00f5es com a R\u00fassia em arsenal descoberto em floresta, segundo relatos.<\/a><\/h2>\n\n\n\n<p><a href=\"https:\/\/www.bbc.co.uk\/news\/articles\/cddv71p4j2jo\"><\/a><\/p>\n\n\n\n<h2 class=\"wp-block-heading\"><a href=\"https:\/\/www.bbc.co.uk\/news\/articles\/cddv71p4j2jo\">O ministro alem\u00e3o Merz alerta que os agressores &#8220;pagar\u00e3o o pre\u00e7o&#8221; ap\u00f3s incidente com drone.<\/a><\/h2>\n\n\n\n<p><a href=\"https:\/\/www.bbc.co.uk\/news\/articles\/ckgdmrxxkdxo\"><\/a><\/p>\n\n\n\n<h2 class=\"wp-block-heading\"><a href=\"https:\/\/www.bbc.co.uk\/news\/articles\/ckgdmrxxkdxo\">Ataque com drone em aeroporto alem\u00e3o: R\u00fassia poderia estar envolvida?<\/a><\/h2>\n","protected":false},"excerpt":{"rendered":"<p>Alemanha afirma que R\u00fassia est\u00e1 por tr\u00e1s do ataque com drone ao aeroporto de Leipzig Fonte: BBC A Alemanha afirmou que a R\u00fassia foi respons\u00e1vel pelo ataque com drones ocorrido<\/p>\n","protected":false},"author":1,"featured_media":11276,"comment_status":"closed","ping_status":"closed","sticky":false,"template":"","format":"standard","meta":[],"categories":[745,746],"tags":[],"post_folder":[],"_links":{"self":[{"href":"https:\/\/7ports.com.br\/index.php?rest_route=\/wp\/v2\/posts\/11280"}],"collection":[{"href":"https:\/\/7ports.com.br\/index.php?rest_route=\/wp\/v2\/posts"}],"about":[{"href":"https:\/\/7ports.com.br\/index.php?rest_route=\/wp\/v2\/types\/post"}],"author":[{"embeddable":true,"href":"https:\/\/7ports.com.br\/index.php?rest_route=\/wp\/v2\/users\/1"}],"replies":[{"embeddable":true,"href":"https:\/\/7ports.com.br\/index.php?rest_route=%2Fwp%2Fv2%2Fcomments&post=11280"}],"version-history":[{"count":1,"href":"https:\/\/7ports.com.br\/index.php?rest_route=\/wp\/v2\/posts\/11280\/revisions"}],"predecessor-version":[{"id":11281,"href":"https:\/\/7ports.com.br\/index.php?rest_route=\/wp\/v2\/posts\/11280\/revisions\/11281"}],"wp:featuredmedia":[{"embeddable":true,"href":"https:\/\/7ports.com.br\/index.php?rest_route=\/wp\/v2\/media\/11276"}],"wp:attachment":[{"href":"https:\/\/7ports.com.br\/index.php?rest_route=%2Fwp%2Fv2%2Fmedia&parent=11280"}],"wp:term":[{"taxonomy":"category","embeddable":true,"href":"https:\/\/7ports.com.br\/index.php?rest_route=%2Fwp%2Fv2%2Fcategories&post=11280"},{"taxonomy":"post_tag","embeddable":true,"href":"https:\/\/7ports.com.br\/index.php?rest_route=%2Fwp%2Fv2%2Ftags&post=11280"},{"taxonomy":"post_folder","embeddable":true,"href":"https:\/\/7ports.com.br\/index.php?rest_route=%2Fwp%2Fv2%2Fpost_folder&post=11280"}],"curies":[{"name":"wp","href":"https:\/\/api.w.org\/{rel}","templated":true}]}}