
{"id":1607,"date":"2021-06-08T14:09:40","date_gmt":"2021-06-08T17:09:40","guid":{"rendered":"https:\/\/7ports.com.br\/?p=1607"},"modified":"2021-08-13T02:23:18","modified_gmt":"2021-08-13T05:23:18","slug":"mudancas-climaticas-colocam-a-industria-do-cafe-em-risco","status":"publish","type":"post","link":"https:\/\/7ports.com.br\/?p=1607","title":{"rendered":"CAF\u00c9: Mudan\u00e7as clim\u00e1ticas colocam a ind\u00fastria do caf\u00e9 em risco."},"content":{"rendered":"\n<div class=\"wp-block-media-text alignwide has-media-on-the-right is-stacked-on-mobile is-vertically-aligned-top\"><figure class=\"wp-block-media-text__media\"><img decoding=\"async\" loading=\"lazy\" width=\"440\" height=\"440\" src=\"https:\/\/7ports.com.br\/wp-content\/uploads\/2021\/06\/8320263216_5a1c3e3e81_o-440x440-1.jpg\" alt=\"\" class=\"wp-image-1612 size-full\" srcset=\"https:\/\/7ports.com.br\/wp-content\/uploads\/2021\/06\/8320263216_5a1c3e3e81_o-440x440-1.jpg 440w, https:\/\/7ports.com.br\/wp-content\/uploads\/2021\/06\/8320263216_5a1c3e3e81_o-440x440-1-300x300.jpg 300w, https:\/\/7ports.com.br\/wp-content\/uploads\/2021\/06\/8320263216_5a1c3e3e81_o-440x440-1-100x100.jpg 100w, https:\/\/7ports.com.br\/wp-content\/uploads\/2021\/06\/8320263216_5a1c3e3e81_o-440x440-1-150x150.jpg 150w\" sizes=\"(max-width: 440px) 100vw, 440px\" \/><\/figure><div class=\"wp-block-media-text__content\">\n<p>\u00c0 medida que as temperaturas sobem, cresce a possibilidade de seca e doen\u00e7as que matam insetos essenciais ao caf\u00e9<\/p>\n\n\n\n<p>Pr\u00e1ticas agr\u00edcolas irrespons\u00e1veis, m\u00e1 gest\u00e3o da \u00e1gua e depend\u00eancia de pesticidas e fertilizantes est\u00e3o deixando a produ\u00e7\u00e3o de caf\u00e9 vulner\u00e1vel \u00e0s&nbsp;<a href=\"https:\/\/areferencia.com\/mundo\/queda-na-emissao-de-gases-nao-deve-frear-mudancas-climaticas\/\">mudan\u00e7as clim\u00e1ticas<\/a>. A conclus\u00e3o \u00e9 da organiza\u00e7\u00e3o de m\u00eddia norte-americana&nbsp;<a href=\"https:\/\/inkstickmedia.com\/preventing-a-climate-coffee-catastrophe\/\">Inkstick<\/a>, em artigo publicado nesta ter\u00e7a (1).<\/p>\n\n\n\n<p>\u00c0 medida em que as temperaturas sobem no planeta, aumenta tamb\u00e9m a probabilidade de seca e de doen\u00e7as que matam os insetos polinizadores essenciais para o crescimento do caf\u00e9. A falta desses insetos, por\u00e9m, afeta com mais for\u00e7a os 12,5 milh\u00f5es de&nbsp;<a href=\"https:\/\/areferencia.com\/democracia-no-mundo\/protestos-se-intensificam-e-agricultores-comecam-greve-de-fome-na-india\/\">pequenos agricultores<\/a>&nbsp;espalhados pelo mundo.<\/p>\n<\/div><\/div>\n\n\n\n<p>Pr\u00e1ticas agr\u00edcolas irrespons\u00e1veis, m\u00e1 gest\u00e3o da \u00e1gua e depend\u00eancia de pesticidas e fertilizantes est\u00e3o deixando a produ\u00e7\u00e3o de caf\u00e9 vulner\u00e1vel \u00e0s&nbsp;<a href=\"https:\/\/areferencia.com\/mundo\/queda-na-emissao-de-gases-nao-deve-frear-mudancas-climaticas\/\">mudan\u00e7as clim\u00e1ticas<\/a>. A conclus\u00e3o \u00e9 da organiza\u00e7\u00e3o de m\u00eddia norte-americana&nbsp;<a href=\"https:\/\/inkstickmedia.com\/preventing-a-climate-coffee-catastrophe\/\">Inkstick<\/a>, em artigo publicado nesta ter\u00e7a (1).<\/p>\n\n\n\n<p>\u00c0 medida em que as temperaturas sobem no planeta, aumenta tamb\u00e9m a probabilidade de seca e de doen\u00e7as que matam os insetos polinizadores essenciais para o crescimento do caf\u00e9. A falta desses insetos, por\u00e9m, afeta com mais for\u00e7a os 12,5 milh\u00f5es de&nbsp;<a href=\"https:\/\/areferencia.com\/democracia-no-mundo\/protestos-se-intensificam-e-agricultores-comecam-greve-de-fome-na-india\/\">pequenos agricultores<\/a>&nbsp;espalhados pelo mundo.<\/p>\n\n\n\n<figure class=\"wp-block-image size-large is-style-default\"><img decoding=\"async\" src=\"https:\/\/7ports.com.br\/wp-content\/uploads\/2021\/06\/karl-fredrickson-tyizeciz-60-unsplash-440x440-1.jpg-1.jpg\" alt=\"\" class=\"wp-image-1610\"\/><\/figure>\n\n\n\n<p><\/p>\n","protected":false},"excerpt":{"rendered":"<p>\u00c0 medida que as temperaturas sobem, cresce a possibilidade de seca e doen\u00e7as que matam insetos essenciais ao caf\u00e9 Pr\u00e1ticas agr\u00edcolas irrespons\u00e1veis, m\u00e1 gest\u00e3o da \u00e1gua e depend\u00eancia de pesticidas<\/p>\n","protected":false},"author":1,"featured_media":1608,"comment_status":"open","ping_status":"closed","sticky":false,"template":"","format":"standard","meta":[],"categories":[1],"tags":[],"_links":{"self":[{"href":"https:\/\/7ports.com.br\/index.php?rest_route=\/wp\/v2\/posts\/1607"}],"collection":[{"href":"https:\/\/7ports.com.br\/index.php?rest_route=\/wp\/v2\/posts"}],"about":[{"href":"https:\/\/7ports.com.br\/index.php?rest_route=\/wp\/v2\/types\/post"}],"author":[{"embeddable":true,"href":"https:\/\/7ports.com.br\/index.php?rest_route=\/wp\/v2\/users\/1"}],"replies":[{"embeddable":true,"href":"https:\/\/7ports.com.br\/index.php?rest_route=%2Fwp%2Fv2%2Fcomments&post=1607"}],"version-history":[{"count":7,"href":"https:\/\/7ports.com.br\/index.php?rest_route=\/wp\/v2\/posts\/1607\/revisions"}],"predecessor-version":[{"id":2123,"href":"https:\/\/7ports.com.br\/index.php?rest_route=\/wp\/v2\/posts\/1607\/revisions\/2123"}],"wp:featuredmedia":[{"embeddable":true,"href":"https:\/\/7ports.com.br\/index.php?rest_route=\/wp\/v2\/media\/1608"}],"wp:attachment":[{"href":"https:\/\/7ports.com.br\/index.php?rest_route=%2Fwp%2Fv2%2Fmedia&parent=1607"}],"wp:term":[{"taxonomy":"category","embeddable":true,"href":"https:\/\/7ports.com.br\/index.php?rest_route=%2Fwp%2Fv2%2Fcategories&post=1607"},{"taxonomy":"post_tag","embeddable":true,"href":"https:\/\/7ports.com.br\/index.php?rest_route=%2Fwp%2Fv2%2Ftags&post=1607"}],"curies":[{"name":"wp","href":"https:\/\/api.w.org\/{rel}","templated":true}]}}