
{"id":2311,"date":"2021-06-21T19:21:14","date_gmt":"2021-06-21T22:21:14","guid":{"rendered":"https:\/\/7ports.com.br\/?p=2311"},"modified":"2022-02-10T02:07:58","modified_gmt":"2022-02-10T05:07:58","slug":"filosofia-alvim-toffler","status":"publish","type":"post","link":"https:\/\/7ports.com.br\/?p=2311","title":{"rendered":"Filosofias"},"content":{"rendered":"\n<p>N\u00e3o se sabe ao certo se a&nbsp;<strong>Filosofia<\/strong>&nbsp;tem mais ou menos 2600 ou 5000 anos de tradi\u00e7\u00e3o. Se considerarmos a influ\u00eancia do pensamento eg\u00edpcio sobre os povos&nbsp;<a href=\"https:\/\/brasilescola.uol.com.br\/historiag\/gregos.htm\"><strong>gregos<\/strong><\/a>, a Filosofia pode ter mais de 3000 anos e, se considerarmos que j\u00e1 havia uma produ\u00e7\u00e3o de um tipo de pensamento filos\u00f3fico no&nbsp;<strong>extremo oriente<\/strong>, a raiz primeira da Filosofia que pode ser identificada nos antigos&nbsp;<strong>ensinamentos budistas<\/strong>&nbsp;j\u00e1 passa dos 5.000 anos de exist\u00eancia.<\/p>\n\n\n\n<p>\u00c9 fato que a Filosofia \u00e9 uma forma de&nbsp;<strong>pensamento<\/strong>&nbsp;<strong>organizado,<\/strong>&nbsp;<strong>conceitual<\/strong>&nbsp;e que tem a capacidade de movimentar o pr\u00f3prio pensamento por meio da identifica\u00e7\u00e3o e da formula\u00e7\u00e3o de problemas, ou seja, a Filosofia \u00e9, por natureza,&nbsp;<strong>problematizadora<\/strong>, evitando fornecer respostas prontas para as quest\u00f5es levantadas e criando novas quest\u00f5es, novas perguntas e novos problemas que fazem com que o pensamento nunca cesse seu ciclo de exist\u00eancia.<\/p>\n\n\n\n<p>N\u00e3o importando, por ora, a sua origem certa, o importante \u00e9 saber que&nbsp;<strong>n\u00e3o h\u00e1 uma resposta \u00fanica e definitiva para a pergunta \u201co que \u00e9 filosofia?\u201d<\/strong>. Diversos fil\u00f3sofos, em diversos locais e \u00e9pocas diferentes, responderam a essa pergunta, n\u00e3o necessariamente de uma maneira expl\u00edcita. Muitos o fizeram por meio da pr\u00e1tica (fazendo as suas filosofias), cada qual do seu modo.<\/p>\n\n\n\n<p>Para os gregos&nbsp;<a href=\"https:\/\/brasilescola.uol.com.br\/filosofia\/escolas-filosoficas-pre-socraticas.htm\"><strong>pr\u00e9-socr\u00e1ticos<\/strong><\/a>, a Filosofia era uma maneira racional de se investigar a origem do universo por meio da formula\u00e7\u00e3o de teorias contr\u00e1rias, muitas vezes, \u00e0s afirma\u00e7\u00f5es dos mitos. Para&nbsp;<strong>S\u00f3crates<\/strong>, a Filosofia seria um olhar para dentro de si e uma forma de extrair as ideias verdadeiras sobre aquilo que o pr\u00f3prio ser humano desenvolveu mediante a cria\u00e7\u00e3o das sociedades.<\/p>\n\n\n\n<p>Para os&nbsp;<a href=\"https:\/\/brasilescola.uol.com.br\/filosofia\/periodo-helenistico-1.htm\"><strong>helenistas<\/strong><\/a>, a Filosofia era uma esp\u00e9cie de pr\u00e1tica de vida para alcan\u00e7ar a plenitude e a&nbsp;<strong>felicidade.<\/strong>&nbsp;Para os&nbsp;<a href=\"https:\/\/brasilescola.uol.com.br\/historiag\/filosofia-medieval.htm\"><strong>medievais<\/strong><\/a>, a Filosofia estaria&nbsp;<strong>submetida \u00e0&nbsp;<a href=\"https:\/\/brasilescola.uol.com.br\/filosofia\/filosofia-crista.htm\">Teologia<\/a><\/strong>, e a sabedoria infinita de Deus teria dado ao ser humano a possibilidade do conhecimento racional.<\/p>\n\n\n\n<p>J\u00e1 os&nbsp;<strong>modernos<\/strong>&nbsp;voltaram-se para a quest\u00e3o do&nbsp;<strong>conhecimento<\/strong>&nbsp;e da&nbsp;<strong>ci\u00eancia,<\/strong>&nbsp;al\u00e9m da&nbsp;<strong>pol\u00edtica<\/strong>&nbsp;e da&nbsp;<strong>\u00e9tica,<\/strong>&nbsp;desenvolvendo um pensamento que resgatava certas caracter\u00edsticas dos gregos, mas as aprimorava. J\u00e1 na&nbsp;<strong>contemporaneidade,<\/strong>&nbsp;a Filosofia abra\u00e7ou novos problemas, caracter\u00edsticos de nossa \u00e9poca, para desenvolver&nbsp;<strong>novos<\/strong>&nbsp;<strong>problemas<\/strong>&nbsp;e&nbsp;<strong>novos<\/strong>&nbsp;<strong>conceitos<\/strong>&nbsp;sobre eles.<\/p>\n\n\n\n<p><strong>Acesse tamb\u00e9m:<\/strong>&nbsp;<a href=\"https:\/\/brasilescola.uol.com.br\/literatura\/historia-da-literatura.htm\">Conhe\u00e7a tamb\u00e9m a hist\u00f3ria da Literatura<\/a>N\u00e3o pare agora&#8230; Tem mais depois da publicidade ;)https:\/\/da95a194c2a35711bd8a30035d45c9d8.safeframe.googlesyndication.com\/safeframe\/1-0-38\/html\/container.html<\/p>\n\n\n\n<h2 class=\"wp-block-heading\"><strong>Conceito de Filosofia<\/strong><\/h2>\n\n\n\n<p>N\u00e3o \u00e9 poss\u00edvel apresentar uma resposta pronta, definitiva e \u00faltima para a pergunta sobre a ess\u00eancia da Filosofia. O que apresentaremos aqui ser\u00e1 uma tentativa de&nbsp;<strong>resposta<\/strong>&nbsp;<strong>gen\u00e9rica,<\/strong>&nbsp;mas que n\u00e3o deixa de partir de determinados pontos de vista que podem ser aplicados em determinadas circunst\u00e2ncias.<\/p>\n\n\n\n<p>A Filosofia \u00e9 um&nbsp;<strong>ramo<\/strong>&nbsp;<strong>do<\/strong>&nbsp;<strong>saber<\/strong>&nbsp;que procura entender os conceitos ou as&nbsp;<strong>ess\u00eancias<\/strong>&nbsp;de tudo o que existe no mundo, criando, assim, as&nbsp;<strong>defini\u00e7\u00f5es<\/strong>&nbsp;<strong>conceituais.<\/strong>&nbsp;Os conceitos, que nascem daquelas defini\u00e7\u00f5es, s\u00e3o, por sua vez, significados complexos que movimentam problem\u00e1ticas. Os&nbsp;<strong>problemas<\/strong>&nbsp;tamb\u00e9m s\u00e3o processos pelos quais a Filosofia funciona.<\/p>\n\n\n\n<p>Um problema, uma pergunta, uma quest\u00e3o \u00e9 um processo que visa a procurar uma defini\u00e7\u00e3o sobre algo. Perguntar \u201co que \u00e9?\u201d, \u201ccomo \u00e9?\u201d ou \u201cpor que \u00e9?\u201d \u00e9 formular um problema, e responder a essa pergunta \u00e9 criar um conceito. Portanto,<strong>&nbsp;perguntar o que \u00e9 a Filosofia \u00e9 uma atitude filos\u00f3fica.<\/strong><\/p>\n\n\n\n<p>Os fil\u00f3sofos contempor\u00e2neos&nbsp;<strong>Gilles<\/strong>&nbsp;<strong>Deleuze<\/strong>&nbsp;e&nbsp;<strong>F\u00e9lix<\/strong>&nbsp;<strong>Guattari,<\/strong>&nbsp;que escreveram um livro intitulado&nbsp;<em>O que \u00e9 a Filosofia?<\/em>, afirmaram, como resposta, que \u201ca filosofia, mais rigorosamente, \u00e9 a disciplina que consiste em&nbsp;<strong>criar<\/strong>&nbsp;<strong>conceitos\u201d<\/strong><a href=\"https:\/\/brasilescola.uol.com.br\/filosofia\/o-que-e-filosofia.htm#sdendnote1sym\"><sup>i<\/sup><\/a>, ou seja, \u00e9 uma \u00e1rea do conhecimento que se dedica a criar, moldar, formular e reformular&nbsp;<strong>significados<\/strong>&nbsp;para o mundo.<\/p>\n\n\n\n<p>Trabalhando com aquela oposi\u00e7\u00e3o que os antigos gregos tentaram fazer entre&nbsp;<a href=\"https:\/\/brasilescola.uol.com.br\/mitologia\">mitologia<\/a>&nbsp;e raz\u00e3o (que n\u00e3o representa uma ruptura radical de uma com a outra), a Filosofia seria uma nova maneira de criar significados para o mundo,&nbsp;<strong>afastando-se<\/strong>&nbsp;<strong>daquele<\/strong>&nbsp;<strong>modo<\/strong>&nbsp;<strong>religioso<\/strong>&nbsp;de pensar no pr\u00f3prio mundo. A Filosofia seria, segundo os fil\u00f3sofos, um modo de criar mecanismos (que eles chamaram de dispositivos) que fornecem uma primeira capacidade de entendimento do mundo.<\/p>\n\n\n\n<p>Em outro escrito, esse feito em companhia da jornalista&nbsp;<strong>Claire<\/strong>&nbsp;<strong>Parnet,<\/strong>&nbsp;<strong>Deleuze<\/strong>&nbsp;diz que:<\/p>\n\n\n\n<p>\u201cos conceitos s\u00e3o exatamente como sons, cores ou imagens, s\u00e3o intensidades que lhes conv\u00eam ou n\u00e3o, que passam ou n\u00e3o passam\u201d<a href=\"https:\/\/brasilescola.uol.com.br\/filosofia\/o-que-e-filosofia.htm#sdendnote2sym\"><sup>ii<\/sup><\/a>.<strong><\/strong><\/p>\n\n\n\n<p>Assim, os&nbsp;<strong>conceitos<\/strong>&nbsp;<strong>s\u00e3o<\/strong>&nbsp;<strong>cria\u00e7\u00f5es<\/strong>&nbsp;que, tais como os objetos, t\u00eam uma&nbsp;<strong>exist\u00eancia<\/strong>&nbsp;<strong>definida<\/strong>&nbsp;e marcada no mundo.<\/p>\n\n\n\n<p><strong>Marilena<\/strong>&nbsp;<strong>Chaui,<\/strong>&nbsp;professora em\u00e9rita de Filosofia da USP, diz que a atividade filos\u00f3fica vem para&nbsp;<strong>colocar em quest\u00e3o as nossas cren\u00e7as costumeiras.<\/strong>&nbsp;Isso significa que, assim como S\u00f3crates pretendeu na antiguidade, a Filosofia \u00e9 um momento em que paramos e pensamos se aquilo que normalmente fazemos, cremos ou vemos \u00e9 verdadeiro.<\/p>\n\n\n\n<p>Esse momento, \u00e1pice do pensamento filos\u00f3fico, \u00e9, Segundo Chaui<a href=\"https:\/\/brasilescola.uol.com.br\/filosofia\/o-que-e-filosofia.htm#sdendnote3sym\"><sup>iii<\/sup><\/a>, um momento de crise, em que as nossas cren\u00e7as costumeiras, sempre tidas como verdadeiras, s\u00e3o questionadas, s\u00e3o colocadas em suspens\u00e3o pela&nbsp;<strong>d\u00favida.<\/strong><\/p>\n\n\n\n<h2 class=\"wp-block-heading\"><strong>O que a Filosofia estuda?<\/strong><\/h2>\n\n\n\n<p>Hoje, sobretudo no Brasil, v\u00e1rios cursos superiores de Filosofia oferecem uma forma\u00e7\u00e3o voltada, em geral, para a<strong>&nbsp;hist\u00f3ria da Filosofia,<\/strong>&nbsp;ou seja, os fil\u00f3sofos e professores de Filosofia em forma\u00e7\u00e3o estudam a&nbsp;<strong>produ\u00e7\u00e3o<\/strong>&nbsp;<strong>dos<\/strong>&nbsp;<strong>pensadores<\/strong>&nbsp;<strong>j\u00e1<\/strong>&nbsp;<strong>consagrados<\/strong>&nbsp;como c\u00e2nones da intelectualidade mundial.<\/p>\n\n\n\n<p>Essa concep\u00e7\u00e3o entra em choque com a concep\u00e7\u00e3o de v\u00e1rios estudiosos do ensino de Filosofia e da metodologia filos\u00f3fica que afirmam que somente se aprende a filosofar filosofando<a href=\"https:\/\/brasilescola.uol.com.br\/filosofia\/o-que-e-filosofia.htm#sdendnote4sym\"><sup>iv<\/sup><\/a>. Nesse sentido, podemos distinguir&nbsp;<strong>duas variantes<\/strong>&nbsp;do estudo filos\u00f3fico: uma voltada para a&nbsp;<strong>Hist\u00f3ria<\/strong>&nbsp;<strong>da<\/strong>&nbsp;<strong>Filosofia,<\/strong>&nbsp;que se dedica a analisar a produ\u00e7\u00e3o can\u00f4nica do pensamento filos\u00f3fico mundial, e uma outra que visa ao&nbsp;<strong>aprendizado<\/strong>&nbsp;<strong>das<\/strong>&nbsp;<strong>metodologias<\/strong>&nbsp;<strong>filos\u00f3ficas,<\/strong>&nbsp;o qual n\u00e3o prescinde do entendimento da Hist\u00f3ria da Filosofia.<\/p>\n\n\n\n<p>Em suma, podemos dizer que a Filosofia, para pegar uma refer\u00eancia em&nbsp;<strong>Deleuze,<\/strong>&nbsp;\u00e9 um&nbsp;<strong>estudo dos conceitos<\/strong>. J\u00e1 para&nbsp;<strong>Kant,<\/strong>&nbsp;a Filosofia \u00e9 uma maneira de se estabelecer uma&nbsp;<strong>cr\u00edtica<\/strong>&nbsp;<strong>do<\/strong>&nbsp;<strong>conhecimento.<\/strong>&nbsp;Para fil\u00f3sofos antigos, como&nbsp;<strong>S\u00f3crates,<\/strong>&nbsp;e&nbsp;<strong>modernos,<\/strong>&nbsp;como&nbsp;<strong>Descartes,<\/strong>&nbsp;o saber filos\u00f3fico deve ser feito por meio de uma&nbsp;<strong>busca,<\/strong>&nbsp;muitas vezes rigorosa, pelas&nbsp;<strong>defini\u00e7\u00f5es<\/strong>&nbsp;<strong>puras<\/strong>&nbsp;e&nbsp;<strong>imut\u00e1veis<\/strong>&nbsp;que buscam por uma&nbsp;<strong>verdade<\/strong>&nbsp;<strong>universal.<\/strong><\/p>\n\n\n\n<p>Ao passo que para&nbsp;<strong><a href=\"https:\/\/brasilescola.uol.com.br\/filosofia\/critica-nietzsche-moral-crista.htm\">Nietzsche<\/a><\/strong>, fil\u00f3sofo contempor\u00e2neo,&nbsp;<strong>n\u00e3o existem verdades universais<\/strong>, mas existem&nbsp;<strong>perspectivas<\/strong>&nbsp;e&nbsp;<strong>genealogias que moldam o que chamamos de verdade<\/strong>. Para os pensadores que se dedicaram a estudar a&nbsp;<strong>teoria do conhecimento<\/strong>, a Filosofia deve buscar entender&nbsp;<strong>como \u00e9 poss\u00edvel o entendimento<\/strong>.<\/p>\n\n\n\n<p>J\u00e1 para os&nbsp;<strong>metaf\u00edsicos,<\/strong>&nbsp;a Filosofia seria a&nbsp;<strong>busca pelo \u201cser<\/strong>\u201d e pelas \u201cess\u00eancias\u201d das coisas. Para a Filosofia Pol\u00edtica, o pensamento filos\u00f3fico deve abordar quest\u00f5es do mundo real que dizem respeito \u00e0 pol\u00edtica, \u00e0 \u00e9tica e \u00e0 vida em sociedade.<\/p>\n\n\n\n<p>Ent\u00e3o, como foi dito, \u00e9 imposs\u00edvel apresentar uma resposta pronta e definitiva sobre o que \u00e9 filosofia. Nesse ponto, acrescentamos tamb\u00e9m que o campo de atua\u00e7\u00e3o dos fil\u00f3sofos \u00e9 vasto, n\u00e3o havendo uma \u00fanica atividade que n\u00e3o possa ser considerada como atividade filos\u00f3fica.<\/p>\n\n\n\n<p><strong>Saiba mais:<\/strong>&nbsp;<a href=\"https:\/\/brasilescola.uol.com.br\/filosofia\/filosofia-linguagem-platao.htm\">Conhe\u00e7a esta teoria de Plat\u00e3o que \u00e9 t\u00e3o importante para a nossa comunica\u00e7\u00e3o<\/a><\/p>\n\n\n\n<h2 class=\"wp-block-heading\"><strong>Origens da Filosofia<\/strong><\/h2>\n\n\n\n<p>N\u00e3o h\u00e1 um consenso \u00faltimo e final sobre a origem da Filosofia. O que a maioria dos historiadores da Filosofia afirma \u00e9 que essa&nbsp;<strong>origem<\/strong>&nbsp;estaria na&nbsp;<strong>Gr\u00e9cia,<\/strong>&nbsp;com&nbsp;<a href=\"https:\/\/brasilescola.uol.com.br\/filosofia\/tales-mileto.htm\">Tales de Mileto<\/a>, por volta do ano 2585 a.C. Por\u00e9m, mesmo que essa afirma\u00e7\u00e3o tenha suas raz\u00f5es de existir (a Filosofia grega pode n\u00e3o ter sido a primeira produ\u00e7\u00e3o filos\u00f3fica, mas ela foi diferente de tudo o que veio antes dela), ela n\u00e3o contempla o fato de que&nbsp;<strong>eg\u00edpcios,<\/strong>&nbsp;<strong>hindus<\/strong>&nbsp;e&nbsp;<strong>chineses<\/strong>&nbsp;j\u00e1 haviam produzido algo semelhante ao que chamamos de Filosofia.<\/p>\n\n\n\n<p>Se ampliarmos o conceito para al\u00e9m do que costumeiramente entendemos por Filosofia, podemos dizer que os preceitos&nbsp;<strong>budistas<\/strong>&nbsp;e&nbsp;<strong>taoistas<\/strong>&nbsp;j\u00e1 haviam formado um pensamento filos\u00f3fico. Desta feita, pensadores que habitavam o extremo oriente, anteriores ou contempor\u00e2neos aos primeiros fil\u00f3sofos, como&nbsp;<strong>Mozi<\/strong>&nbsp;e&nbsp;<strong>Lao-Ts\u00e9,<\/strong>&nbsp;deixaram registros do que parece ser uma produ\u00e7\u00e3o filos\u00f3fica t\u00e3o aut\u00eantica quanto a produ\u00e7\u00e3o ocidental.<\/p>\n\n\n\n<p>Marilena Chaui atesta essa tese, dizendo que n\u00e3o \u00e9 absurdo pensarmos nessa rela\u00e7\u00e3o e, por justi\u00e7a, reconhecermos tra\u00e7os que influenciaram os gregos a fazer o que fizeram h\u00e1 mais de 2600 anos<a href=\"https:\/\/brasilescola.uol.com.br\/filosofia\/o-que-e-filosofia.htm#sdendnote5sym\"><sup>v<\/sup><\/a>.<\/p>\n\n\n\n<p><img decoding=\"async\" loading=\"lazy\" alt=\"Escultura de Conf\u00facio, s\u00e1bio chin\u00eas do s\u00e9culo VI a.C. que formulou doutrinas filos\u00f3ficas e morais.\" height=\"400\" src=\"https:\/\/s2.static.brasilescola.uol.com.br\/img\/2019\/04\/confucio.jpg\" width=\"600\"><br>Escultura de Conf\u00facio, s\u00e1bio chin\u00eas do s\u00e9culo VI a.C. que formulou doutrinas filos\u00f3ficas e morais.<\/p>\n\n\n\n<p>Vale ressaltar que a afirma\u00e7\u00e3o de que a Filosofia tem suas origens na Gr\u00e9cia pode ser adotada, desde que com ressalvas. Primeiro, deve-se considerar que houve uma&nbsp;<strong>produ\u00e7\u00e3o<\/strong>&nbsp;<strong>filos\u00f3fica<\/strong>&nbsp;<strong>oriental<\/strong>&nbsp;e que essa produ\u00e7\u00e3o influenciou gregos como Tales (que conheceu a cultura babil\u00f4nica e eg\u00edpcia). Em segundo lugar, deve-se considerar n\u00e3o que h\u00e1 uma exclusividade grega, mas que houve um modo diferente, por parte dos gregos, em tratar a Filosofia em quest\u00e3o.<\/p>\n\n\n\n<p>Portanto, podemos dizer que a&nbsp;<strong>Filosofia&nbsp;<u>ocidental<\/u><\/strong>&nbsp;teve sua origem na Gr\u00e9cia, com&nbsp;<strong>Tales.<\/strong>&nbsp;J\u00e1 o termo foi desenvolvido mais tarde, por&nbsp;<strong><a href=\"https:\/\/brasilescola.uol.com.br\/filosofia\/pitagoras-1.htm\">Pit\u00e1goras de Samos<\/a><\/strong>, que escolheu as palavras gregas&nbsp;<em>philia&nbsp;<\/em>(amor ou amizade) e&nbsp;<em>sophia&nbsp;<\/em>(sabedoria) para formar a palavra&nbsp;<em>philosophia&nbsp;<\/em>(amigo ou amante da sabedoria). Tales n\u00e3o reconheceu que ele estava fazendo algo in\u00e9dito no Ocidente e que seu nome ficaria para a hist\u00f3ria. Foi somente&nbsp;<a href=\"https:\/\/brasilescola.uol.com.br\/filosofia\/aristoteles.htm\">Arist\u00f3teles<\/a><strong><\/strong>, por volta de 200 anos depois, que o classificou como o primeiro fil\u00f3sofo.<\/p>\n\n\n\n<h2 class=\"wp-block-heading\"><strong>Para que serve a Filosofia?<\/strong><\/h2>\n\n\n\n<p>Pergunta de dif\u00edcil resposta. Podemos dizer, em primeira m\u00e3o, que a Filosofia&nbsp;<strong>n\u00e3o tem utilidade<\/strong>. Parece estranha essa afirma\u00e7\u00e3o? A princ\u00edpio, sim. Se levarmos em conta que o termo utilidade, em nosso vocabul\u00e1rio contempor\u00e2neo, diz respeito a algo que modifica o meio, que cria algo concreto e que, em primeiro lugar, tem um valor monet\u00e1rio, ent\u00e3o, sim, a Filosofia n\u00e3o tem utilidade.<\/p>\n\n\n\n<p>A Filosofia, segundo Chaui,&nbsp;<strong>n\u00e3o apresenta resultados concretos<\/strong>, vis\u00edveis e capazes de alterar o mundo de imediato. Por isso, a pergunta \u201cpara que serve a Filosofia?\u201d \u00e9 constante, j\u00e1 que sua utilidade \u00e9 percebida aos poucos e por meio de um exerc\u00edcio complexo de abstra\u00e7\u00e3o.<\/p>\n\n\n\n<p><strong>Chaui<\/strong>&nbsp;tamb\u00e9m afirma uma primeira resposta, ir\u00f4nica assim como a pergunta quando feita por pessoas mal-intencionadas: \u201ca filosofia \u00e9 uma ci\u00eancia com a qual e sem a qual o mundo permanece tal e qual<a href=\"https:\/\/brasilescola.uol.com.br\/filosofia\/o-que-e-filosofia.htm#sdendnote6sym\"><sup>vi<\/sup><\/a>\u201d, ou seja,&nbsp;<strong>a Filosofia \u00e9 in\u00fatil<\/strong>.<\/p>\n\n\n\n<p>Em certo sentido, ou seja, partindo do ponto de vista pragm\u00e1tico de utilidade, que afirma ser \u00fatil aquilo que modifica o meio com uma interven\u00e7\u00e3o concreta, a&nbsp;<strong>Filosofia n\u00e3o serve para nada<\/strong>. Tamb\u00e9m podemos afirmar que a Filosofia n\u00e3o serve a nada, n\u00e3o serve a ningu\u00e9m, porque a Filosofia, desde a sua origem,&nbsp;<strong>busca<\/strong>&nbsp;<strong>problematizar<\/strong>&nbsp;e&nbsp;<strong>questionar.<\/strong>&nbsp;Nesse sentido, lenta e laboriosamente, a Filosofia vai mostrando a sua utilidade:<strong>&nbsp;colocar o pensamento em movimento, questionar e, por que n\u00e3o, incomodar.<\/strong><\/p>\n\n\n\n<p>Segundo Deleuze,<\/p>\n\n\n\n<p>a filosofia n\u00e3o serve nem ao Estado, nem \u00e0 Igreja, que t\u00eam outras preocupa\u00e7\u00f5es. N\u00e3o serve a nenhum poder estabelecido. A filosofia serve para entristecer. Uma filosofia que n\u00e3o entristece a ningu\u00e9m e n\u00e3o contraria ningu\u00e9m, n\u00e3o \u00e9 uma filosofia. A filosofia serve para prejudicar a tolice, faz da tolice algo vergonhoso. N\u00e3o tem outra serventia a n\u00e3o ser a seguinte: denunciar a baixeza do pensamento sob todas as suas formas<a href=\"https:\/\/brasilescola.uol.com.br\/filosofia\/o-que-e-filosofia.htm#sdendnote7sym\"><sup>vii<\/sup><\/a>.<\/p>\n\n\n\n<p>A Filosofia serve a si mesma, como art\u00edfice e constante\u00a0<strong>movedora<\/strong>\u00a0<strong>do<\/strong>\u00a0<strong>pensamento.<\/strong>\u00a0Serve para questionar, problematizar e incomodar. Serve para\u00a0<strong>conceituar.<\/strong>\u00a0A Filosofia denuncia a tolice por ser, ela mesma, uma amante da sabedoria que jamais aceitar\u00e1 a vulgar ignor\u00e2ncia como algo normalmente suport\u00e1vel.<\/p>\n\n\n\n<hr class=\"wp-block-separator is-style-wide\"\/>\n\n\n\n<div class=\"wp-block-media-text alignwide is-stacked-on-mobile is-vertically-aligned-top\"><figure class=\"wp-block-media-text__media\"><img decoding=\"async\" loading=\"lazy\" width=\"310\" height=\"163\" src=\"https:\/\/7ports.com.br\/wp-content\/uploads\/2021\/06\/CONFUCIO.png\" alt=\"\" class=\"wp-image-4219 size-full\" srcset=\"https:\/\/7ports.com.br\/wp-content\/uploads\/2021\/06\/CONFUCIO.png 310w, https:\/\/7ports.com.br\/wp-content\/uploads\/2021\/06\/CONFUCIO-300x158.png 300w\" sizes=\"(max-width: 310px) 100vw, 310px\" \/><\/figure><div class=\"wp-block-media-text__content\">\n<p class=\"has-large-font-size\">Confuci\u00fas &#8211; O pai da educa\u00e7\u00e3o<\/p>\n<\/div><\/div>\n\n\n\n<div class=\"wp-block-media-text alignwide is-stacked-on-mobile is-vertically-aligned-top\"><figure class=\"wp-block-media-text__media\"><img decoding=\"async\" loading=\"lazy\" width=\"310\" height=\"163\" src=\"https:\/\/7ports.com.br\/wp-content\/uploads\/2021\/06\/Lao-Tse.png\" alt=\"\" class=\"wp-image-4220 size-full\" srcset=\"https:\/\/7ports.com.br\/wp-content\/uploads\/2021\/06\/Lao-Tse.png 310w, https:\/\/7ports.com.br\/wp-content\/uploads\/2021\/06\/Lao-Tse-300x158.png 300w\" sizes=\"(max-width: 310px) 100vw, 310px\" \/><\/figure><div class=\"wp-block-media-text__content\">\n<p class=\"has-large-font-size\">Lao Ts\u00e9 &#8211; O amor em sua essencia<\/p>\n<\/div><\/div>\n\n\n\n<div class=\"wp-block-media-text alignwide is-stacked-on-mobile is-vertically-aligned-top\"><figure class=\"wp-block-media-text__media\"><img decoding=\"async\" loading=\"lazy\" width=\"310\" height=\"163\" src=\"https:\/\/7ports.com.br\/wp-content\/uploads\/2021\/06\/Rene.png\" alt=\"\" class=\"wp-image-4221 size-full\" srcset=\"https:\/\/7ports.com.br\/wp-content\/uploads\/2021\/06\/Rene.png 310w, https:\/\/7ports.com.br\/wp-content\/uploads\/2021\/06\/Rene-300x158.png 300w\" sizes=\"(max-width: 310px) 100vw, 310px\" \/><\/figure><div class=\"wp-block-media-text__content\">\n<p class=\"has-large-font-size\">Descartes &#8211; Realismo aflorado<\/p>\n<\/div><\/div>\n\n\n\n<div class=\"wp-block-media-text alignwide is-stacked-on-mobile is-vertically-aligned-top\"><figure class=\"wp-block-media-text__media\"><img decoding=\"async\" loading=\"lazy\" width=\"710\" height=\"559\" src=\"https:\/\/7ports.com.br\/wp-content\/uploads\/2021\/06\/Socrate-1.png\" alt=\"\" class=\"wp-image-4222 size-full\" srcset=\"https:\/\/7ports.com.br\/wp-content\/uploads\/2021\/06\/Socrate-1.png 710w, https:\/\/7ports.com.br\/wp-content\/uploads\/2021\/06\/Socrate-1-300x236.png 300w\" sizes=\"(max-width: 710px) 100vw, 710px\" \/><\/figure><div class=\"wp-block-media-text__content\">\n<p class=\"has-large-font-size\">S\u00f3crates &#8211; O reconhecimento do ser<\/p>\n<\/div><\/div>\n\n\n\n<div class=\"wp-block-media-text alignwide is-stacked-on-mobile is-vertically-aligned-top\"><figure class=\"wp-block-media-text__media\"><img decoding=\"async\" loading=\"lazy\" width=\"512\" height=\"269\" src=\"https:\/\/7ports.com.br\/wp-content\/uploads\/2021\/06\/Imagem3-1.png\" alt=\"\" class=\"wp-image-4223 size-full\" srcset=\"https:\/\/7ports.com.br\/wp-content\/uploads\/2021\/06\/Imagem3-1.png 512w, https:\/\/7ports.com.br\/wp-content\/uploads\/2021\/06\/Imagem3-1-300x158.png 300w\" sizes=\"(max-width: 512px) 100vw, 512px\" \/><\/figure><div class=\"wp-block-media-text__content\">\n<p class=\"has-large-font-size\">Nelson Rodrigues &#8211; identificador dos idiotas<\/p>\n<\/div><\/div>\n\n\n\n<div class=\"wp-block-media-text alignwide is-stacked-on-mobile is-vertically-aligned-top\"><figure class=\"wp-block-media-text__media\"><img decoding=\"async\" loading=\"lazy\" width=\"260\" height=\"194\" src=\"https:\/\/7ports.com.br\/wp-content\/uploads\/2021\/09\/Imagem1.png\" alt=\"\" class=\"wp-image-4225 size-full\" srcset=\"https:\/\/7ports.com.br\/wp-content\/uploads\/2021\/09\/Imagem1.png 260w, https:\/\/7ports.com.br\/wp-content\/uploads\/2021\/09\/Imagem1-200x150.png 200w\" sizes=\"(max-width: 260px) 100vw, 260px\" \/><\/figure><div class=\"wp-block-media-text__content\">\n<p class=\"has-large-font-size\">Sun Tzu &#8211; O pai da Conspira\u00e7\u00e3o<\/p>\n\n\n\n<p class=\"has-large-font-size\"><\/p>\n<\/div><\/div>\n","protected":false},"excerpt":{"rendered":"<p>N\u00e3o se sabe ao certo se a&nbsp;Filosofia&nbsp;tem mais ou menos 2600 ou 5000 anos de tradi\u00e7\u00e3o. Se considerarmos a influ\u00eancia do pensamento eg\u00edpcio sobre os povos&nbsp;gregos, a Filosofia pode ter<\/p>\n","protected":false},"author":1,"featured_media":2287,"comment_status":"closed","ping_status":"closed","sticky":false,"template":"","format":"standard","meta":[],"categories":[1],"tags":[],"_links":{"self":[{"href":"https:\/\/7ports.com.br\/index.php?rest_route=\/wp\/v2\/posts\/2311"}],"collection":[{"href":"https:\/\/7ports.com.br\/index.php?rest_route=\/wp\/v2\/posts"}],"about":[{"href":"https:\/\/7ports.com.br\/index.php?rest_route=\/wp\/v2\/types\/post"}],"author":[{"embeddable":true,"href":"https:\/\/7ports.com.br\/index.php?rest_route=\/wp\/v2\/users\/1"}],"replies":[{"embeddable":true,"href":"https:\/\/7ports.com.br\/index.php?rest_route=%2Fwp%2Fv2%2Fcomments&post=2311"}],"version-history":[{"count":4,"href":"https:\/\/7ports.com.br\/index.php?rest_route=\/wp\/v2\/posts\/2311\/revisions"}],"predecessor-version":[{"id":4226,"href":"https:\/\/7ports.com.br\/index.php?rest_route=\/wp\/v2\/posts\/2311\/revisions\/4226"}],"wp:featuredmedia":[{"embeddable":true,"href":"https:\/\/7ports.com.br\/index.php?rest_route=\/wp\/v2\/media\/2287"}],"wp:attachment":[{"href":"https:\/\/7ports.com.br\/index.php?rest_route=%2Fwp%2Fv2%2Fmedia&parent=2311"}],"wp:term":[{"taxonomy":"category","embeddable":true,"href":"https:\/\/7ports.com.br\/index.php?rest_route=%2Fwp%2Fv2%2Fcategories&post=2311"},{"taxonomy":"post_tag","embeddable":true,"href":"https:\/\/7ports.com.br\/index.php?rest_route=%2Fwp%2Fv2%2Ftags&post=2311"}],"curies":[{"name":"wp","href":"https:\/\/api.w.org\/{rel}","templated":true}]}}