
{"id":2574,"date":"2021-06-29T22:52:58","date_gmt":"2021-06-30T01:52:58","guid":{"rendered":"https:\/\/7ports.com.br\/?p=2574"},"modified":"2021-09-07T02:56:29","modified_gmt":"2021-09-07T05:56:29","slug":"ocorreu-nesta-terca-feira-29-o-voo-inaugural-da-ita-transportes-aereos","status":"publish","type":"post","link":"https:\/\/7ports.com.br\/?p=2574","title":{"rendered":"Ocorreu nesta ter\u00e7a-feira (29) o voo inaugural da ITA Transportes A\u00e9reos"},"content":{"rendered":"\n<h2 class=\"wp-block-heading\">Ocorreu nesta ter\u00e7a-feira (29) o voo inaugural da<strong>&nbsp;<a href=\"https:\/\/www.cnnbrasil.com.br\/business\/2021\/05\/17\/nova-aerea-ita-comeca-a-vender-passagens-focando-em-mais-espaco-e-bagagem-gratis\">ITA Transportes A\u00e9reos<\/a><\/strong>, nova&nbsp;<strong>companhia a\u00e9rea<\/strong>&nbsp;nacional e bra\u00e7o do&nbsp;<strong>Grupo Itapemirim<\/strong>. Convidados, imprensa e funcion\u00e1rios da empresa viajaram de S\u00e3o Paulo (do aeroporto de Guarulhos) a Bras\u00edlia a bordo de um Airbus 320.<\/h2>\n\n\n\n<p>Antes do embarque, o presidente da empresa, Sidnei Piva, discursou aos presentes e assinou um termo de filia\u00e7\u00e3o \u00e0 Associa\u00e7\u00e3o Brasileira das Empresas A\u00e9reas (Abear). Tamb\u00e9m estavam no evento empres\u00e1rios, deputados federais, al\u00e9m de representantes da Infraero, GRU Airport, da Aeron\u00e1utica, da Ag\u00eancia Nacional de Avia\u00e7\u00e3o Civil (Anac)&nbsp;e dos minist\u00e9rios do Turismo e de Ci\u00eancia e Tecnologia.<\/p>\n","protected":false},"excerpt":{"rendered":"<p>Ocorreu nesta ter\u00e7a-feira (29) o voo inaugural da&nbsp;ITA Transportes A\u00e9reos, nova&nbsp;companhia a\u00e9rea&nbsp;nacional e bra\u00e7o do&nbsp;Grupo Itapemirim. Convidados, imprensa e funcion\u00e1rios da empresa viajaram de S\u00e3o Paulo (do aeroporto de Guarulhos)<\/p>\n","protected":false},"author":1,"featured_media":2575,"comment_status":"closed","ping_status":"closed","sticky":false,"template":"","format":"standard","meta":[],"categories":[1],"tags":[],"_links":{"self":[{"href":"https:\/\/7ports.com.br\/index.php?rest_route=\/wp\/v2\/posts\/2574"}],"collection":[{"href":"https:\/\/7ports.com.br\/index.php?rest_route=\/wp\/v2\/posts"}],"about":[{"href":"https:\/\/7ports.com.br\/index.php?rest_route=\/wp\/v2\/types\/post"}],"author":[{"embeddable":true,"href":"https:\/\/7ports.com.br\/index.php?rest_route=\/wp\/v2\/users\/1"}],"replies":[{"embeddable":true,"href":"https:\/\/7ports.com.br\/index.php?rest_route=%2Fwp%2Fv2%2Fcomments&post=2574"}],"version-history":[{"count":1,"href":"https:\/\/7ports.com.br\/index.php?rest_route=\/wp\/v2\/posts\/2574\/revisions"}],"predecessor-version":[{"id":2576,"href":"https:\/\/7ports.com.br\/index.php?rest_route=\/wp\/v2\/posts\/2574\/revisions\/2576"}],"wp:featuredmedia":[{"embeddable":true,"href":"https:\/\/7ports.com.br\/index.php?rest_route=\/wp\/v2\/media\/2575"}],"wp:attachment":[{"href":"https:\/\/7ports.com.br\/index.php?rest_route=%2Fwp%2Fv2%2Fmedia&parent=2574"}],"wp:term":[{"taxonomy":"category","embeddable":true,"href":"https:\/\/7ports.com.br\/index.php?rest_route=%2Fwp%2Fv2%2Fcategories&post=2574"},{"taxonomy":"post_tag","embeddable":true,"href":"https:\/\/7ports.com.br\/index.php?rest_route=%2Fwp%2Fv2%2Ftags&post=2574"}],"curies":[{"name":"wp","href":"https:\/\/api.w.org\/{rel}","templated":true}]}}