
{"id":2679,"date":"2021-07-02T23:00:44","date_gmt":"2021-07-03T02:00:44","guid":{"rendered":"https:\/\/7ports.com.br\/?p=2679"},"modified":"2022-06-01T15:44:17","modified_gmt":"2022-06-01T18:44:17","slug":"comandante-da-marinha-diz-que-forcas-armadas-sao-grande-familia","status":"publish","type":"post","link":"https:\/\/7ports.com.br\/?p=2679","title":{"rendered":"Comandante da Marinha diz que For\u00e7as Armadas s\u00e3o &#8220;grande fam\u00edlia&#8221;"},"content":{"rendered":"\n<h2 class=\"wp-block-heading\"><strong>Ap\u00f3s mudan\u00e7as realizadas por Bolsonaro, pela primeira vez h\u00e1 desequil\u00edbrio no topo da estrutura tr\u00edplice do Minist\u00e9rio da Defesa<\/strong><\/h2>\n\n\n\n<p>Garnier citou patronos da Aeron\u00e1utica, do Ex\u00e9rcito e da Marinha em postagem no TwitterMarcos Corr\u00eaa \/ Presid\u00eancia da Rep\u00fablica\/Divulga\u00e7\u00e3o<\/p>\n\n\n\n<p>O comandante da Marinha, almirante Almir Garnier, usou o Twitter, nesta segunda-feira (14), para afirmar que as&nbsp;<a href=\"https:\/\/gauchazh.clicrbs.com.br\/ultimas-noticias\/tag\/forcas-armadas\/\"><strong>For\u00e7as Armadas<\/strong><\/a>&nbsp;s\u00e3o &#8220;uma grande fam\u00edlia, a servi\u00e7o da P\u00e1tria, desde o imp\u00e9rio e assim continuar\u00e3o a ser at\u00e9 o fim dos tempos&#8221;. A declara\u00e7\u00e3o ocorre dois dias depois de o Estad\u00e3o mostrar que o Ex\u00e9rcito domina hoje a c\u00fapula do Minist\u00e9rio da Defesa.<\/p>\n\n\n\n<p>&#8220;As FA&nbsp;<em>(For\u00e7as Armadas)&nbsp;<\/em>sempre estar\u00e3o unidas, sob a dire\u00e7\u00e3o do ministro da Defesa, que ningu\u00e9m se engane! Viva a Marinha de Tamandar\u00e9, o Ex\u00e9rcito de Caxias e a For\u00e7a A\u00e9rea de Eduardo Gomes!&#8221;, escreveu o almirante, numa refer\u00eancia aos patronos da Marinha, do Ex\u00e9rcito e da Aeron\u00e1utica, respectivamente.<\/p>\n\n\n\n<p id=\"sc_ending_message\">Como revelou o Estad\u00e3o, por\u00e9m, o&nbsp;<a href=\"https:\/\/gauchazh.clicrbs.com.br\/ultimas-noticias\/tag\/jair-bolsonaro\/\"><strong>governo Bolsonaro&nbsp;<\/strong><\/a>alterou a composi\u00e7\u00e3o do Minist\u00e9rio da Defesa, dando mais protagonismo ao Ex\u00e9rcito na c\u00fapula do \u00f3rg\u00e3o, em detrimento da Marinha e da Aeron\u00e1utica. Pela primeira vez na hist\u00f3ria h\u00e1 um desequil\u00edbrio no topo da estrutura tr\u00edplice da pasta, que tem 22 anos. Nos principais cargos n\u00e3o h\u00e1 mais nenhum almirante ou brigadeiro. Est\u00e1 em jogo a influ\u00eancia sobre o destino de verbas para o setor militar, que neste ano somaram R$ 103 bilh\u00f5es, conforme dados atuais do Painel do Or\u00e7amento Federal. Com a atual composi\u00e7\u00e3o, oficiais do Ex\u00e9rcito tamb\u00e9m passaram a exercer o poder de influenciar revis\u00f5es no andamento dos projetos estrat\u00e9gicos das tr\u00eas For\u00e7as.<\/p>\n\n\n\n<p>Criada em 1999 pelo ent\u00e3o presidente Fernando Henrique Cardoso, numa fus\u00e3o dos antigos minist\u00e9rios do Ex\u00e9rcito, da Marinha e da Aeron\u00e1utica, a pasta da Defesa ficou, a princ\u00edpio, sob a chefia de um civil. Um acordo t\u00e1cito com autoridades do governo garantiu o poder n\u00e3o-militar na \u00e1rea e evitou o predom\u00ednio de uma for\u00e7a sobre as demais.<\/p>\n\n\n\n<p>Em mar\u00e7o, os comandantes do Ex\u00e9rcito, da Marinha e da Aeron\u00e1utica foram demitidos em conjunto, em uma situa\u00e7\u00e3o in\u00e9dita na hist\u00f3ria do Pa\u00eds, que provocou uma crise na rela\u00e7\u00e3o entre as For\u00e7as Armadas e o Pal\u00e1cio do Planalto. A reuni\u00e3o que selou a mudan\u00e7a na c\u00fapula militar foi comandada pelo general Braga Netto logo ap\u00f3s ele assumir o posto de ministro da Defesa no lugar do tamb\u00e9m general da reserva Fernando Azevedo e Silva.<\/p>\n\n\n\n<p>A ordem para todas essas mudan\u00e7as partiu do presidente Jair Bolsonaro, que dispensou Azevedo e Silva sob o argumento de que precisava da tropa alinhada com o governo. Foram nomeados como novos comandantes das For\u00e7as Armadas o general Paulo S\u00e9rgio Nogueira de Oliveira (Ex\u00e9rcito), o almirante Almir Garnier (Marinha) e o brigadeiro Carlos de Almeida Batista Jr. (Aeron\u00e1utica).<\/p>\n","protected":false},"excerpt":{"rendered":"<p>Ap\u00f3s mudan\u00e7as realizadas por Bolsonaro, pela primeira vez h\u00e1 desequil\u00edbrio no topo da estrutura tr\u00edplice do Minist\u00e9rio da Defesa Garnier citou patronos da Aeron\u00e1utica, do Ex\u00e9rcito e da Marinha em<\/p>\n","protected":false},"author":1,"featured_media":2791,"comment_status":"closed","ping_status":"closed","sticky":false,"template":"","format":"standard","meta":[],"categories":[1],"tags":[],"_links":{"self":[{"href":"https:\/\/7ports.com.br\/index.php?rest_route=\/wp\/v2\/posts\/2679"}],"collection":[{"href":"https:\/\/7ports.com.br\/index.php?rest_route=\/wp\/v2\/posts"}],"about":[{"href":"https:\/\/7ports.com.br\/index.php?rest_route=\/wp\/v2\/types\/post"}],"author":[{"embeddable":true,"href":"https:\/\/7ports.com.br\/index.php?rest_route=\/wp\/v2\/users\/1"}],"replies":[{"embeddable":true,"href":"https:\/\/7ports.com.br\/index.php?rest_route=%2Fwp%2Fv2%2Fcomments&post=2679"}],"version-history":[{"count":1,"href":"https:\/\/7ports.com.br\/index.php?rest_route=\/wp\/v2\/posts\/2679\/revisions"}],"predecessor-version":[{"id":2681,"href":"https:\/\/7ports.com.br\/index.php?rest_route=\/wp\/v2\/posts\/2679\/revisions\/2681"}],"wp:featuredmedia":[{"embeddable":true,"href":"https:\/\/7ports.com.br\/index.php?rest_route=\/wp\/v2\/media\/2791"}],"wp:attachment":[{"href":"https:\/\/7ports.com.br\/index.php?rest_route=%2Fwp%2Fv2%2Fmedia&parent=2679"}],"wp:term":[{"taxonomy":"category","embeddable":true,"href":"https:\/\/7ports.com.br\/index.php?rest_route=%2Fwp%2Fv2%2Fcategories&post=2679"},{"taxonomy":"post_tag","embeddable":true,"href":"https:\/\/7ports.com.br\/index.php?rest_route=%2Fwp%2Fv2%2Ftags&post=2679"}],"curies":[{"name":"wp","href":"https:\/\/api.w.org\/{rel}","templated":true}]}}