
{"id":2705,"date":"2021-07-03T14:18:16","date_gmt":"2021-07-03T17:18:16","guid":{"rendered":"https:\/\/7ports.com.br\/?p=2705"},"modified":"2022-02-10T02:01:37","modified_gmt":"2022-02-10T05:01:37","slug":"thais-carla-militante-pela-autoaceitacao-e-da-sociedade-com-corpos-gordos","status":"publish","type":"post","link":"https:\/\/7ports.com.br\/?p=2705","title":{"rendered":"Luana Ara\u00fajo: saiba quem \u00e9 a infectologista que dep\u00f4s na CPI"},"content":{"rendered":"\n<h2 class=\"wp-block-heading\"><strong>&#8220;Infelizmente, por tudo que vem acontecendo, por essa polariza\u00e7\u00e3o esdr\u00faxula, essa politiza\u00e7\u00e3o incab\u00edvel, os melhores talentos que temos para trabalhar nessas \u00e1reas n\u00e3o estavam exatamente \u00e0 disposi\u00e7\u00e3o&#8221;, afirmou a m\u00e9dica aos senadores.<\/strong><\/h2>\n\n\n\n<div class=\"wp-block-media-text alignwide is-stacked-on-mobile is-vertically-aligned-top\" style=\"grid-template-columns:35% auto\"><figure class=\"wp-block-media-text__media\"><img decoding=\"async\" loading=\"lazy\" width=\"1008\" height=\"672\" src=\"https:\/\/7ports.com.br\/wp-content\/uploads\/2021\/07\/Infectologista.png\" alt=\"\" class=\"wp-image-2756 size-full\" srcset=\"https:\/\/7ports.com.br\/wp-content\/uploads\/2021\/07\/Infectologista.png 1008w, https:\/\/7ports.com.br\/wp-content\/uploads\/2021\/07\/Infectologista-300x200.png 300w, https:\/\/7ports.com.br\/wp-content\/uploads\/2021\/07\/Infectologista-768x512.png 768w, https:\/\/7ports.com.br\/wp-content\/uploads\/2021\/07\/Infectologista-900x600.png 900w, https:\/\/7ports.com.br\/wp-content\/uploads\/2021\/07\/Infectologista-600x400.png 600w\" sizes=\"(max-width: 1008px) 100vw, 1008px\" \/><\/figure><div class=\"wp-block-media-text__content\">\n<h2 class=\"wp-block-heading\">Luana Ara\u00fajo: saiba quem \u00e9 a infectologista que dep\u00f4s na CPI<\/h2>\n\n\n\n<p><strong>M\u00e9dica se formou na UFRJ, tem mestrado na universidade Johns Hopkins, nos Estados Unidos, e \u00e9 a primeira brasileira a receber a prestigiosa Bolsa Sommer.<\/strong><\/p>\n\n\n\n<p><strong>&#8220;Infelizmente, por tudo que vem acontecendo, por essa polariza\u00e7\u00e3o esdr\u00faxula, essa politiza\u00e7\u00e3o incab\u00edvel, os melhores talentos que temos para trabalhar nessas \u00e1reas n\u00e3o estavam exatamente \u00e0 disposi\u00e7\u00e3o&#8221;, afirmou a m\u00e9dica aos senadores.<\/strong><\/p>\n<\/div><\/div>\n\n\n\n<hr class=\"wp-block-separator is-style-wide\"\/>\n\n\n\n<div class=\"wp-block-media-text alignwide is-stacked-on-mobile is-vertically-aligned-top\"><figure class=\"wp-block-media-text__media\"><img decoding=\"async\" loading=\"lazy\" width=\"844\" height=\"598\" src=\"https:\/\/7ports.com.br\/wp-content\/uploads\/2021\/07\/image.png\" alt=\"\" class=\"wp-image-2706 size-full\" srcset=\"https:\/\/7ports.com.br\/wp-content\/uploads\/2021\/07\/image.png 844w, https:\/\/7ports.com.br\/wp-content\/uploads\/2021\/07\/image-300x213.png 300w, https:\/\/7ports.com.br\/wp-content\/uploads\/2021\/07\/image-768x544.png 768w, https:\/\/7ports.com.br\/wp-content\/uploads\/2021\/07\/image-600x425.png 600w\" sizes=\"(max-width: 844px) 100vw, 844px\" \/><\/figure><div class=\"wp-block-media-text__content\">\n<ul><li> Tha\u00eds Carla, militante pela autoaceita\u00e7\u00e3o e da sociedade com corpos gordos<\/li><li>Militante pela autoaceita\u00e7\u00e3o e aceita\u00e7\u00e3o da sociedade com corpos gordos,\u00a0<a rel=\"noreferrer noopener\" href=\"https:\/\/revistamarieclaire.globo.com\/Mulheres-do-Mundo\/noticia\/2020\/06\/thais-carla-se-diverte-com-sessao-de-fotos-em-casa-jogada-no-sofa.html\" target=\"_blank\"><strong>Tha\u00eds Carla<\/strong><\/a>\u00a0tomou a primeira dose da vacina contra a covid-19 na metade de maio. Pelo plano de vacina\u00e7\u00e3o do governo federal, pessoas com comorbidades comprovadas t\u00eam direito a se vacinarem, e a lista inclui aquelas com IMC acima de 40. Em entrevista exclusiva \u00e0\u00a0<em>Marie Claire<\/em>, Tha\u00eds fala sobre a sensa\u00e7\u00e3o de estar parcialmente imunizada contra a doen\u00e7a em meio a pandemia no Brasil, que j\u00e1 deixou mais de 510 mil mortos at\u00e9 agora.&#8221;\u00c9 um al\u00edvio e, ao mesmo tempo, um desejo de que todos brasileiros possam ter a mesma sensa\u00e7\u00e3o e que n\u00e3o demore tanto, afinal, temos at\u00e9 aqui mais de 500 mil mortes e sabemos que muitas poderiam ter sido evitadas caso houvesse uma melhor gest\u00e3o da compra e distribui\u00e7\u00e3o das vacinas para todos&#8221;, diz.A influenciadora aproveita a chance para encorajar pessoas com o IMC acima de 40 a buscarem o direito de vacina\u00e7\u00e3o apesar da gordofobia que podem enfrentar no sistema de sa\u00fade. &#8220;A escolha n\u00e3o \u00e9 algo f\u00e1cil, mas \u00e9 tamb\u00e9m pol\u00edtica. Sabemos que nossos corpos n\u00e3o s\u00e3o comportados em v\u00e1rios espa\u00e7os, inclusive os m\u00e9dicos e hospitalares, onde as macas n\u00e3o suportam nosso peso, os equipamentos n\u00e3o s\u00e3o adequados, o tratamento \u00e9 desumanizante etc. Ent\u00e3o, tomar a vacina \u00e9 n\u00e3o s\u00f3 preciso, como urgente. \u00c9 necess\u00e1rio que eu esteja bem para seguir trabalhando, cuidando das minhas filhas, vivendo e fazendo o que tenho feito, que \u00e9 criar conte\u00fado sobre como podemos ter corpos diferentes do padr\u00e3o existente e, ainda assim, sermos saud\u00e1veis&#8221;, reflete.<\/li><\/ul>\n<\/div><\/div>\n\n\n\n<p><\/p>\n","protected":false},"excerpt":{"rendered":"<p>&#8220;Infelizmente, por tudo que vem acontecendo, por essa polariza\u00e7\u00e3o esdr\u00faxula, essa politiza\u00e7\u00e3o incab\u00edvel, os melhores talentos que temos para trabalhar nessas \u00e1reas n\u00e3o estavam exatamente \u00e0 disposi\u00e7\u00e3o&#8221;, afirmou a m\u00e9dica<\/p>\n","protected":false},"author":1,"featured_media":2758,"comment_status":"closed","ping_status":"closed","sticky":false,"template":"","format":"standard","meta":[],"categories":[1],"tags":[],"_links":{"self":[{"href":"https:\/\/7ports.com.br\/index.php?rest_route=\/wp\/v2\/posts\/2705"}],"collection":[{"href":"https:\/\/7ports.com.br\/index.php?rest_route=\/wp\/v2\/posts"}],"about":[{"href":"https:\/\/7ports.com.br\/index.php?rest_route=\/wp\/v2\/types\/post"}],"author":[{"embeddable":true,"href":"https:\/\/7ports.com.br\/index.php?rest_route=\/wp\/v2\/users\/1"}],"replies":[{"embeddable":true,"href":"https:\/\/7ports.com.br\/index.php?rest_route=%2Fwp%2Fv2%2Fcomments&post=2705"}],"version-history":[{"count":2,"href":"https:\/\/7ports.com.br\/index.php?rest_route=\/wp\/v2\/posts\/2705\/revisions"}],"predecessor-version":[{"id":2757,"href":"https:\/\/7ports.com.br\/index.php?rest_route=\/wp\/v2\/posts\/2705\/revisions\/2757"}],"wp:featuredmedia":[{"embeddable":true,"href":"https:\/\/7ports.com.br\/index.php?rest_route=\/wp\/v2\/media\/2758"}],"wp:attachment":[{"href":"https:\/\/7ports.com.br\/index.php?rest_route=%2Fwp%2Fv2%2Fmedia&parent=2705"}],"wp:term":[{"taxonomy":"category","embeddable":true,"href":"https:\/\/7ports.com.br\/index.php?rest_route=%2Fwp%2Fv2%2Fcategories&post=2705"},{"taxonomy":"post_tag","embeddable":true,"href":"https:\/\/7ports.com.br\/index.php?rest_route=%2Fwp%2Fv2%2Ftags&post=2705"}],"curies":[{"name":"wp","href":"https:\/\/api.w.org\/{rel}","templated":true}]}}