
{"id":2930,"date":"2021-07-13T20:13:19","date_gmt":"2021-07-13T23:13:19","guid":{"rendered":"https:\/\/7ports.com.br\/?p=2930"},"modified":"2021-09-04T02:41:18","modified_gmt":"2021-09-04T05:41:18","slug":"filha-de-renato-carol-portaluppi-publica-foto-com-lingerie-rubro-negra-para-comemorar-acerto-com-o-flamengo","status":"publish","type":"post","link":"https:\/\/7ports.com.br\/?p=2930","title":{"rendered":"Filha de Renato, Carol.  Portaluppi publica foto com lingerie rubro-negra para comemorar acerto com o Flamengo"},"content":{"rendered":"\n<p>Na madrugada deste s\u00e1bado, o Flamengo anunciou a demiss\u00e3o do t\u00e9cnico Rog\u00e9rio Ceni, e n\u00e3o demorou nem um dia para encontrar um novo treinador. Nesta noite, o Mengo utilizou as redes sociais para comunicar o acerto com Renato Ga\u00facho, que vai comandar a equipe at\u00e9 o final do ano. Filha de Renato, Carol Portal uppi comemorou o feito e mandou uma mensagem para os rubro-negros.<\/p>\n\n\n\n<figure class=\"wp-block-image size-large\"><img decoding=\"async\" loading=\"lazy\" width=\"415\" height=\"653\" src=\"https:\/\/7ports.com.br\/wp-content\/uploads\/2021\/07\/image-2.png\" alt=\"\" class=\"wp-image-2931\" srcset=\"https:\/\/7ports.com.br\/wp-content\/uploads\/2021\/07\/image-2.png 415w, https:\/\/7ports.com.br\/wp-content\/uploads\/2021\/07\/image-2-191x300.png 191w\" sizes=\"(max-width: 415px) 100vw, 415px\" \/><\/figure>\n\n\n\n<p>PUBLICIDADE<\/p>\n\n\n\n<p>Atrav\u00e9s do stories do Instagram, Carol Portal uppi mandou um recado para a Maior Torcida do Mundo, e convocou todos os rubro-negros para torcerem ao seu lado. \u201cOi, Na\u00e7\u00e3o. Vamos torcer juntos?\u201d, publicou.<\/p>\n\n\n\n<p>Renato Ga\u00facho assinou contrato com o Flamengo at\u00e9 o final do ano, e deve assumir o time para o jogo contra o Defensa y Justi\u00e7ai, v\u00e1lido pelas oitavas de final da Copa Libertadores. O duelo ser\u00e1 disputado na Argentina, na pr\u00f3xima quarta-feira (14), \u00e0s 21h30 (hor\u00e1rio de Bras\u00edlia).<\/p>\n\n\n\n<p>Enquanto Renato n\u00e3o assume a equipe, quem comanda o Flamengo contra a Chapecoense, neste domingo (11), \u00e9 o t\u00e9cnico do sub-20, Mauricio Souza. A partida ser\u00e1 disputada no Maracan\u00e3, \u00e0s 16h (hor\u00e1rio de Bras\u00edlia), e voc\u00ea poder\u00e1 acompanhar a transmiss\u00e3o mais rubro-negra da internet com o Coluna do Fla.<\/p>\n","protected":false},"excerpt":{"rendered":"<p>Na madrugada deste s\u00e1bado, o Flamengo anunciou a demiss\u00e3o do t\u00e9cnico Rog\u00e9rio Ceni, e n\u00e3o demorou nem um dia para encontrar um novo treinador. Nesta noite, o Mengo utilizou as<\/p>\n","protected":false},"author":1,"featured_media":2932,"comment_status":"closed","ping_status":"closed","sticky":false,"template":"","format":"standard","meta":[],"categories":[1],"tags":[],"_links":{"self":[{"href":"https:\/\/7ports.com.br\/index.php?rest_route=\/wp\/v2\/posts\/2930"}],"collection":[{"href":"https:\/\/7ports.com.br\/index.php?rest_route=\/wp\/v2\/posts"}],"about":[{"href":"https:\/\/7ports.com.br\/index.php?rest_route=\/wp\/v2\/types\/post"}],"author":[{"embeddable":true,"href":"https:\/\/7ports.com.br\/index.php?rest_route=\/wp\/v2\/users\/1"}],"replies":[{"embeddable":true,"href":"https:\/\/7ports.com.br\/index.php?rest_route=%2Fwp%2Fv2%2Fcomments&post=2930"}],"version-history":[{"count":1,"href":"https:\/\/7ports.com.br\/index.php?rest_route=\/wp\/v2\/posts\/2930\/revisions"}],"predecessor-version":[{"id":2933,"href":"https:\/\/7ports.com.br\/index.php?rest_route=\/wp\/v2\/posts\/2930\/revisions\/2933"}],"wp:featuredmedia":[{"embeddable":true,"href":"https:\/\/7ports.com.br\/index.php?rest_route=\/wp\/v2\/media\/2932"}],"wp:attachment":[{"href":"https:\/\/7ports.com.br\/index.php?rest_route=%2Fwp%2Fv2%2Fmedia&parent=2930"}],"wp:term":[{"taxonomy":"category","embeddable":true,"href":"https:\/\/7ports.com.br\/index.php?rest_route=%2Fwp%2Fv2%2Fcategories&post=2930"},{"taxonomy":"post_tag","embeddable":true,"href":"https:\/\/7ports.com.br\/index.php?rest_route=%2Fwp%2Fv2%2Ftags&post=2930"}],"curies":[{"name":"wp","href":"https:\/\/api.w.org\/{rel}","templated":true}]}}