
{"id":3016,"date":"2021-07-16T21:44:08","date_gmt":"2021-07-17T00:44:08","guid":{"rendered":"https:\/\/7ports.com.br\/?p=3016"},"modified":"2022-05-26T03:16:17","modified_gmt":"2022-05-26T06:16:17","slug":"pazuello-negociou-coronavac-por-quase-o-triplo-do-preco-indica-material-da-cpi","status":"publish","type":"post","link":"https:\/\/7ports.com.br\/?p=3016","title":{"rendered":"Pazuello negociou Coronavac por quase o triplo do pre\u00e7o, indica material da CPI"},"content":{"rendered":"\n<h2 class=\"wp-block-heading\"><a href=\"https:\/\/www.cnnbrasil.com.br\/tudo-sobre\/eduardo-pazuello\"><strong>Eduardo Pazuello<\/strong><\/a>&nbsp;recebeu no Minist\u00e9rio da Sa\u00fade empres\u00e1rios que se apresentavam como intermedi\u00e1rios para a compra da vacina&nbsp;<a href=\"https:\/\/www.cnnbrasil.com.br\/tudo-sobre\/coronavac\"><strong>Coronavac<\/strong><\/a>&nbsp;com o governo da China e prometeu fechar contrato para a aquisi\u00e7\u00e3o de 30 milh\u00f5es de doses. A proposta previa um valor por dose quase tr\u00eas vezes o fechado com o Instituto Butantan<\/h2>\n\n\n\n<p>Um v\u00eddeo registrando o encontro chegou \u00e0&nbsp;<a href=\"https:\/\/www.cnnbrasil.com.br\/tudo-sobre\/cpi-da-pandemia\">CPI da Pandemia<\/a>&nbsp;e foi enviado por um colaborador, que tamb\u00e9m remeteu aos senadores a &#8220;mem\u00f3ria da reuni\u00e3o&#8221;, como confirmaram \u00e0&nbsp;<strong>CNN<\/strong>&nbsp;os senadores Renan Calheiros (MDB-AL) e Randolfe Rodrigues (Rede-AP).<\/p>\n\n\n\n<p>PUBLICIDADE<\/p>\n\n\n\n<p>De acordo com o relato, &nbsp;o encontro com Pazuello ocorreu no dia 11 de mar\u00e7o e a oferta do grupo que dizia conseguir viabilizar o neg\u00f3cio era de US$ 28 a dose &#8211; ou R$ 154,99 pelo c\u00e2mbio daquele dia. O acordo com o Instituto Butantan fechado em janeiro pelo governo brasileiro era de R$ 58,20 a dose.<\/p>\n\n\n\n<p><strong>Leia mais<\/strong><\/p>\n\n\n\n<ul><li><a href=\"https:\/\/www.cnnbrasil.com.br\/saude\/2021\/07\/16\/variante-delta-do-coronavirus-e-linhagem-predominante-no-mundo-dizem-eua\" target=\"_blank\" rel=\"noreferrer noopener\">Variante Delta do coronav\u00edrus \u00e9 linhagem predominante no mundo, dizem EUA<\/a><\/li><li><a href=\"https:\/\/www.cnnbrasil.com.br\/saude\/2021\/07\/16\/por-que-a-vacina-contra-covid-19-ainda-nao-esta-disponivel-para-criancas\" target=\"_blank\" rel=\"noreferrer noopener\">Por que a vacina contra Covid-19 ainda n\u00e3o est\u00e1 dispon\u00edvel para crian\u00e7as<\/a><\/li><li><a href=\"https:\/\/www.cnnbrasil.com.br\/politica\/2021\/07\/16\/cpi-deve-se-reunir-com-juristas-para-iniciar-elaboracao-do-relatorio-final\" target=\"_blank\" rel=\"noreferrer noopener\">CPI deve se reunir com juristas para iniciar elabora\u00e7\u00e3o do relat\u00f3rio final<\/a><\/li><\/ul>\n\n\n\n<p>A reuni\u00e3o de Pazuello com o grupo foi registrada em v\u00eddeo. O caso foi revelado pela &#8220;Folha de S.Paulo&#8221; e a&nbsp;<strong>CNN<\/strong>&nbsp;teve acesso ao material que est\u00e1 em posse da CPI da Pandemia.<\/p>\n\n\n\n<p>No v\u00eddeo, Pazuello anuncia que est\u00e1 reunido na pasta e que a comitiva \u00e9 liderada por um homem chamado John. O ex-ministro deixa claro que a inten\u00e7\u00e3o do governo \u00e9 finalizar as tratativas o quanto antes.<\/p>\n\n\n\n<p>O v\u00eddeo mostra o ent\u00e3o ministro satisfeito por estar com os intermedi\u00e1rios, que poderiam trazer mais op\u00e7\u00f5es de vacinas ao pa\u00eds.<\/p>\n\n\n\n<p>\u201cN\u00f3s estamos aqui reunidos no Minist\u00e9rio da Sa\u00fade, recebendo uma comitiva liderada pelo John, uma comitiva que veio tratar da possibilidade de n\u00f3s comprarmos 30 milh\u00f5es de doses numa compra direta com o governo chin\u00eas e j\u00e1 abre tamb\u00e9m uma nova possibilidade de termos mais doses e mais laborat\u00f3rios, vamos tratar semana que vem. Mas sa\u00edmos daqui hoje j\u00e1 com memorando de entendimento assinado e com o compromisso do Minist\u00e9rio de celebrar no mais curto prazo um contrato para podermos receber essas 30 milh\u00f5es de doses no mais curto prazo poss\u00edvel, pra atender nossa popula\u00e7\u00e3o e conseguirmos controlar a pandemia que est\u00e1 t\u00e3o grave no nosso pa\u00eds. Muito obrigado, John.\u201d<\/p>\n\n\n\n<p>O empres\u00e1rio identificado como John respondeu ent\u00e3o que o ministro prop\u00f4s \u201cporta aberta\u201c e que poderia ser o in\u00edcio de uma parceria de longo prazo.<\/p>\n\n\n\n<p>\u201cMuito obrigado, ministro, pela oportunidade de nos receber tamb\u00e9m, como empres\u00e1rio, eu acho que sempre n\u00f3s pensamos no trabalho, mas principalmente na contribui\u00e7\u00e3o social que podemos oferecer hoje. E junto em parceria com tanta porta aberta que o ministro nos prop\u00f4s, eu acredito que n\u00f3s podemos fazer essa parceria por um longo e duradouro tempo para v\u00e1rios produtos inclusive se necess\u00e1rio, t\u00e1? Mas vamos focar na pandemia, o que n\u00f3s podemos ajudar e o que estiver dentro nosso alcance, estaremos a disposi\u00e7\u00e3o para vossa excel\u00eancia.&#8221;<\/p>\n\n\n\n<p>Em depoimento \u00e0 CPI da Pandemia, em 16 de julho, Pazuello afirmou que n\u00e3o tratava diretamente com empresas sobre contratos e compra de imunizantes.<\/p>\n\n\n\n<p>\u201cSou o dirigente m\u00e1ximo, eu sou o decisor, eu n\u00e3o posso negociar com a empresa. Quem negocia com a empresa \u00e9 o n\u00edvel administrativo, n\u00e3o o Ministro. Se o Ministro&#8230; Jamais deve receber uma empresa, o senhor deveria saber disso\u201c, disse respondendo pergunta do relator, o senador Renan Calheiros.<\/p>\n\n\n\n<p>Aos senadores, Pazuello estava explicando que n\u00e3o esteve \u00e0 frente dos tr\u00e2mites com a Pfizer e que n\u00e3o cabia a ele cumprir esse papel. \u201cEu queria dizer que n\u00e3o posso colocar, o Ministro n\u00e3o pode receber as empresas, o Ministro n\u00e3o pode fazer negocia\u00e7\u00e3o com empresa, o Ministro n\u00e3o pode fechar\u201c, afirmou.<\/p>\n\n\n\n<p>A mem\u00f3ria da reuni\u00e3o indica ainda que o grupo chegou ao minist\u00e9rio por indica\u00e7\u00e3o do senador Eduardo Gomes (MDB-TO), l\u00edder do governo Jair Bolsonaro no Congresso. \u201cQuem solicitou a primeira reuni\u00e3o foi o senador Eduardo Gomes (mas depois n\u00e3o acompanhou ou cobrou o processo)\u201c, diz o material.<\/p>\n\n\n\n<p>Eduardo Pazuello presta depoimento no segundo dia de oitivas com ele na CPI da PandemiaFoto: Leopoldo Silva\/Ag\u00eancia Senado<\/p>\n\n\n\n<p>Gomes afirmou \u00e0&nbsp;<strong>CNN<\/strong>&nbsp;que n\u00e3o indicou diretamente o grupo e que seu gabinete n\u00e3o encontrou registro dessa solicita\u00e7\u00e3o. Ele diz, por\u00e9m, que a orienta\u00e7\u00e3o \u00e0 \u00e9poca era que pedidos relacionados ao enfrentamento da pandemia deveriam ser encaminhados ao Minist\u00e9rio da Sa\u00fade. Segundo o senador, algum parlamentar pode ter pedido e sua equipe ent\u00e3o remetido \u00e0 pasta.<\/p>\n\n\n\n<p>O material detalha como deveriam ser os tr\u00e2mites para que o neg\u00f3cio fosse fechado. A partir da reuni\u00e3o, uma carta de inten\u00e7\u00e3o deveria ser enviada pela secretaria-executiva, comandada naquela \u00e9poca por \u00c9lcio Franco. Depois, o governo chin\u00eas enviaria um posicionamento oficial, indicando disponibilidade e o cronograma de entrega. E, havendo confirma\u00e7\u00e3o de interesse por parte do governo brasileiro, o processo de aquisi\u00e7\u00e3o seria iniciado.<\/p>\n\n\n\n<p>A&nbsp;<strong>CNN<\/strong>&nbsp;procurou a defesa do ex-ministro Eduardo Pazuello. O advogado Zoser Platar Bondim, informou que n\u00e3o conseguiu contato com o cliente, mas que os questionamentos deveriam ser encaminhados para a Secretaria de Comunica\u00e7\u00e3o Social da Presid\u00eancia ou a Advocacia Geral da Uni\u00e3o.<\/p>\n\n\n\n<p>A&nbsp;<strong>CNN<\/strong>&nbsp;entrou em contato com a Secom, AGU e Minist\u00e9rio da Sa\u00fade, mas ainda n\u00e3o teve retorno.&nbsp;<\/p>\n\n\n\n<p>Em nota, o Instituto Butantan afirmou que &#8220;n\u00e3o teve acesso ao conte\u00fado na \u00edntegra do v\u00eddeo envolvendo negocia\u00e7\u00f5es entre o Minist\u00e9rio da Sa\u00fade e intermedi\u00e1rios sobre aquisi\u00e7\u00e3o de vacinas e, portanto, n\u00e3o conhece o teor exato da reuni\u00e3o. Informa, ainda, que \u00e9 o \u00fanico representante da SinoVac no Brasil e na Am\u00e9rica Latina para a comercializa\u00e7\u00e3o da vacina CoronaVac, fato p\u00fablico e de conhecimento geral&#8221;.<\/p>\n\n\n\n<p>A Sinovac, empresa que desenvolveu a Coronavac, ainda n\u00e3o retornou o contato.<\/p>\n","protected":false},"excerpt":{"rendered":"<p>Eduardo Pazuello&nbsp;recebeu no Minist\u00e9rio da Sa\u00fade empres\u00e1rios que se apresentavam como intermedi\u00e1rios para a compra da vacina&nbsp;Coronavac&nbsp;com o governo da China e prometeu fechar contrato para a aquisi\u00e7\u00e3o de 30<\/p>\n","protected":false},"author":1,"featured_media":3017,"comment_status":"closed","ping_status":"closed","sticky":false,"template":"","format":"standard","meta":[],"categories":[1],"tags":[],"_links":{"self":[{"href":"https:\/\/7ports.com.br\/index.php?rest_route=\/wp\/v2\/posts\/3016"}],"collection":[{"href":"https:\/\/7ports.com.br\/index.php?rest_route=\/wp\/v2\/posts"}],"about":[{"href":"https:\/\/7ports.com.br\/index.php?rest_route=\/wp\/v2\/types\/post"}],"author":[{"embeddable":true,"href":"https:\/\/7ports.com.br\/index.php?rest_route=\/wp\/v2\/users\/1"}],"replies":[{"embeddable":true,"href":"https:\/\/7ports.com.br\/index.php?rest_route=%2Fwp%2Fv2%2Fcomments&post=3016"}],"version-history":[{"count":1,"href":"https:\/\/7ports.com.br\/index.php?rest_route=\/wp\/v2\/posts\/3016\/revisions"}],"predecessor-version":[{"id":3018,"href":"https:\/\/7ports.com.br\/index.php?rest_route=\/wp\/v2\/posts\/3016\/revisions\/3018"}],"wp:featuredmedia":[{"embeddable":true,"href":"https:\/\/7ports.com.br\/index.php?rest_route=\/wp\/v2\/media\/3017"}],"wp:attachment":[{"href":"https:\/\/7ports.com.br\/index.php?rest_route=%2Fwp%2Fv2%2Fmedia&parent=3016"}],"wp:term":[{"taxonomy":"category","embeddable":true,"href":"https:\/\/7ports.com.br\/index.php?rest_route=%2Fwp%2Fv2%2Fcategories&post=3016"},{"taxonomy":"post_tag","embeddable":true,"href":"https:\/\/7ports.com.br\/index.php?rest_route=%2Fwp%2Fv2%2Ftags&post=3016"}],"curies":[{"name":"wp","href":"https:\/\/api.w.org\/{rel}","templated":true}]}}