
{"id":3019,"date":"2021-07-16T21:51:12","date_gmt":"2021-07-17T00:51:12","guid":{"rendered":"https:\/\/7ports.com.br\/?p=3019"},"modified":"2021-07-21T00:02:51","modified_gmt":"2021-07-21T03:02:51","slug":"crise-de-chips-deve-se-estender-ate-2023-diz-lider-da-intel-no-brasil","status":"publish","type":"post","link":"https:\/\/7ports.com.br\/?p=3019","title":{"rendered":"Crise de chips deve se estender at\u00e9 2023, diz l\u00edder da Intel no Brasil"},"content":{"rendered":"\n<h2 class=\"wp-block-heading\">Gisselle Ruiz Lanza, diretora geral da Intel BrasilFoto: Divulga\u00e7\u00e3o\/Intel<\/h2>\n\n\n\n<h2 class=\"wp-block-heading\">As empresas de tecnologia que produzem semicondutores est\u00e3o fazendo malabarismos para conseguir aumentar a produ\u00e7\u00e3o de chips e atender ao aumento da demanda. O desequil\u00edbrio entre a oferta e a procura do componente tem causado uma crise em todos os setores que usam chips em seus produtos, como ve\u00edculos e equipamentos eletr\u00f4nicos. Mesmo com os esfor\u00e7os das produtoras, o problema deve continuar preocupando por algum tempo.\u00a0<\/h2>\n\n\n\n<p>Em entrevista ao\u00a0<strong>CNN Brasil Business<\/strong>, a diretora geral da Intel Brasil, Gisselle Ruiz disse esperar que a cadeia de suprimentos \u201cse estabilize em alguns anos\u201d, mas que a demanda tende a continuar aumentando. Para ela, oferta e demanda s\u00f3 devem ficar pr\u00f3ximas do ponto de equil\u00edbrio em 2023.\u00a0<\/p>\n\n\n\n<p>Em entrevista ao\u00a0<strong>CNN Brasil Business<\/strong>, a diretora geral da Intel Brasil, Gisselle Ruiz disse esperar que a cadeia de suprimentos \u201cse estabilize em alguns anos\u201d, mas que a demanda tende a continuar aumentando. Para ela, oferta e demanda s\u00f3 devem ficar pr\u00f3ximas do ponto de equil\u00edbrio em 2023.\u00a0<\/p>\n\n\n\n<p>At\u00e9 2023, todo o mundo ainda deve sofrer as consequ\u00eancias do desequil\u00edbrio nesse mercado. \u201cNo segundo semestre continuam os desafios\u201d, segundo a l\u00edder da Intel no Brasil. Ou seja, epis\u00f3dios de paralisa\u00e7\u00e3o de montadoras ainda devem ocorrer at\u00e9 o fim do ano.&nbsp;<\/p>\n\n\n\n<h4 class=\"wp-block-heading\">Caminho para a normalidade<\/h4>\n\n\n\n<p>Enquanto a demanda continua superando a oferta, as fabricantes de chips correm para aumentar a capacidade de produ\u00e7\u00e3o. A pr\u00f3pria Intel anunciou investimentos robustos na constru\u00e7\u00e3o de novas f\u00e1bricas.&nbsp;<\/p>\n\n\n\n<p>Parte da estrat\u00e9gia batizada de IDM 2.0 prev\u00ea o investimento inicial de US$ 20 bilh\u00f5es para a constru\u00e7\u00e3o de duas plantas no estado do Arizona, nos Estados Unidos. A empresa tamb\u00e9m criou uma unidade de neg\u00f3cio para ganhar efici\u00eancia no processo de fabrica\u00e7\u00e3o. Mesmo assim, os resultados n\u00e3o devem aparecer imediatamente.&nbsp;<\/p>\n\n\n\n<p>Um dos problemas da ind\u00fastria \u00e9 a concentra\u00e7\u00e3o da capacidade de produ\u00e7\u00e3o na \u00c1sia, mais especificamente em Taiwan. L\u00e1, somente a TSMC \u00e9 respons\u00e1vel por 84% da produ\u00e7\u00e3o dos chips mais modernos do mundo.&nbsp;<\/p>\n\n\n\n<p>Essa concentra\u00e7\u00e3o mostra como a cadeia produtiva \u00e9 fr\u00e1gil. No ano passado,&nbsp;<a href=\"https:\/\/www.cnnbrasil.com.br\/business\/2021\/06\/11\/fabrica-de-chips-luta-contra-a-covid-e-a-crise-climatica\">Taiwan registrou a maior seca em 46 anos, o que fez as f\u00e1bricas reduzirem a produ\u00e7\u00e3o de chips<\/a>, que utiliza muita \u00e1gua.&nbsp;<\/p>\n\n\n\n<p>Segundo Gisselle Ruiz, um dos objetivos da Intel com o investimento na produ\u00e7\u00e3o nos EUA e na Europa \u00e9 justamente descentralizar a cadeia de abastecimento, o que \u00e9 uma forma de fortalecer a ind\u00fastria.&nbsp;<\/p>\n\n\n\n<h4 class=\"wp-block-heading\">Fabrica\u00e7\u00e3o no Brasil?<\/h4>\n\n\n\n<p>Muita gente pode se perguntar se fabricar os chips no Brasil poderia ajudar nossa economia. Provavelmente. Mas uma planta aqui n\u00e3o est\u00e1 nos planos da Intel.https:\/\/imasdk.googleapis.com\/js\/core\/bridge3.471.1_pt_br.html#goog_1100528119Volume 50%\u00a0<\/p>\n\n\n\n<p>Avaliamos condi\u00e7\u00f5es de mercado, custo, talento e incentivos. S\u00e3o investimentos muito grandes e de longo prazo\u201d, justifica Gisselle.&nbsp;<\/p>\n\n\n\n<p>Ainda que o mercado brasileiro esteja no top 10 da Intel, um investimento bilion\u00e1rio na produ\u00e7\u00e3o de chips parece arriscado demais em um pa\u00eds cuja instabilidade \u00e9 persistente.&nbsp;<\/p>\n\n\n\n<p>Por enquanto, a produ\u00e7\u00e3o de semicondutores no Brasil \u00e9 uma inc\u00f3gnita. Com a \u00fanica fabricante do Hemisf\u00e9rio Sul, a Ceitec, sendo liquidada pelo governo brasileiro, a inglesa EnSilica desembarcou em Porto Alegre (RS) para \u201caproveitar\u201d os funcion\u00e1rios que est\u00e3o sendo dispensados da estatal brasileira.&nbsp;<\/p>\n\n\n\n<h4 class=\"wp-block-heading\">5G<\/h4>\n\n\n\n<p>O Brasil est\u00e1 atrasado na implanta\u00e7\u00e3o da tecnologia 5G, \u00e9 verdade. Mas as empresas de tecnologia est\u00e3o contando os dias para que a novidade chegue por aqui. Uma delas \u00e9 a Intel, que j\u00e1 atua em v\u00e1rios mercados europeus e nos Estados Unidos fornecendo tecnologia compat\u00edvel com a nova rede.&nbsp;<\/p>\n\n\n\n<p>Embora Gisselle admita que gostaria que o&nbsp;<a href=\"https:\/\/www.cnnbrasil.com.br\/business\/2021\/07\/14\/tcu-vai-votar-o-edital-do-leilao-do-5g-em-18-de-agosto-diz-fabio-faria\">leil\u00e3o de frequ\u00eancias do 5G<\/a>&nbsp;&#8211; passo mais importante para a implementa\u00e7\u00e3o da tecnologia aqui &#8211; j\u00e1 tivesse sido feito, a executiva disse que sua empresa vem ajudando o governo nos preparos para o leil\u00e3o e se mostra otimista com o evento acontecendo neste segundo semestre.<\/p>\n\n\n\n<p>Sobre a colabora\u00e7\u00e3o com o governo, Ruiz afirma que a Intel \u201cfaz recomenda\u00e7\u00f5es do ponto de vista tecnol\u00f3gico, mostra&nbsp;<em>insights&nbsp;<\/em>de implementa\u00e7\u00e3o e impacto na economia e traz boas pr\u00e1ticas de outros pa\u00edses\u201d para servir de exemplo para a opera\u00e7\u00e3o brasileira.&nbsp;<\/p>\n","protected":false},"excerpt":{"rendered":"<p>Gisselle Ruiz Lanza, diretora geral da Intel BrasilFoto: Divulga\u00e7\u00e3o\/Intel As empresas de tecnologia que produzem semicondutores est\u00e3o fazendo malabarismos para conseguir aumentar a produ\u00e7\u00e3o de chips e atender ao aumento<\/p>\n","protected":false},"author":1,"featured_media":3020,"comment_status":"closed","ping_status":"closed","sticky":false,"template":"","format":"standard","meta":[],"categories":[1],"tags":[],"_links":{"self":[{"href":"https:\/\/7ports.com.br\/index.php?rest_route=\/wp\/v2\/posts\/3019"}],"collection":[{"href":"https:\/\/7ports.com.br\/index.php?rest_route=\/wp\/v2\/posts"}],"about":[{"href":"https:\/\/7ports.com.br\/index.php?rest_route=\/wp\/v2\/types\/post"}],"author":[{"embeddable":true,"href":"https:\/\/7ports.com.br\/index.php?rest_route=\/wp\/v2\/users\/1"}],"replies":[{"embeddable":true,"href":"https:\/\/7ports.com.br\/index.php?rest_route=%2Fwp%2Fv2%2Fcomments&post=3019"}],"version-history":[{"count":1,"href":"https:\/\/7ports.com.br\/index.php?rest_route=\/wp\/v2\/posts\/3019\/revisions"}],"predecessor-version":[{"id":3021,"href":"https:\/\/7ports.com.br\/index.php?rest_route=\/wp\/v2\/posts\/3019\/revisions\/3021"}],"wp:featuredmedia":[{"embeddable":true,"href":"https:\/\/7ports.com.br\/index.php?rest_route=\/wp\/v2\/media\/3020"}],"wp:attachment":[{"href":"https:\/\/7ports.com.br\/index.php?rest_route=%2Fwp%2Fv2%2Fmedia&parent=3019"}],"wp:term":[{"taxonomy":"category","embeddable":true,"href":"https:\/\/7ports.com.br\/index.php?rest_route=%2Fwp%2Fv2%2Fcategories&post=3019"},{"taxonomy":"post_tag","embeddable":true,"href":"https:\/\/7ports.com.br\/index.php?rest_route=%2Fwp%2Fv2%2Ftags&post=3019"}],"curies":[{"name":"wp","href":"https:\/\/api.w.org\/{rel}","templated":true}]}}