
{"id":3036,"date":"2021-07-19T23:49:56","date_gmt":"2021-07-20T02:49:56","guid":{"rendered":"https:\/\/7ports.com.br\/?p=3036"},"modified":"2022-05-26T03:15:45","modified_gmt":"2022-05-26T06:15:45","slug":"biografia-de-sueli-carneiro-e-sopro-de-mudancas","status":"publish","type":"post","link":"https:\/\/7ports.com.br\/?p=3036","title":{"rendered":"Biografia de Sueli Carneiro \u00e9 sopro de mudan\u00e7as"},"content":{"rendered":"\n<p>Na coluna de junho, Jurema Werneck fala sobre raiva e desapontamento, reflexo da neglig\u00eancia da incompet\u00eancia daqueles que t\u00eam o dever de agir por meio de pol\u00edticas p\u00fablicas e como a obra ser\u00e1 combust\u00edvel para seguirmos lutando por sa\u00fade <\/p>\n\n\n\n<p>Maio foi um m\u00eas que come\u00e7ou contradit\u00f3rio, com marcas de vida e de morte, de raiva e desapontamento. Logo em seus primeiros dias, tinham ido embora, perdidos para sempre, mais de 410 mil dos nossos e das nossas para a covid-19. Fomos tamb\u00e9m impactados pela trag\u00e9dia em Saudades (SC), onde criancinhas de pouco mais de 1 ano foram mortas esfaqueadas, junto a duas de suas professoras, por um jovem de 18 anos. No Rio de Janeiro, uma\u00a0<a rel=\"noreferrer noopener\" href=\"https:\/\/revistamarieclaire.globo.com\/busca?q=jacarezinho\" target=\"_blank\">incurs\u00e3o policial descontrolada (para dizer o m\u00ednimo) na favela do Jacarezinho deixou 28 mortos<\/a>, a maioria jovens negros e pobres, e uma legi\u00e3o de pessoas traumatizadas. E ainda, depois de 53 dias de interna\u00e7\u00e3o, um dos\u00a0<a href=\"https:\/\/revistamarieclaire.globo.com\/Celebridades\/noticia\/2021\/05\/ator-paulo-gustavo-morre-aos-42-anos-por-complicacoes-da-covid-19.html\">maiores comediantes do pa\u00eds morreu de covid-19<\/a>, e parecia que o sorriso morria com ele.\u00a0<\/p>\n","protected":false},"excerpt":{"rendered":"<p>Na coluna de junho, Jurema Werneck fala sobre raiva e desapontamento, reflexo da neglig\u00eancia da incompet\u00eancia daqueles que t\u00eam o dever de agir por meio de pol\u00edticas p\u00fablicas e como<\/p>\n","protected":false},"author":1,"featured_media":3037,"comment_status":"closed","ping_status":"closed","sticky":false,"template":"","format":"standard","meta":[],"categories":[1],"tags":[],"_links":{"self":[{"href":"https:\/\/7ports.com.br\/index.php?rest_route=\/wp\/v2\/posts\/3036"}],"collection":[{"href":"https:\/\/7ports.com.br\/index.php?rest_route=\/wp\/v2\/posts"}],"about":[{"href":"https:\/\/7ports.com.br\/index.php?rest_route=\/wp\/v2\/types\/post"}],"author":[{"embeddable":true,"href":"https:\/\/7ports.com.br\/index.php?rest_route=\/wp\/v2\/users\/1"}],"replies":[{"embeddable":true,"href":"https:\/\/7ports.com.br\/index.php?rest_route=%2Fwp%2Fv2%2Fcomments&post=3036"}],"version-history":[{"count":1,"href":"https:\/\/7ports.com.br\/index.php?rest_route=\/wp\/v2\/posts\/3036\/revisions"}],"predecessor-version":[{"id":3038,"href":"https:\/\/7ports.com.br\/index.php?rest_route=\/wp\/v2\/posts\/3036\/revisions\/3038"}],"wp:featuredmedia":[{"embeddable":true,"href":"https:\/\/7ports.com.br\/index.php?rest_route=\/wp\/v2\/media\/3037"}],"wp:attachment":[{"href":"https:\/\/7ports.com.br\/index.php?rest_route=%2Fwp%2Fv2%2Fmedia&parent=3036"}],"wp:term":[{"taxonomy":"category","embeddable":true,"href":"https:\/\/7ports.com.br\/index.php?rest_route=%2Fwp%2Fv2%2Fcategories&post=3036"},{"taxonomy":"post_tag","embeddable":true,"href":"https:\/\/7ports.com.br\/index.php?rest_route=%2Fwp%2Fv2%2Ftags&post=3036"}],"curies":[{"name":"wp","href":"https:\/\/api.w.org\/{rel}","templated":true}]}}