
{"id":3048,"date":"2021-07-20T00:23:03","date_gmt":"2021-07-20T03:23:03","guid":{"rendered":"https:\/\/7ports.com.br\/?p=3048"},"modified":"2022-05-26T03:15:12","modified_gmt":"2022-05-26T06:15:12","slug":"apos-briga-com-bolsonaro-vice-presidente-da-camara-pede-copia-de-processos-de-impeachment-para-analise-politica","status":"publish","type":"post","link":"https:\/\/7ports.com.br\/?p=3048","title":{"rendered":"Ap\u00f3s briga com Bolsonaro, vice-presidente da C\u00e2mara pede c\u00f3pia de processos de impeachment para &#8216;an\u00e1lise pol\u00edtica&#8217;"},"content":{"rendered":"\n<p>BRAS\u00cdLIA \u2014 Ap\u00f3s uma briga p\u00fablica com o presidente Jair Bolsonaro no final de semana sobre a aprova\u00e7\u00e3o do fundo eleitoral de R$ 5,7 bilh\u00f5es, o vice-presidente da C\u00e2mara dos Deputados Marcelo Ramos (PL-AM) pediu nesta segunda-feira c\u00f3pia de todos os pedidos de impeachment protocolados na Casa para fazer uma &#8220;an\u00e1lise pol\u00edtica&#8221; sobre o assunto.<\/p>\n\n\n\n<p><strong>Saiba mais:&nbsp;&nbsp;<\/strong><a href=\"https:\/\/oglobo.globo.com\/brasil\/pec-do-pazuello-tem-objetivo-de-evitar-mau-uso-dos-militares-diz-ex-ministro-aldo-rebelo-1-25116257\">&#8216;PEC do Pazuello&#8217; tem objetivo de &#8216;evitar mau uso dos militares&#8217;, diz ex-ministro Aldo Rebelo<\/a><\/p>\n\n\n\n<p>A prerrogativa de acolher um pedido de impeachment cabe unicamente ao presidente da C\u00e2mara, Arthur Lira (PP-AL). Ao GLOBO, Ramos afirmou que vai fazer uma &#8220;an\u00e1lise pol\u00edtica&#8221; sobre o assunto. Para ele, caso Lira esteja afastado temporariamente do cargo, como no caso de uma viagem internacional ou algum outro imprevisto, o vice-presidente da C\u00e2mara assumiria a presid\u00eancia interinamente e poderia ter a prerrogativa de decidir sobre os pedidos.<\/p>\n","protected":false},"excerpt":{"rendered":"<p>BRAS\u00cdLIA \u2014 Ap\u00f3s uma briga p\u00fablica com o presidente Jair Bolsonaro no final de semana sobre a aprova\u00e7\u00e3o do fundo eleitoral de R$ 5,7 bilh\u00f5es, o vice-presidente da C\u00e2mara dos<\/p>\n","protected":false},"author":1,"featured_media":3050,"comment_status":"closed","ping_status":"closed","sticky":false,"template":"","format":"standard","meta":[],"categories":[1],"tags":[],"_links":{"self":[{"href":"https:\/\/7ports.com.br\/index.php?rest_route=\/wp\/v2\/posts\/3048"}],"collection":[{"href":"https:\/\/7ports.com.br\/index.php?rest_route=\/wp\/v2\/posts"}],"about":[{"href":"https:\/\/7ports.com.br\/index.php?rest_route=\/wp\/v2\/types\/post"}],"author":[{"embeddable":true,"href":"https:\/\/7ports.com.br\/index.php?rest_route=\/wp\/v2\/users\/1"}],"replies":[{"embeddable":true,"href":"https:\/\/7ports.com.br\/index.php?rest_route=%2Fwp%2Fv2%2Fcomments&post=3048"}],"version-history":[{"count":1,"href":"https:\/\/7ports.com.br\/index.php?rest_route=\/wp\/v2\/posts\/3048\/revisions"}],"predecessor-version":[{"id":3051,"href":"https:\/\/7ports.com.br\/index.php?rest_route=\/wp\/v2\/posts\/3048\/revisions\/3051"}],"wp:featuredmedia":[{"embeddable":true,"href":"https:\/\/7ports.com.br\/index.php?rest_route=\/wp\/v2\/media\/3050"}],"wp:attachment":[{"href":"https:\/\/7ports.com.br\/index.php?rest_route=%2Fwp%2Fv2%2Fmedia&parent=3048"}],"wp:term":[{"taxonomy":"category","embeddable":true,"href":"https:\/\/7ports.com.br\/index.php?rest_route=%2Fwp%2Fv2%2Fcategories&post=3048"},{"taxonomy":"post_tag","embeddable":true,"href":"https:\/\/7ports.com.br\/index.php?rest_route=%2Fwp%2Fv2%2Ftags&post=3048"}],"curies":[{"name":"wp","href":"https:\/\/api.w.org\/{rel}","templated":true}]}}