
{"id":3411,"date":"2021-08-05T18:18:51","date_gmt":"2021-08-05T21:18:51","guid":{"rendered":"https:\/\/7ports.com.br\/?p=3411"},"modified":"2021-08-12T10:17:37","modified_gmt":"2021-08-12T13:17:37","slug":"camara-aprova-texto-base-de-projeto-que-permite-privatizacao-dos-correios","status":"publish","type":"post","link":"https:\/\/7ports.com.br\/?p=3411","title":{"rendered":"C\u00e2mara aprova texto-base de projeto que permite privatiza\u00e7\u00e3o dos Correios"},"content":{"rendered":"\n<figure class=\"wp-block-image\"><img decoding=\"async\" src=\"https:\/\/medias.cnnbrasil.com.br\/movimento-no-centro-de-tratamento-de-encomendas-dos-correios-em-benfica.jpeg?format=JPEG&amp;image=https:\/\/mediastorage.cnnbrasil.com.br\/IMAGES\/00\/00\/01\/19370_95C317EFE8D9EBA0.jpg&amp;width=456&amp;height=255&amp;resize=CROP\" alt=\"Movimento no Centro de Tratamento de Encomendas dos Correios, em Benfica\"\/><\/figure>\n\n\n\n<p>A C\u00e2mara dos Deputados aprovou, na tarde desta quinta-feira (5\/8), por 286 votos a 173, o texto-base do projeto de lei de autoria do Pal\u00e1cio do Planalto que permite a&nbsp;<a href=\"https:\/\/www.cnnbrasil.com.br\/tudo-sobre\/correios\" target=\"_blank\" rel=\"noreferrer noopener\">privatiza\u00e7\u00e3o dos Correios<\/a>. A mat\u00e9ria permite que a iniciativa privada assuma atividades hoje exclusivas da estatal. &nbsp;Falta ainda a an\u00e1lise de 10 destaques \u2013 que podem modificar o conte\u00fado final do texto \u2013 depois, o projeto seguir\u00e1 para a an\u00e1lise do Senado Federal.&nbsp;<\/p>\n\n\n\n<p>PUBLICIDADE<\/p>\n\n\n\n<p>O governo federal acredita que se os senadores aprovarem a mat\u00e9ria nos pr\u00f3ximos meses, ser\u00e1 poss\u00edvel realizar o leil\u00e3o dos Correios j\u00e1 no primeiro semestre de 2022, com a venda de 100% da estatal. A partir disso, a empresa ser\u00e1 conhecida como Correios do Brasil.<\/p>\n\n\n\n<p>No entanto, o monop\u00f3lio postal (cartas e impressos) \u00e9 assegurado pela Constitui\u00e7\u00e3o Federal e, por isso, o novo operador da estatal ter\u00e1 de oferecer tais servi\u00e7os mesmo \u00e0s cidades pequenas. Para isso, quem arrematar os Correios durante o leil\u00e3o, ter\u00e1 de operar os servi\u00e7os postais via contrato de concess\u00e3o, por no m\u00ednimo cinco anos.<\/p>\n\n\n\n<p>J\u00e1 as tarifas a serem aplicadas pela nova empresa, poder\u00e3o ser diferenciadas geograficamente, segundo o relat\u00f3rio, dever\u00e1 ser levado em considera\u00e7\u00e3o \u201co custo do servi\u00e7o, a renda dos usu\u00e1rios e os indicadores sociais, com o fim de garantir o acesso de qualquer pessoa f\u00edsica ou jur\u00eddica, independentemente de sua localiza\u00e7\u00e3o e condi\u00e7\u00e3o socioecon\u00f4mica, ao servi\u00e7o postal universal\u201d.<\/p>\n\n\n\n<h2 class=\"wp-block-heading\">Demais mudan\u00e7as<\/h2>\n\n\n\n<p>A vota\u00e7\u00e3o do PL dos Correios come\u00e7ou ainda na manh\u00e3 desta quinta. A oposi\u00e7\u00e3o, contr\u00e1ria a mat\u00e9ria, obstruiu a sess\u00e3o. Tr\u00eas requerimentos para adiamento da an\u00e1lise do projeto foram apresentados, todos rejeitados, com apoio da base governista. A ministra da Secretaria de Governo, Fl\u00e1via Arruda, esteve na C\u00e2mara negociando com os deputados a aprova\u00e7\u00e3o do texto.<\/p>\n\n\n\n<p>Buscando agradar os contr\u00e1rios \u00e0 mat\u00e9ria, o relat\u00f3rio do deputado Gil Cutrim (Republicanos-MA) prev\u00ea um per\u00edodo de estabilidade de 18 meses aos funcion\u00e1rios dos Correios ap\u00f3s a desestatiza\u00e7\u00e3o, ficando proibida a dispensa sem justa causa. Ser\u00e1 oferecido aos empregados um plano de demiss\u00e3o volunt\u00e1ria (PDV), com per\u00edodo de ades\u00e3o de 180 dias contatos a partir da data de privatiza\u00e7\u00e3o.Movimento no Centro de Tratamento de Encomendas dos Correios, em BenficaFoto: Fernando Fraz\u00e3o\/Ag\u00eancia Brasil (18.set.2019)<\/p>\n","protected":false},"excerpt":{"rendered":"<p>A C\u00e2mara dos Deputados aprovou, na tarde desta quinta-feira (5\/8), por 286 votos a 173, o texto-base do projeto de lei de autoria do Pal\u00e1cio do Planalto que permite a&nbsp;privatiza\u00e7\u00e3o<\/p>\n","protected":false},"author":1,"featured_media":3412,"comment_status":"closed","ping_status":"closed","sticky":false,"template":"","format":"standard","meta":[],"categories":[1],"tags":[],"_links":{"self":[{"href":"https:\/\/7ports.com.br\/index.php?rest_route=\/wp\/v2\/posts\/3411"}],"collection":[{"href":"https:\/\/7ports.com.br\/index.php?rest_route=\/wp\/v2\/posts"}],"about":[{"href":"https:\/\/7ports.com.br\/index.php?rest_route=\/wp\/v2\/types\/post"}],"author":[{"embeddable":true,"href":"https:\/\/7ports.com.br\/index.php?rest_route=\/wp\/v2\/users\/1"}],"replies":[{"embeddable":true,"href":"https:\/\/7ports.com.br\/index.php?rest_route=%2Fwp%2Fv2%2Fcomments&post=3411"}],"version-history":[{"count":1,"href":"https:\/\/7ports.com.br\/index.php?rest_route=\/wp\/v2\/posts\/3411\/revisions"}],"predecessor-version":[{"id":3413,"href":"https:\/\/7ports.com.br\/index.php?rest_route=\/wp\/v2\/posts\/3411\/revisions\/3413"}],"wp:featuredmedia":[{"embeddable":true,"href":"https:\/\/7ports.com.br\/index.php?rest_route=\/wp\/v2\/media\/3412"}],"wp:attachment":[{"href":"https:\/\/7ports.com.br\/index.php?rest_route=%2Fwp%2Fv2%2Fmedia&parent=3411"}],"wp:term":[{"taxonomy":"category","embeddable":true,"href":"https:\/\/7ports.com.br\/index.php?rest_route=%2Fwp%2Fv2%2Fcategories&post=3411"},{"taxonomy":"post_tag","embeddable":true,"href":"https:\/\/7ports.com.br\/index.php?rest_route=%2Fwp%2Fv2%2Ftags&post=3411"}],"curies":[{"name":"wp","href":"https:\/\/api.w.org\/{rel}","templated":true}]}}