
{"id":3494,"date":"2021-08-09T15:14:19","date_gmt":"2021-08-09T18:14:19","guid":{"rendered":"https:\/\/7ports.com.br\/?p=3494"},"modified":"2021-08-12T10:17:20","modified_gmt":"2021-08-12T13:17:20","slug":"bolsonaro-entrega-a-lira-a-mp-que-cria-o-auxilio-brasil-em-substituicao-ao-bolsa-familia","status":"publish","type":"post","link":"https:\/\/7ports.com.br\/?p=3494","title":{"rendered":"Bolsonaro entrega a Lira a MP que cria o Aux\u00edlio Brasil, em substitui\u00e7\u00e3o ao Bolsa Fam\u00edlia"},"content":{"rendered":"\n<p>Valor do novo benef\u00edcio ser\u00e1 definido at\u00e9 setembro, segundo o ministro da Cidadania<\/p>\n\n\n\n<p>Fonte: Ag\u00eancia C\u00e2mara de Not\u00edcias<\/p>\n\n\n\n<p>O presidente Jair Bolsonaro entregou nesta segunda-feira ao presidente da C\u00e2mara dos Deputados, <a href=\"https:\/\/www.camara.leg.br\/deputados\/160541\">Arthur Lira (PP-AL)<\/a>, a Medida Provis\u00f3ria que reformula o programa Bolsa Fam\u00edlia, ampliando o valor e o n\u00famero de beneficiados, e a proposta de emenda constitucional que prev\u00ea o parcelamento de precat\u00f3rios a serem pagos pela Uni\u00e3o. O novo programa se chama Aux\u00edlio Brasil e seu valor ser\u00e1 definido at\u00e9 setembro.<\/p>\n\n\n\n<p>Lira afirmou que as propostas ter\u00e3o rito r\u00e1pido na Casa e ser\u00e3o votadas com responsabilidade pelos parlamentares.&nbsp;\u201cA C\u00e2mara vai se dedicar a fazer o melhor, com responsabilidade elevada. Essa mat\u00e9ria (novo Bolsa Fam\u00edlia) tem urg\u00eancia, como tamb\u00e9m a PEC dos precat\u00f3rios, antes do envio do Or\u00e7amento, para que haja previsibilidade nas a\u00e7\u00f5es do Poder Executivo para o ano de 2022\u201d, explicou Lira.<\/p>\n\n\n\n<p>Segundo Bolsonaro, o governo tem atuado com responsabilidade e preocupa\u00e7\u00e3o social.&nbsp;\u201cS\u00e3o propostas para dar transpar\u00eancia e responsabilidade aos gastos, incluindo a\u00ed o vi\u00e9s social do nosso governo. Sabemos que a pandemia trouxe uma infla\u00e7\u00e3o para alimentos para o mundo inteiro e n\u00e3o podemos deixar desassistidos os mais vulner\u00e1veis\u201d, disse Bolsonaro.<em>Cleia Viana\/C\u00e2mara dos Deputados<\/em><\/p>\n\n\n\n<figure class=\"wp-block-image\"><img decoding=\"async\" src=\"https:\/\/www.camara.leg.br\/midias\/image\/2021\/08\/img20210809111416765-768x512.jpg\" alt=\"Cerim\u00f4nia de entrega da MP do Aux\u00edlio Brasil e da PEC dos Precat\u00f3rios\"\/><\/figure>\n\n\n\n<p>Cerim\u00f4nia de entrega da MP do Aux\u00edlio Brasil e da PEC dos Precat\u00f3rios<\/p>\n\n\n\n<p>O ministro da Economia, Paulo Guedes, afirmou que PEC dos precat\u00f3rios cria previsibilidade dos gastos e regulariza a capacidade de pagamento das d\u00edvidas da Uni\u00e3o.&nbsp;\u201cEstamos disciplinando a execu\u00e7\u00e3o e a exequibilidade do Or\u00e7amento da Rep\u00fablica e a proposta traz uma conex\u00e3o com os programas sociais. N\u00e3o s\u00f3 assegura os programa sociais, como permite a transforma\u00e7\u00e3o do Estado brasileiro\u201d, afirmou Guedes.<\/p>\n\n\n\n<p>O ministro da Cidadania, Jo\u00e3o Roma, destacou que MP vai reformular os programas de transfer\u00eancia de renda e ampliar a prote\u00e7\u00e3o social do governo.&nbsp;\u201cVamos seguir as trilhas de emancipa\u00e7\u00e3o do Estado brasileiro, essa MP apresentada representa um novo passo para a quest\u00e3o social do povo brasileiro\u201d, disse.<\/p>\n\n\n\n<p>Reportagem &#8211; Luiz Gustavo Xavier<br>Edi\u00e7\u00e3o &#8211; Wilson Silveira<\/p>\n\n\n\n<h2 class=\"wp-block-heading\">Continua<\/h2>\n\n\n\n<ul><li><a href=\"https:\/\/www.camara.leg.br\/noticias\/791301-ministro-espera-que-o-auxilio-brasil-comece-a-ser-pago-em-novembro\/\">Ministro espera que o Aux\u00edlio Brasil comece a ser pago em novembro<\/a><\/li><\/ul>\n\n\n\n<p>A reprodu\u00e7\u00e3o das not\u00edcias \u00e9 autorizada desde que contenha a assinatura &#8216;Ag\u00eancia C\u00e2mara Not\u00edcias&#8217;.<\/p>\n\n\n\n<p>Fonte: Ag\u00eancia C\u00e2mara de Not\u00edcias<\/p>\n","protected":false},"excerpt":{"rendered":"<p>Valor do novo benef\u00edcio ser\u00e1 definido at\u00e9 setembro, segundo o ministro da Cidadania Fonte: Ag\u00eancia C\u00e2mara de Not\u00edcias O presidente Jair Bolsonaro entregou nesta segunda-feira ao presidente da C\u00e2mara dos<\/p>\n","protected":false},"author":1,"featured_media":3495,"comment_status":"closed","ping_status":"closed","sticky":false,"template":"","format":"standard","meta":[],"categories":[1],"tags":[],"_links":{"self":[{"href":"https:\/\/7ports.com.br\/index.php?rest_route=\/wp\/v2\/posts\/3494"}],"collection":[{"href":"https:\/\/7ports.com.br\/index.php?rest_route=\/wp\/v2\/posts"}],"about":[{"href":"https:\/\/7ports.com.br\/index.php?rest_route=\/wp\/v2\/types\/post"}],"author":[{"embeddable":true,"href":"https:\/\/7ports.com.br\/index.php?rest_route=\/wp\/v2\/users\/1"}],"replies":[{"embeddable":true,"href":"https:\/\/7ports.com.br\/index.php?rest_route=%2Fwp%2Fv2%2Fcomments&post=3494"}],"version-history":[{"count":1,"href":"https:\/\/7ports.com.br\/index.php?rest_route=\/wp\/v2\/posts\/3494\/revisions"}],"predecessor-version":[{"id":3496,"href":"https:\/\/7ports.com.br\/index.php?rest_route=\/wp\/v2\/posts\/3494\/revisions\/3496"}],"wp:featuredmedia":[{"embeddable":true,"href":"https:\/\/7ports.com.br\/index.php?rest_route=\/wp\/v2\/media\/3495"}],"wp:attachment":[{"href":"https:\/\/7ports.com.br\/index.php?rest_route=%2Fwp%2Fv2%2Fmedia&parent=3494"}],"wp:term":[{"taxonomy":"category","embeddable":true,"href":"https:\/\/7ports.com.br\/index.php?rest_route=%2Fwp%2Fv2%2Fcategories&post=3494"},{"taxonomy":"post_tag","embeddable":true,"href":"https:\/\/7ports.com.br\/index.php?rest_route=%2Fwp%2Fv2%2Ftags&post=3494"}],"curies":[{"name":"wp","href":"https:\/\/api.w.org\/{rel}","templated":true}]}}