
{"id":3716,"date":"2021-08-18T08:03:00","date_gmt":"2021-08-18T11:03:00","guid":{"rendered":"https:\/\/7ports.com.br\/?p=3716"},"modified":"2022-02-10T02:00:21","modified_gmt":"2022-02-10T05:00:21","slug":"apos-20-anos-taliba-retoma-poder-no-afeganistao","status":"publish","type":"post","link":"https:\/\/7ports.com.br\/?p=3716","title":{"rendered":"Ap\u00f3s 20 anos, Talib\u00e3 retoma poder no Afeganist\u00e3o"},"content":{"rendered":"\n<p><\/p>\n\n\n\n<p class=\"has-text-align-left\">Na \u00faltima semana, o grupo extremista Talib\u00e3 derrubou o governo do Afeganist\u00e3o e assumiu o poder do pa\u00eds, 20 anos ap\u00f3s a derrota para as for\u00e7as ocidentais, comandadas pelos EUA.&nbsp;<\/p>\n\n\n\n<p class=\"has-text-align-left\">O grupo \u2014 que \u00e9 conhecido pela vis\u00e3o conservadora fundamentada na lei isl\u00e2mica da <em>sharia<\/em>* \u2014 tem um hist\u00f3rico de repress\u00e3o \u00e0 mulher e pr\u00e1ticas de extrema viol\u00eancia para punir aqueles que se desviam das leis impostas por eles.<\/p>\n\n\n\n<p class=\"has-text-align-left\">Entre os anos de 1996 e 2001, per\u00edodo em que o Talib\u00e3 governou pela primeira vez, foram noticiados casos de espancamento p\u00fablico, apedrejamento, tortura e at\u00e9 morte.<\/p>\n\n\n\n<p class=\"has-text-align-left\">Aterrorizados com a retomada dos extremistas ao governo do pa\u00eds, milhares de afeg\u00e3os invadiram o aeroporto da capital Cabul na \u00faltima segunda-feira (16), tentando embarcar em cargueiros norte-americanos, que evacuavam a regi\u00e3o.<\/p>\n\n\n\n<p class=\"has-text-align-left\">Imagens divulgadas em jornais de todo o mundo mostram algumas dessas pessoas caindo dos avi\u00f5es em movimento, ap\u00f3s tentarem se agarrar \u00e0 m\u00e1quina pelo lado de fora.&nbsp;<\/p>\n\n\n\n<p class=\"has-text-align-left\"><\/p>\n\n\n\n<figure class=\"wp-block-image size-full is-resized\"><img decoding=\"async\" loading=\"lazy\" src=\"https:\/\/7ports.com.br\/wp-content\/uploads\/2021\/08\/50-5.jpg.webp\" alt=\"\" class=\"wp-image-3717\" width=\"843\" height=\"474\" srcset=\"https:\/\/7ports.com.br\/wp-content\/uploads\/2021\/08\/50-5.jpg.webp 640w, https:\/\/7ports.com.br\/wp-content\/uploads\/2021\/08\/50-5.jpg-300x169.webp 300w, https:\/\/7ports.com.br\/wp-content\/uploads\/2021\/08\/50-5.jpg-600x338.webp 600w\" sizes=\"(max-width: 843px) 100vw, 843px\" \/><figcaption>Fonte: Reprodu\u00e7\u00e3o\/Twitter<\/figcaption><\/figure>\n\n\n\n<p><\/p>\n\n\n\n<p>Em meio ao temor causado pela volta do grupo, os integrantes do Talib\u00e3 anunciaram ontem (17), que conceder\u00e3o anistia geral em todo o Afeganist\u00e3o e pediram \u00e0s mulheres que se unam ao novo governo. A medida \u00e9 uma tentativa de acalmar os \u00e2nimos, ap\u00f3s os acontecimentos ocorridos na capital, mas foi encarada com ceticismo tanto pela popula\u00e7\u00e3o do pa\u00eds, quanto pela comunidade internacional, que ainda se recordam do per\u00edodo de terror instaurado pelo grupo.<\/p>\n\n\n\n<p>A ativista paquistanesa Malala Yousafzai se manifestou nas redes sociais, apelando para que as for\u00e7as globais forne\u00e7am ajuda imediata para proteger os civis e controlar o avan\u00e7o do grupo.<\/p>\n\n\n\n<p>Malala, que foi baleada na cabe\u00e7a por integrantes do grupo em 2013, ficou conhecida internacionalmente pela defesa do direito das mulheres \u00e0 educa\u00e7\u00e3o, luta que a concedeu o pr\u00eamio Nobel da Paz.<\/p>\n\n\n\n<p><\/p>\n\n\n\n<figure class=\"wp-block-image size-full\"><img decoding=\"async\" loading=\"lazy\" width=\"1006\" height=\"566\" src=\"https:\/\/7ports.com.br\/wp-content\/uploads\/2021\/08\/taliba.png.webp\" alt=\"\" class=\"wp-image-3719\" srcset=\"https:\/\/7ports.com.br\/wp-content\/uploads\/2021\/08\/taliba.png.webp 1006w, https:\/\/7ports.com.br\/wp-content\/uploads\/2021\/08\/taliba.png-300x169.webp 300w, https:\/\/7ports.com.br\/wp-content\/uploads\/2021\/08\/taliba.png-768x432.webp 768w, https:\/\/7ports.com.br\/wp-content\/uploads\/2021\/08\/taliba.png-600x338.webp 600w\" sizes=\"(max-width: 1006px) 100vw, 1006px\" \/><figcaption>Fonte: Reprodu\u00e7\u00e3o\/BBC<\/figcaption><\/figure>\n\n\n\n<p>Embora no \u00faltimo discurso feito \u00e0 imprensa internacional, o porta-voz do Talib\u00e3, Zabihullah Mujahid, tenha adotado um tom moderado \u2014 contrastante com o posicionamento do grupo h\u00e1 20 anos \u2014, a rea\u00e7\u00e3o geral permanece a mesma causada por eles no passado: pavor.<\/p>\n\n\n\n<p><\/p>\n\n\n\n<p>*A <em>sharia<\/em> \u00e9 o sistema de leis do islamismo. Consiste em um conjunto de normas e orienta\u00e7\u00f5es extra\u00eddos do Cor\u00e3o, livro sagrado do Isl\u00e3, que serve como um c\u00f3digo de conduta que determina como os mu\u00e7ulmanos devem se comportar.<\/p>\n","protected":false},"excerpt":{"rendered":"<p>Na \u00faltima semana, o grupo extremista Talib\u00e3 derrubou o governo do Afeganist\u00e3o e assumiu o poder do pa\u00eds, 20 anos ap\u00f3s a derrota para as for\u00e7as ocidentais, comandadas pelos EUA.&nbsp;<\/p>\n","protected":false},"author":1,"featured_media":3718,"comment_status":"open","ping_status":"closed","sticky":false,"template":"","format":"standard","meta":[],"categories":[1],"tags":[],"_links":{"self":[{"href":"https:\/\/7ports.com.br\/index.php?rest_route=\/wp\/v2\/posts\/3716"}],"collection":[{"href":"https:\/\/7ports.com.br\/index.php?rest_route=\/wp\/v2\/posts"}],"about":[{"href":"https:\/\/7ports.com.br\/index.php?rest_route=\/wp\/v2\/types\/post"}],"author":[{"embeddable":true,"href":"https:\/\/7ports.com.br\/index.php?rest_route=\/wp\/v2\/users\/1"}],"replies":[{"embeddable":true,"href":"https:\/\/7ports.com.br\/index.php?rest_route=%2Fwp%2Fv2%2Fcomments&post=3716"}],"version-history":[{"count":4,"href":"https:\/\/7ports.com.br\/index.php?rest_route=\/wp\/v2\/posts\/3716\/revisions"}],"predecessor-version":[{"id":3723,"href":"https:\/\/7ports.com.br\/index.php?rest_route=\/wp\/v2\/posts\/3716\/revisions\/3723"}],"wp:featuredmedia":[{"embeddable":true,"href":"https:\/\/7ports.com.br\/index.php?rest_route=\/wp\/v2\/media\/3718"}],"wp:attachment":[{"href":"https:\/\/7ports.com.br\/index.php?rest_route=%2Fwp%2Fv2%2Fmedia&parent=3716"}],"wp:term":[{"taxonomy":"category","embeddable":true,"href":"https:\/\/7ports.com.br\/index.php?rest_route=%2Fwp%2Fv2%2Fcategories&post=3716"},{"taxonomy":"post_tag","embeddable":true,"href":"https:\/\/7ports.com.br\/index.php?rest_route=%2Fwp%2Fv2%2Ftags&post=3716"}],"curies":[{"name":"wp","href":"https:\/\/api.w.org\/{rel}","templated":true}]}}