
{"id":3833,"date":"2021-08-25T00:06:44","date_gmt":"2021-08-25T03:06:44","guid":{"rendered":"https:\/\/7ports.com.br\/?p=3833"},"modified":"2022-02-24T12:31:23","modified_gmt":"2022-02-24T15:31:23","slug":"governadores-exigem-que-o-pacto-federativo-e-o-respeito-aos-poderes-sejam-honrados","status":"publish","type":"post","link":"https:\/\/7ports.com.br\/?p=3833","title":{"rendered":"Governadores exigem de Bolsonaro, respeito ao Pacto Federativo seja honrado"},"content":{"rendered":"\n<p>Governadores de 25 estados, se re\u00fanem em Bras\u00edlia e convocam Bolsonaro para uma reuni\u00e3o federativa com a presen\u00e7a dos mandat\u00e1rios dos tr\u00eas poderes.<\/p>\n\n\n\n<p>O encontro do F\u00f3rum Nacional de Governadores, nesta segunda-feira (23), terminou com o acordo de n\u00e3o emitir nota p\u00fablica contra o presidente&nbsp;<a href=\"https:\/\/www.cnnbrasil.com.br\/tudo-sobre\/jair-bolsonaro\/\">Jair Bolsonaro<\/a>. \u00c0&nbsp;<strong>CNN<\/strong>, interlocutores que acompanharam a reuni\u00e3o disseram que, apesar de abrirem m\u00e3o do manifesto, os governadores decidiram que n\u00e3o deixariam de externar a preocupa\u00e7\u00e3o com o tensionamento entre Poderes.<\/p>\n\n\n\n<p>No lugar de uma nota de rep\u00fadio \u00e0 conduta do presidente da Rep\u00fablica, houve consenso dos governadores de divulgar uma ata com 4 pontos, pedindo reuni\u00f5es separadas dos governadores com cada chefe de Poder. O governador do Distrito Federal, Ibaneis Rocha, como coordenador do grupo, vai levar os convites, incluindo o de Bolsonaro.<\/p>\n","protected":false},"excerpt":{"rendered":"<p>Governadores de 25 estados, se re\u00fanem em Bras\u00edlia e convocam Bolsonaro para uma reuni\u00e3o federativa com a presen\u00e7a dos mandat\u00e1rios dos tr\u00eas poderes. O encontro do F\u00f3rum Nacional de Governadores,<\/p>\n","protected":false},"author":1,"featured_media":3834,"comment_status":"closed","ping_status":"closed","sticky":false,"template":"","format":"standard","meta":[],"categories":[1],"tags":[],"_links":{"self":[{"href":"https:\/\/7ports.com.br\/index.php?rest_route=\/wp\/v2\/posts\/3833"}],"collection":[{"href":"https:\/\/7ports.com.br\/index.php?rest_route=\/wp\/v2\/posts"}],"about":[{"href":"https:\/\/7ports.com.br\/index.php?rest_route=\/wp\/v2\/types\/post"}],"author":[{"embeddable":true,"href":"https:\/\/7ports.com.br\/index.php?rest_route=\/wp\/v2\/users\/1"}],"replies":[{"embeddable":true,"href":"https:\/\/7ports.com.br\/index.php?rest_route=%2Fwp%2Fv2%2Fcomments&post=3833"}],"version-history":[{"count":3,"href":"https:\/\/7ports.com.br\/index.php?rest_route=\/wp\/v2\/posts\/3833\/revisions"}],"predecessor-version":[{"id":3851,"href":"https:\/\/7ports.com.br\/index.php?rest_route=\/wp\/v2\/posts\/3833\/revisions\/3851"}],"wp:featuredmedia":[{"embeddable":true,"href":"https:\/\/7ports.com.br\/index.php?rest_route=\/wp\/v2\/media\/3834"}],"wp:attachment":[{"href":"https:\/\/7ports.com.br\/index.php?rest_route=%2Fwp%2Fv2%2Fmedia&parent=3833"}],"wp:term":[{"taxonomy":"category","embeddable":true,"href":"https:\/\/7ports.com.br\/index.php?rest_route=%2Fwp%2Fv2%2Fcategories&post=3833"},{"taxonomy":"post_tag","embeddable":true,"href":"https:\/\/7ports.com.br\/index.php?rest_route=%2Fwp%2Fv2%2Ftags&post=3833"}],"curies":[{"name":"wp","href":"https:\/\/api.w.org\/{rel}","templated":true}]}}