
{"id":4036,"date":"2021-09-07T16:27:45","date_gmt":"2021-09-07T19:27:45","guid":{"rendered":"https:\/\/7ports.com.br\/?p=4036"},"modified":"2021-09-21T05:20:28","modified_gmt":"2021-09-21T08:20:28","slug":"salgado-fotografo","status":"publish","type":"post","link":"https:\/\/7ports.com.br\/?p=4036","title":{"rendered":"Fotos do Dia: SpaceX encerra miss\u00e3o de 3 dias na \u00f3rbita da Terra com tripula\u00e7\u00e3o civil"},"content":{"rendered":"\n<p>O retorno vitorioso da Iniciativa privada<\/p>\n\n\n\n<p>A SpaceX, empresa do bilion\u00e1rio&nbsp;<a href=\"https:\/\/g1.globo.com\/tudo-sobre\/elon-musk\/\">Elon Musk<\/a>,<a href=\"https:\/\/g1.globo.com\/economia\/tecnologia\/inovacao\/noticia\/2021\/09\/18\/capsula-dragon-pousa-na-florida-e-encerra-missao-historica-da-spacex.ghtml\">&nbsp;encerrou a miss\u00e3o Inspiration4<\/a>, a primeira inteiramente formada por civis a alcan\u00e7ar a \u00f3rbita da Terra. A tripula\u00e7\u00e3o ficou 3 dias dando voltas ao redor do globo.<\/p>\n\n\n\n<p><\/p>\n\n\n\n<hr class=\"wp-block-separator\"\/>\n\n\n\n<hr class=\"wp-block-separator is-style-wide\"\/>\n\n\n\n<p>Setembro negro da Toga<\/p>\n\n\n\n<p>Autoria desconhecida do Fotografo, mas foi a que mais circulou nas redes sociais no dia 7 de Setembro ilustrando a atua\u00e7\u00e3o do ex-presidente Michel Temer na crise institucional que se instalou no planalto central, entre o Executivo e o STF.<\/p>\n\n\n\n<p><\/p>\n\n\n\n<p><\/p>\n\n\n\n<p><\/p>\n\n\n\n<p><\/p>\n\n\n\n<p><\/p>\n\n\n\n<p><\/p>\n\n\n\n<p><\/p>\n\n\n\n<h2 class=\"wp-block-heading\" id=\"subtitulo\">Sebasti\u00e3o Salgado \u00e9 um fot\u00f3grafo brasileiro considerado um dos maiores talentos da fotografia mundial <\/h2>\n\n\n\n<p>Sebasti\u00e3o Ribeiro Salgado J\u00fanior nasceu em Aimor\u00e9, Minas Gerais, no dia 8 de fevereiro de 1944. Passou parte de sua juventude em Vit\u00f3ria, Esp\u00edrito Santo. Formou-se em Economia na Universidade do Esp\u00edrito Santo em 1967.<\/p>\n\n\n\n<p>Em 1968 fez seu mestrado na Universidade de S\u00e3o Paulo. No mesmo ano, casou-se com a pianista L\u00e9lia Deluiz Wanick. Em 1969 mudaram-se para Paris, onde Salgado fez seu doutorado.<\/p>\n\n\n\n<p>Entre 1971 e 1973 Salgado trabalhou como secret\u00e1rio para a Organiza\u00e7\u00e3o Internacional do Caf\u00e9, em Londres. Em uma viagem para Angola, \u00c1frica, onde coordenou um projeto sobre a cultura do caf\u00e9, passou a fotografar como hobby.<\/p>\n\n\n\n<h2 class=\"wp-block-heading\">Carreira de fot\u00f3grafo<\/h2>\n\n\n\n<p>Em 1973, de volta \u00e0 Paris, Sebasti\u00e3o Salgado iniciou sua carreira como fot\u00f3grafo profissional. Como free-lance, fez reportagens fotogr\u00e1ficas para as ag\u00eancias Gamma, Sygma e Magnum.<\/p>\n\n\n\n<p>Na Gamma, ele registrou imagens da Revolu\u00e7\u00e3o dos Cravos. Na Sygma, fez o registro de v\u00e1rios eventos em mais de vinte pa\u00edses. Na Magnum, realizou viagens pela Am\u00e9rica Latina, entre 1977 e 1984.<\/p>\n\n\n\n<p>Em 1986 publicou o livro \u201cOutras Am\u00e9ricas\u201d que registrou as fotos que representavam as condi\u00e7\u00f5es de vida dos camponeses e dos \u00edndios da Am\u00e9rica Latina.<\/p>\n\n\n\n<figure class=\"wp-block-image\"><img decoding=\"async\" src=\"https:\/\/s.ebiografia.com\/img\/se\/ba\/sebastia_o_salgado_outras_americas.jpg\" alt=\"Sebasti\u00e3o Salgado\"\/><\/figure>\n\n\n\n<p>Em 1981, trabalhando como rep\u00f3rter fotogr\u00e1fico do jornal New York Times, foi encarregado de registrar os primeiros 100 dias do governo do presidente Ronald Reagan.<\/p>\n\n\n\n<p>Foi o \u00fanico profissional a registrar o atentado ao presidente norte-americano Ronald Reagan, no dia 31 de mar\u00e7o de 1981, fato que lhe deu destaque internacional.<\/p>\n\n\n\n<p>Durante 15 meses, Salgado trabalhou com o grupo franc\u00eas, M\u00e9dicos Sem Fronteiras, percorrendo a regi\u00e3o do Sahel, na \u00c1frica registrando a devasta\u00e7\u00e3o causada pela seca. Em 1986 publicou \u201cSahel: O Homem em Agonia\u201d.<\/p>\n\n\n\n<p>Entre 1986 e 1992, Sebasti\u00e3o Salgado produziu a s\u00e9rie \u201cTrabalhadores\u201d, em que documentou o trabalho manual e as \u00e1rduas condi\u00e7\u00f5es de vida dos trabalhadores em v\u00e1rias partes do mundo.<\/p>\n\n\n\n<p>Em 1994, criou a empresa \u201cAmazonas Imagens\u201d, para gerenciar e publicar os seus trabalhos. Sua esposa \u00e9 a autora do projeto gr\u00e1fico da maioria de seus livros.<\/p>\n\n\n\n<p>Em seu livro \u201cTerra\u201d, publicado em 1997, a tem\u00e1tica foi o problema da quest\u00e3o agr\u00e1ria no Brasil.<\/p>\n\n\n\n<h2 class=\"wp-block-heading\">\u00caxodos<\/h2>\n\n\n\n<p>Entre 1993 e 1999, Salgado viajou por diversos pa\u00edses e fotografou a luta dos imigrantes, que resultou no livro \u201c\u00caxodos\u201d, publicado em 2000.<\/p>\n\n\n\n<figure class=\"wp-block-image\"><img decoding=\"async\" src=\"https:\/\/s.ebiografia.com\/img\/se\/ba\/sebastia_o_salgado_a_xodos_2.jpg\" alt=\"sebasti\u00e3o salgado\"\/><\/figure>\n\n\n\n<p><strong>Na introdu\u00e7\u00e3o do livro, escreveu:<\/strong><\/p>\n\n\n\n<blockquote class=\"wp-block-quote\"><p>\u201cMais do que nunca, sinto que a ra\u00e7a humana \u00e9 somente uma. H\u00e1 diferen\u00e7as de cores, l\u00ednguas, culturas e oportunidades, mas os sentimentos e rea\u00e7\u00f5es das pessoas s\u00e3o semelhantes. Pessoa fogem das guerras para escapar da morte, migram para melhorar sua sorte, constroem novas vidas em terras estrangeiras, adaptam-se a situa\u00e7\u00f5es extremas&#8230;\u201d<\/p><\/blockquote>\n\n\n\n<h2 class=\"wp-block-heading\">G\u00eanesis<\/h2>\n\n\n\n<p>O projeto G\u00eanesis foi iniciado em 2004, conclu\u00eddo em 2012 e publicado em 2013. No trabalho, em viagem para diversas partes do mundo, Sebasti\u00e3o capturou toda a beleza da natureza e da cultura de povos que continuam vivendo de acordo com suas antigas tradi\u00e7\u00f5es.<\/p>\n\n\n\n<figure class=\"wp-block-image\"><img decoding=\"async\" src=\"https:\/\/s.ebiografia.com\/img\/se\/ba\/sebastia_o_salgado_ga_nesis_2.jpg\" alt=\"Sebasti\u00e3o Salgado\"\/><\/figure>\n\n\n\n<h2 class=\"wp-block-heading\">Pr\u00eamios e honrarias<\/h2>\n\n\n\n<ul><li>Pr\u00eamio Eugene Smith de Fotografia Humanit\u00e1ria (EUA, 1982)<\/li><li>Pr\u00eamio Pr\u00edncipe de Ast\u00farias das Artes, 1998<\/li><li>Pr\u00eamio Unesco para Iniciativas Bem-Sucedidas\u201d (1999)<\/li><li>Pr\u00eamio World Press Photos<\/li><li>Medalha de prata Art Directors Oub nos Estados Unidos<\/li><li>Foi eleito membro honor\u00e1rio da Academia Americana de Artes e Ci\u00eancias, EUA<\/li><li>Doutor Honoris Causa pela Universidade Federal do Esp\u00edrito Santo (2016)<\/li><li>Eleito para o Quadro de Cadeiras de Fot\u00f3grafos da Academia de Belas Artes da Fran\u00e7a (2017)<\/li><li>Pr\u00eamio da Paz do Com\u00e9rcio Livreiro Alem\u00e3o (2019)<\/li><\/ul>\n\n\n\n<h2 class=\"wp-block-heading\">O Sal da Terra (filme)<\/h2>\n\n\n\n<p>Em 2014 foi lan\u00e7ado o document\u00e1rio \u201cO Sal da Terra\u201d, produzido por Juliano Salgado, filho de Sebasti\u00e3o, juntamente com o fot\u00f3grafo Wim Wenders.<\/p>\n\n\n\n<p>O Sal da Terra relata a trajet\u00f3ria do fot\u00f3grafo desde seus primeiros trabalhos em Serra Pelada, a mis\u00e9ria na \u00c1frica e no Nordeste do Brasil, at\u00e9 sua obra-prima, \u201cG\u00eanesis\u201d.<\/p>\n\n\n\n<p>O filme foi indicado ao Oscar de Melhor Document\u00e1rio de 2015.<\/p>\n\n\n\n<h2 class=\"wp-block-heading\">Contribui\u00e7\u00f5es humanit\u00e1rias<\/h2>\n\n\n\n<p>Sebasti\u00e3o Salgado tem contribu\u00eddo com organiza\u00e7\u00f5es humanit\u00e1rias, entre elas: o Fundo das Na\u00e7\u00f5es Unidas para a Inf\u00e2ncia (UNICEF), o Alto Comissariado das Na\u00e7\u00f5es Unidas para os Refugiados (ACNUR), a Organiza\u00e7\u00e3o Mundial da Sa\u00fade (OMS), a ONG M\u00e9dicos sem Fronteiras e a Anistia Internacional.<\/p>\n\n\n\n<h2 class=\"wp-block-heading\">Outras obras<\/h2>\n\n\n\n<ul><li>Serra Pelada (1999)<\/li><li>O Fim da P\u00f3lio (2003)<\/li><li>Um Incerto Estado de Gra\u00e7a (2004)<\/li><li>O Ber\u00e7o da Desigualdade (2005)<\/li><li>\u00c1frica (2007)<\/li><li>Perfume de Sonho (2015)<br>&nbsp;<\/li><\/ul>\n\n\n\n<p>Esta biografia foi \u00fatil?SimN\u00e3o<\/p>\n\n\n\n<ul><li><\/li><li><\/li><li><\/li><\/ul>\n\n\n\n<p>\u00daltima atualiza\u00e7\u00e3o: 11\/02\/2021<\/p>\n\n\n\n<figure class=\"wp-block-image\"><img decoding=\"async\" src=\"https:\/\/s.ebiografia.com\/img\/autor\/di\/lv\/dilva-frazao_180.jpg\" alt=\"Dilva Fraz\u00e3o\" title=\"Dilva Fraz\u00e3o\"\/><\/figure>\n\n\n\n<p><a href=\"https:\/\/www.ebiografia.com\/autor\/dilva-frazao\/\">Dilva Fraz\u00e3o<\/a>Biblioteconomista e professora\u00c9 bacharel em Biblioteconomia pela UFPE e&nbsp;professora do ensino fundamental.Veja tamb\u00e9m as biografias de:<\/p>\n\n\n\n<ul><li><a href=\"https:\/\/www.ebiografia.com\/augusto_malta\/\">Augusto Malta<\/a>&nbsp;(1864-1957) foi um fot\u00f3grafo brasileiro, um dos mais important&#8230;<\/li><li><a href=\"https:\/\/www.ebiografia.com\/bob_wolfenson\/\">Bob Wolfenson<\/a>&nbsp;(1954) \u00e9 um fot\u00f3grafo brasileiro, considerado um dos principais&#8230;<\/li><li><a href=\"https:\/\/www.ebiografia.com\/pierre_verger\/\">Pierre Verger<\/a>&nbsp;(1902-1996) foi um fot\u00f3grafo, etn\u00f3logo, antrop\u00f3logo e pesquisad&#8230;<\/li><li><a href=\"https:\/\/www.ebiografia.com\/eadweard_j_muybridge\/\">Eadweard J. Muybridge<\/a>&nbsp;(1830-1904) foi um fot\u00f3grafo ingl\u00eas, pioneiro na utiliz&#8230;<\/li><li><a href=\"https:\/\/www.ebiografia.com\/man_ray\/\">Man Ray<\/a>&nbsp;(1890-1976) foi um fot\u00f3grafo, pintor e cineasta norte-americano, um d&#8230;<\/li><li><a href=\"https:\/\/www.ebiografia.com\/gaspard_felix_tournachon\/\">Gaspard-F\u00e9lix Tournachon<\/a>&nbsp;(1820-1910) foi um fot\u00f3grafo, caricaturista e jornal&#8230;<\/li><li><a href=\"https:\/\/www.ebiografia.com\/paulo_gustavo\/\">Paulo Gustavo<\/a>&nbsp;Amaral Monteiro de Barros (1978-2021) foi um ator, humorista e&#8230;<\/li><li><a href=\"https:\/\/www.ebiografia.com\/monteiro_lobato\/\">Monteiro Lobato<\/a>&nbsp;(1882-1948) foi escritor e editor brasileiro. &#8220;O S\u00edtio do Pic&#8230;<\/li><li><a href=\"https:\/\/www.ebiografia.com\/romero_britto\/\">Romero Britto<\/a>&nbsp;(1963) \u00e9 um pintor e escultor brasileiro. Radicado em Miami, no&#8230;<\/li><li><a href=\"https:\/\/www.ebiografia.com\/vinicius_de_moraes\/\">Vinicius de Moraes<\/a>&nbsp;(1913-1980) foi um poeta e um dos maiores compositores da&#8230;<\/li><\/ul>\n\n\n\n<p>Genesis<\/p>\n\n\n\n<figure class=\"wp-block-image\"><img decoding=\"async\" src=\"https:\/\/s.ebiografia.com\/img\/se\/ba\/sebastia_o_salgado_ga_nesis_2.jpg\" alt=\"Sebasti\u00e3o Salgado\"\/><\/figure>\n\n\n\n<p><\/p>\n","protected":false},"excerpt":{"rendered":"<p>O retorno vitorioso da Iniciativa privada A SpaceX, empresa do bilion\u00e1rio&nbsp;Elon Musk,&nbsp;encerrou a miss\u00e3o Inspiration4, a primeira inteiramente formada por civis a alcan\u00e7ar a \u00f3rbita da Terra. A tripula\u00e7\u00e3o ficou<\/p>\n","protected":false},"author":1,"featured_media":4910,"comment_status":"closed","ping_status":"closed","sticky":false,"template":"","format":"standard","meta":[],"categories":[1],"tags":[],"_links":{"self":[{"href":"https:\/\/7ports.com.br\/index.php?rest_route=\/wp\/v2\/posts\/4036"}],"collection":[{"href":"https:\/\/7ports.com.br\/index.php?rest_route=\/wp\/v2\/posts"}],"about":[{"href":"https:\/\/7ports.com.br\/index.php?rest_route=\/wp\/v2\/types\/post"}],"author":[{"embeddable":true,"href":"https:\/\/7ports.com.br\/index.php?rest_route=\/wp\/v2\/users\/1"}],"replies":[{"embeddable":true,"href":"https:\/\/7ports.com.br\/index.php?rest_route=%2Fwp%2Fv2%2Fcomments&post=4036"}],"version-history":[{"count":14,"href":"https:\/\/7ports.com.br\/index.php?rest_route=\/wp\/v2\/posts\/4036\/revisions"}],"predecessor-version":[{"id":4931,"href":"https:\/\/7ports.com.br\/index.php?rest_route=\/wp\/v2\/posts\/4036\/revisions\/4931"}],"wp:featuredmedia":[{"embeddable":true,"href":"https:\/\/7ports.com.br\/index.php?rest_route=\/wp\/v2\/media\/4910"}],"wp:attachment":[{"href":"https:\/\/7ports.com.br\/index.php?rest_route=%2Fwp%2Fv2%2Fmedia&parent=4036"}],"wp:term":[{"taxonomy":"category","embeddable":true,"href":"https:\/\/7ports.com.br\/index.php?rest_route=%2Fwp%2Fv2%2Fcategories&post=4036"},{"taxonomy":"post_tag","embeddable":true,"href":"https:\/\/7ports.com.br\/index.php?rest_route=%2Fwp%2Fv2%2Ftags&post=4036"}],"curies":[{"name":"wp","href":"https:\/\/api.w.org\/{rel}","templated":true}]}}