
{"id":4093,"date":"2021-09-01T15:05:24","date_gmt":"2021-09-01T18:05:24","guid":{"rendered":"https:\/\/7ports.com.br\/?p=4093"},"modified":"2022-02-24T12:24:39","modified_gmt":"2022-02-24T15:24:39","slug":"nova-taxa-eleva-conta-de-luz-em-678-ate-abril-de-2022","status":"publish","type":"post","link":"https:\/\/7ports.com.br\/?p=4093","title":{"rendered":"SPN: Nova taxa eleva conta de luz em 6,78%"},"content":{"rendered":"\n<p>De acordo com dados da ANEEL (Ag\u00eancia Nacional de Energia El\u00e9trica) divulgados nesta ter\u00e7a-feira (31), uma nova taxa extra na conta de luz come\u00e7ar\u00e1 a ser cobrada a partir de hoje (1), devido \u00e0 crise causada pela falta de chuvas, denominada \u201cescassez h\u00eddrica&#8221;.<\/p>\n\n\n\n<p>O aumento ser\u00e1 de 6,78% na tarifa m\u00e9dia dos consumidores; a sobretaxa estava em R$9,49\/100 kWh e passa a R$14,20\/100 kWh. A medida \u00e9 uma forma de estimular os consumidores a economizarem energia el\u00e9trica e deve ser v\u00e1lida, pelo menos, at\u00e9 30 de abril de 2022.&nbsp;<\/p>\n\n\n\n<p>Consumidores de baixa renda que aderirem \u00e0 tarifa social n\u00e3o dever\u00e3o ter suas contas afetadas pelas novas regras, e aqueles que conseguirem economizar energia ter\u00e3o descontos nas contas nos pr\u00f3ximos meses.<\/p>\n\n\n\n<p>*Dados do site Reuters.<\/p>\n","protected":false},"excerpt":{"rendered":"<p>De acordo com dados da ANEEL (Ag\u00eancia Nacional de Energia El\u00e9trica) divulgados nesta ter\u00e7a-feira (31), uma nova taxa extra na conta de luz come\u00e7ar\u00e1 a ser cobrada a partir de<\/p>\n","protected":false},"author":1,"featured_media":4094,"comment_status":"closed","ping_status":"closed","sticky":false,"template":"","format":"standard","meta":[],"categories":[1],"tags":[],"_links":{"self":[{"href":"https:\/\/7ports.com.br\/index.php?rest_route=\/wp\/v2\/posts\/4093"}],"collection":[{"href":"https:\/\/7ports.com.br\/index.php?rest_route=\/wp\/v2\/posts"}],"about":[{"href":"https:\/\/7ports.com.br\/index.php?rest_route=\/wp\/v2\/types\/post"}],"author":[{"embeddable":true,"href":"https:\/\/7ports.com.br\/index.php?rest_route=\/wp\/v2\/users\/1"}],"replies":[{"embeddable":true,"href":"https:\/\/7ports.com.br\/index.php?rest_route=%2Fwp%2Fv2%2Fcomments&post=4093"}],"version-history":[{"count":3,"href":"https:\/\/7ports.com.br\/index.php?rest_route=\/wp\/v2\/posts\/4093\/revisions"}],"predecessor-version":[{"id":4203,"href":"https:\/\/7ports.com.br\/index.php?rest_route=\/wp\/v2\/posts\/4093\/revisions\/4203"}],"wp:featuredmedia":[{"embeddable":true,"href":"https:\/\/7ports.com.br\/index.php?rest_route=\/wp\/v2\/media\/4094"}],"wp:attachment":[{"href":"https:\/\/7ports.com.br\/index.php?rest_route=%2Fwp%2Fv2%2Fmedia&parent=4093"}],"wp:term":[{"taxonomy":"category","embeddable":true,"href":"https:\/\/7ports.com.br\/index.php?rest_route=%2Fwp%2Fv2%2Fcategories&post=4093"},{"taxonomy":"post_tag","embeddable":true,"href":"https:\/\/7ports.com.br\/index.php?rest_route=%2Fwp%2Fv2%2Ftags&post=4093"}],"curies":[{"name":"wp","href":"https:\/\/api.w.org\/{rel}","templated":true}]}}