
{"id":4254,"date":"2021-09-06T15:29:10","date_gmt":"2021-09-06T18:29:10","guid":{"rendered":"https:\/\/7ports.com.br\/?p=4254"},"modified":"2022-02-07T12:59:44","modified_gmt":"2022-02-07T15:59:44","slug":"cidade-do-mexico-substituira-estatua-em-homenagem-a-colombo-por-monumento-de-mulher-indigena","status":"publish","type":"post","link":"https:\/\/7ports.com.br\/?p=4254","title":{"rendered":"Mulher: Cidade do M\u00e9xico substituir\u00e1 est\u00e1tua em homenagem \u00e0 Colombo por monumento de mulher ind\u00edgena"},"content":{"rendered":"\n<p>Uma est\u00e1tua do explorador Crist\u00f3v\u00e3o Colombo, localizada na avenida <em>Paseo de la Reforma<\/em> \u2014 uma das principais avenidas da Cidade do M\u00e9xico \u2014 , ser\u00e1 substitu\u00edda pela de uma mulher ind\u00edgena mexicana. A decis\u00e3o foi tomada pela prefeita da capital, Claudia Sheinbaum, neste domingo (5).<\/p>\n\n\n\n<p>A est\u00e1tua havia sido retirada para trabalhos de restaura\u00e7\u00e3o e n\u00e3o voltar\u00e1 a ser exibida na avenida. &nbsp; Em um evento na capital mexicana, a prefeita informou a chegada do novo monumento, que representar\u00e1 o papel hist\u00f3rico das mulheres no M\u00e9xico.<\/p>\n\n\n\n<p>Em v\u00e1rias regi\u00f5es do mundo, est\u00e1tuas de personagens hist\u00f3ricos ligados \u00e0 escravid\u00e3o est\u00e3o sendo removidas ou alvo de protestos. As manifesta\u00e7\u00f5es come\u00e7aram em apoio ao movimento <em>Black Lives Matter.<\/em><\/p>\n\n\n\n<p>Claudia Sheinbaum disse, ainda, que a mudan\u00e7a se trata de justi\u00e7a social e que a ideia de \u201cdescoberta da Am\u00e9rica\u201d \u00e9 uma vis\u00e3o euroc\u00eantrica, pois civiliza\u00e7\u00f5es espanholas j\u00e1 existiam h\u00e1 s\u00e9culos antes da chegada do explorador. A nova est\u00e1tua ser\u00e1 um reconhecimento dos 500 anos de resist\u00eancia das mulheres ind\u00edgenas.&nbsp;<\/p>\n\n\n\n<p>*Fonte: CNN Brasil<\/p>\n","protected":false},"excerpt":{"rendered":"<p>Uma est\u00e1tua do explorador Crist\u00f3v\u00e3o Colombo, localizada na avenida Paseo de la Reforma \u2014 uma das principais avenidas da Cidade do M\u00e9xico \u2014 , ser\u00e1 substitu\u00edda pela de uma mulher<\/p>\n","protected":false},"author":1,"featured_media":4255,"comment_status":"open","ping_status":"closed","sticky":false,"template":"","format":"standard","meta":[],"categories":[1],"tags":[],"_links":{"self":[{"href":"https:\/\/7ports.com.br\/index.php?rest_route=\/wp\/v2\/posts\/4254"}],"collection":[{"href":"https:\/\/7ports.com.br\/index.php?rest_route=\/wp\/v2\/posts"}],"about":[{"href":"https:\/\/7ports.com.br\/index.php?rest_route=\/wp\/v2\/types\/post"}],"author":[{"embeddable":true,"href":"https:\/\/7ports.com.br\/index.php?rest_route=\/wp\/v2\/users\/1"}],"replies":[{"embeddable":true,"href":"https:\/\/7ports.com.br\/index.php?rest_route=%2Fwp%2Fv2%2Fcomments&post=4254"}],"version-history":[{"count":2,"href":"https:\/\/7ports.com.br\/index.php?rest_route=\/wp\/v2\/posts\/4254\/revisions"}],"predecessor-version":[{"id":4499,"href":"https:\/\/7ports.com.br\/index.php?rest_route=\/wp\/v2\/posts\/4254\/revisions\/4499"}],"wp:featuredmedia":[{"embeddable":true,"href":"https:\/\/7ports.com.br\/index.php?rest_route=\/wp\/v2\/media\/4255"}],"wp:attachment":[{"href":"https:\/\/7ports.com.br\/index.php?rest_route=%2Fwp%2Fv2%2Fmedia&parent=4254"}],"wp:term":[{"taxonomy":"category","embeddable":true,"href":"https:\/\/7ports.com.br\/index.php?rest_route=%2Fwp%2Fv2%2Fcategories&post=4254"},{"taxonomy":"post_tag","embeddable":true,"href":"https:\/\/7ports.com.br\/index.php?rest_route=%2Fwp%2Fv2%2Ftags&post=4254"}],"curies":[{"name":"wp","href":"https:\/\/api.w.org\/{rel}","templated":true}]}}