
{"id":4383,"date":"2021-09-14T04:37:29","date_gmt":"2021-09-14T07:37:29","guid":{"rendered":"https:\/\/7ports.com.br\/?p=4383"},"modified":"2021-09-29T13:57:22","modified_gmt":"2021-09-29T16:57:22","slug":"7-de-setembro-o-dia-que-nao-acabou","status":"publish","type":"post","link":"https:\/\/7ports.com.br\/?p=4383","title":{"rendered":"A compet\u00eancia privada vencer\u00e1 eternamente!"},"content":{"rendered":"\n<div class=\"wp-block-columns is-layout-flex wp-container-4\">\n<div class=\"wp-block-column is-layout-flow\" style=\"flex-basis:25%\"><\/div>\n\n\n\n<div class=\"wp-block-column is-layout-flow\" style=\"flex-basis:50%\">\n<p><strong>\u00c9 surpreendente os \u00edcones da ra\u00e7a humana, poderia eu elencar pessoas que fizeram a diferen\u00e7a no passado, mas prefiro olhar o tempo real. Mas o tempo acabou para amadores, e analisando a hist\u00f3ria, em pesquisa cheguei \u00e0 seguinte conclus\u00e3o &#8211; a cada s\u00e9culo nasce um ser ainda que em circunstancias adversas, que faz a diferen\u00e7a entre os simples mortais. Hoje temos m\u00e9tricas e pesquisas que consolidam a raz\u00e3o e a l\u00f3gica. Retr\u00f3gados e analfabetos (o analfabeto deste s\u00e9culo, n\u00e3o \u00e9 aquele que sabe ler e escrever, mas sim aquele que n\u00e3o quer desaprender para reaprender de forma liberta, com raz\u00e3o e l\u00f3gica \u2013 Alvin Toffler). Os retr\u00f3gados em sua maioria, est\u00e3o dobrados em suas ignor\u00e2ncias e nas muletas de suas incoer\u00eancias religiosas.<\/strong><\/p>\n\n\n\n<h5 class=\"wp-block-heading\">&nbsp;<strong>Elon Musk, empres\u00e1rio, sul africano-canadense-americano, criado no Canad\u00e1, simplesmente provou, definitivamente, que o sistema privado, com total liberdade, pode executar as necessidades tecnol\u00f3gicas, exig\u00eancia para o avan\u00e7o da evolu\u00e7\u00e3o humana, de forma competente (n\u00e3o \u00e9 preciso militar para nos ajudar), ao arrepio de funcion\u00e1rios p\u00fablicos incompetentes, e observem, que estamos falando de funcion\u00e1rios da NASA, \u00f3rg\u00e3o federal da USA, imaginem se pensarmos em funcion\u00e1rios p\u00fablicos dos pa\u00edses subdesenvolvidos \u2013 \u00e9 uma cat\u00e1strofe.<\/strong><\/h5>\n\n\n\n<h5 class=\"wp-block-heading\"><strong>A miss\u00e3o que levou pessoas a estratosfera \u201cSpacex\u201d, provou e comprovou, a sua compet\u00eancia tecnol\u00f3gica, comercial e humana, isto por que, considerou a trilogia a risca: informa\u00e7\u00e3o, conhecimento e ci\u00eancia.<\/strong><\/h5>\n\n\n\n<h5 class=\"wp-block-heading\">&nbsp;<strong>Nadando de costa, ou melhor, pousando de costa, fechou o caix\u00e3o da bestialidade estatal. Mas ainda assim, encontraremos, pessoas dizendo que o petr\u00f3leo \u00e9 nosso \u201cPetrobras\u201d, e vai que vai dar certo, as \u201ccotas raciais\u201d e observem que brancos se declaram negros para burlar o \u201cdireito\u201d dos Negros! Ao contr\u00e1rio de exigirmos que todos (\u00edndios, negros, brancos e pardos), estudem em col\u00e9gios privados, pagos pelo estado. Isto sim, seria racional, e uma verdadeira democracia educacional, pois, todos teriam, as mesmas condi\u00e7\u00f5es, e talvez assim, criar\u00edamos as condi\u00e7\u00f5es para colher um: Santos Dumont\u201d cientista\u201d, Rui Barbosa\u201d professor, filosofo\u201d, Bar\u00e3o de Mau\u00e1 \u201cempres\u00e1rio\u201d, Juscelino Kubistchek \u201cVision\u00e1rio\u201d, Amador Aguiar \u201cfinancista\u201d e Collor de Mello \u201cEstadista\u201d.<\/strong><\/h5>\n\n\n\n<h5 class=\"wp-block-heading\">&nbsp;<strong>Enfim. o Brasil poderia entender que a efici\u00eancia, come\u00e7a na cultura, passa na educa\u00e7\u00e3o e se curva a arte. O Brasil tem bols\u00f5es de desenvolvimento (aeron\u00e1utica Embraer, o maior Agroneg\u00f3cio do mundo, uma ind\u00fastria automotiva, e um povo com a sede do saber. Temos massa cr\u00edtica suficiente, para colhermos os frutos da compet\u00eancia, mas teremos que cortar a pr\u00f3pria carne, em detrimentos de nossos netos, pois nossos filhos j\u00e1 n\u00e3o ter\u00e3o futuro, simplesmente por incompet\u00eancia e arrog\u00e2ncia, de alguns que pensam que pensam, infelizmente.<\/strong><\/h5>\n\n\n\n<h5 class=\"wp-block-heading\">\u00a0Agenor Candido Gomes &#8211; 19\/09\/2021<\/h5>\n\n\n\n<hr class=\"wp-block-separator is-style-wide\"\/>\n\n\n\n<p><strong>Onze de Setembro, representa todas sociedades que se recusam aceitar, o avan\u00e7o da humanidade<\/strong>, <strong>da Sociedade Civil Organizada, da Democracia e da Ci\u00eancia.<\/strong> <\/p>\n\n\n\n<p>O atentado de 11 de setembro foi uma a\u00e7\u00e3o terrorista abomin\u00e1vel, que demonstra claramente que passo, e a muito o tempo da constru\u00e7\u00e3o de uma ordem mundial que alcance a todos n\u00f3s.<\/p>\n\n\n\n<p>Infelizmente ainda persiste interesses tribais, pessoais e econ\u00f4micos at\u00e9 mesmo dentro da sociedade ocidental. A maioria das pessoas n\u00e3o sabem que o atentado aos USA, n\u00e3o apenas os atingiu, mas sim a toda a humanidade, pois naquele conjunto de pr\u00e9dios abrigava as sedes das mais importantes empresas Globais &#8211; centenas de projetos l\u00e1 estavam em desenvolvimento: rem\u00e9dios, energia limpa, processamentos de alimentos, transporte, telecomunica\u00e7\u00f5es softwares e outros milhares de segmentos, foram completamente destru\u00eddos. A a\u00e7\u00e3o terrorista repito destruiu sonhos e realidades, retardando o avan\u00e7o da humanidade no m\u00ednimo em 100 anos.<\/p>\n\n\n\n<p>Vinte anos se passaram, e ainda sentimos a vulnerabilidade do individuo desprovido de uma Na\u00e7\u00e3o Democr\u00e1tica.<\/p>\n\n\n\n<p>A ONU j\u00e1 provou que \u00e9 incapaz, por um \u00fanico motivo, a falta do voto proporcional \u2013 hoje a institui\u00e7\u00e3o s\u00f3 acata as delibera\u00e7\u00f5es de quem tem a Bomba Nuclear (China, Fran\u00e7a, Inglaterra e R\u00fassia) Outras na\u00e7\u00f5es j\u00e1 tem tamb\u00e9m a sua bomba nuclear (Paquist\u00e3o, \u00cdndia, Ir\u00e3, Israel e a Cor\u00e9ia do Norte) e est\u00e3o loucos para testar seus artefatos, talvez para que possam se fazer ouvir.<\/p>\n\n\n\n<p>Quando todos n\u00f3s iremos encontrar, o caminho da dignidade humana, da honra individual e coletiva, uma vez que hoje j\u00e1 temos acesso, a todas as informa\u00e7\u00f5es para subsidiar o conhecimento, e levar ci\u00eancia a todos. &nbsp;<\/p>\n\n\n\n<p>Os idiotas n\u00e3o vencer\u00e3o a humanidade, por faltar-lhes, Raz\u00e3o, Logica e Honra, mas n\u00f3s precisamos nos mexer antes que seja tarde.<\/p>\n\n\n\n<p><strong>Agenor Candido<\/strong><\/p>\n\n\n\n<p>14\/09\/2021<\/p>\n<\/div>\n\n\n\n<div class=\"wp-block-column is-layout-flow\" style=\"flex-basis:25%\"><\/div>\n<\/div>\n\n\n\n<p><\/p>\n","protected":false},"excerpt":{"rendered":"<p>\u00c9 surpreendente os \u00edcones da ra\u00e7a humana, poderia eu elencar pessoas que fizeram a diferen\u00e7a no passado, mas prefiro olhar o tempo real. Mas o tempo acabou para amadores, e<\/p>\n","protected":false},"author":1,"featured_media":4852,"comment_status":"open","ping_status":"closed","sticky":false,"template":"","format":"standard","meta":[],"categories":[1],"tags":[],"_links":{"self":[{"href":"https:\/\/7ports.com.br\/index.php?rest_route=\/wp\/v2\/posts\/4383"}],"collection":[{"href":"https:\/\/7ports.com.br\/index.php?rest_route=\/wp\/v2\/posts"}],"about":[{"href":"https:\/\/7ports.com.br\/index.php?rest_route=\/wp\/v2\/types\/post"}],"author":[{"embeddable":true,"href":"https:\/\/7ports.com.br\/index.php?rest_route=\/wp\/v2\/users\/1"}],"replies":[{"embeddable":true,"href":"https:\/\/7ports.com.br\/index.php?rest_route=%2Fwp%2Fv2%2Fcomments&post=4383"}],"version-history":[{"count":24,"href":"https:\/\/7ports.com.br\/index.php?rest_route=\/wp\/v2\/posts\/4383\/revisions"}],"predecessor-version":[{"id":5186,"href":"https:\/\/7ports.com.br\/index.php?rest_route=\/wp\/v2\/posts\/4383\/revisions\/5186"}],"wp:featuredmedia":[{"embeddable":true,"href":"https:\/\/7ports.com.br\/index.php?rest_route=\/wp\/v2\/media\/4852"}],"wp:attachment":[{"href":"https:\/\/7ports.com.br\/index.php?rest_route=%2Fwp%2Fv2%2Fmedia&parent=4383"}],"wp:term":[{"taxonomy":"category","embeddable":true,"href":"https:\/\/7ports.com.br\/index.php?rest_route=%2Fwp%2Fv2%2Fcategories&post=4383"},{"taxonomy":"post_tag","embeddable":true,"href":"https:\/\/7ports.com.br\/index.php?rest_route=%2Fwp%2Fv2%2Ftags&post=4383"}],"curies":[{"name":"wp","href":"https:\/\/api.w.org\/{rel}","templated":true}]}}