
{"id":4391,"date":"2021-09-07T23:38:54","date_gmt":"2021-09-08T02:38:54","guid":{"rendered":"https:\/\/7ports.com.br\/?p=4391"},"modified":"2022-05-25T19:37:39","modified_gmt":"2022-05-25T22:37:39","slug":"mourao-diz-que-bolsonaro-se-equivocou-ao-citar-reuniao-do-conselho-da-republica","status":"publish","type":"post","link":"https:\/\/7ports.com.br\/?p=4391","title":{"rendered":"Brasil: Mour\u00e3o diz que Bolsonaro se &#8220;equivocou&#8221; ao citar reuni\u00e3o do Conselho da Rep\u00fablica"},"content":{"rendered":"\n<p>O vice-presidente Hamilton Mour\u00e3o foi surpreendido com a declara\u00e7\u00e3o de Jair Bolsonaro de que haveria uma reuni\u00e3o do Conselho da Rep\u00fablica nesta quarta-feira (8\/9). Mour\u00e3o integra o \u00f3rg\u00e3o e disse que nem ele nem os demais membros sabiam da possibilidade de um encontro.<\/p>\n\n\n\n<figure class=\"wp-block-image\"><img decoding=\"async\" src=\"https:\/\/www.conjur.com.br\/img\/b\/hamilton-mourao.jpeg\" alt=\"\"\/><figcaption><sup>Ag\u00eancia Brasil<\/sup>Mour\u00e3o diz que n\u00e3o sabia de reuni\u00e3o do Conselho da Rep\u00fablica citada por Bolsonaro<\/figcaption><\/figure>\n\n\n\n<p>&#8220;Julgo que o presidente se equivocou, pois ningu\u00e9m sabe disso&#8221;, afirmou Mour\u00e3o \u00e0 coluna&nbsp;<em>Radar<\/em>, da revista&nbsp;<em>Veja<\/em>. O vice-presidente, inclusive, tem compromissos na Amaz\u00f4nia nesta quarta.&nbsp;<\/p>\n\n\n\n<p>Al\u00e9m do presidente e do vice-presidente, o Conselho da Rep\u00fablica \u00e9 composto&nbsp;pelos presidentes da C\u00e2mara e do Senado, os l\u00edderes da maioria e da minoria de cada Casa Legislativa, o ministro da Justi\u00e7a e outros seis brasileiros natos com pelo menos 35 anos, sendo dois nomeados pelo presidente, dois pelo Senado e dois pela C\u00e2mara.<\/p>\n\n\n\n<p>O Conselho da Rep\u00fablica \u00e9 um \u00f3rg\u00e3o superior de consulta da presid\u00eancia e est\u00e1 previsto na Constitui\u00e7\u00e3o. Sua fun\u00e7\u00e3o \u00e9 pronunciar-se sobre interven\u00e7\u00e3o federal, estado de defesa e estado de s\u00edtio ou sobre as quest\u00f5es relevantes para a estabilidade das institui\u00e7\u00f5es democr\u00e1ticas.<\/p>\n\n\n\n<p>\u201cAmanh\u00e3, estarei no Conselho da Rep\u00fablica com ministros, para n\u00f3s, juntamente com o presidente da C\u00e2mara, do Senado e do Supremo Tribunal Federal, com esta fotografia de voc\u00eas, mostrar para onde n\u00f3s todos devemos ir\u201d, afirmou Bolsonaro durante um ato antidemocr\u00e1tico em Bras\u00edlia.<\/p>\n\n\n\n<p>Acontece que, al\u00e9m de Hamilton Mour\u00e3o, nem o presidente da C\u00e2mara, Arthur Lira (PP-AL), nem o presidente do Senado, Rodrigo Pacheco (DEM-MG), sabiam da reuni\u00e3o citada por Bolsonaro. J\u00e1 o presidente do STF, ministro Luiz Fux, embora tenha sido citado por Bolsonaro, n\u00e3o integra o conselho e&nbsp;tamb\u00e9m informou que n\u00e3o sabia do encontro.<\/p>\n\n\n\n<p>Atualmente, os membros titulares do Conselho da Rep\u00fablica s\u00e3o Bolsonaro, Mour\u00e3o, Lira, Pacheco, Anderson Torres (ministro da Justi\u00e7a) e os l\u00edderes na C\u00e2mara da maioria, Diego Andrade (PSD-MG), e minoria, Marcelo Freixo (PSB-RJ), e no Senado, Renan Calheiros (MDB-AL), da maioria, e Jean Paul Prates (PT-RN), da minoria. Al\u00e9m deles, integram o \u00f3rg\u00e3o o empres\u00e1rio Paulo Skaf (MDB), presidente da Federa\u00e7\u00e3o das Ind\u00fastrias do Estado de S\u00e3o Paulo (Fiesp), e o ministro do Gabinete de Seguran\u00e7a Institucional, Augusto Heleno, nomeados pelo presidente em fevereiro.<\/p>\n","protected":false},"excerpt":{"rendered":"<p>O vice-presidente Hamilton Mour\u00e3o foi surpreendido com a declara\u00e7\u00e3o de Jair Bolsonaro de que haveria uma reuni\u00e3o do Conselho da Rep\u00fablica nesta quarta-feira (8\/9). Mour\u00e3o integra o \u00f3rg\u00e3o e disse<\/p>\n","protected":false},"author":1,"featured_media":4392,"comment_status":"closed","ping_status":"closed","sticky":false,"template":"","format":"standard","meta":[],"categories":[1],"tags":[],"_links":{"self":[{"href":"https:\/\/7ports.com.br\/index.php?rest_route=\/wp\/v2\/posts\/4391"}],"collection":[{"href":"https:\/\/7ports.com.br\/index.php?rest_route=\/wp\/v2\/posts"}],"about":[{"href":"https:\/\/7ports.com.br\/index.php?rest_route=\/wp\/v2\/types\/post"}],"author":[{"embeddable":true,"href":"https:\/\/7ports.com.br\/index.php?rest_route=\/wp\/v2\/users\/1"}],"replies":[{"embeddable":true,"href":"https:\/\/7ports.com.br\/index.php?rest_route=%2Fwp%2Fv2%2Fcomments&post=4391"}],"version-history":[{"count":2,"href":"https:\/\/7ports.com.br\/index.php?rest_route=\/wp\/v2\/posts\/4391\/revisions"}],"predecessor-version":[{"id":4398,"href":"https:\/\/7ports.com.br\/index.php?rest_route=\/wp\/v2\/posts\/4391\/revisions\/4398"}],"wp:featuredmedia":[{"embeddable":true,"href":"https:\/\/7ports.com.br\/index.php?rest_route=\/wp\/v2\/media\/4392"}],"wp:attachment":[{"href":"https:\/\/7ports.com.br\/index.php?rest_route=%2Fwp%2Fv2%2Fmedia&parent=4391"}],"wp:term":[{"taxonomy":"category","embeddable":true,"href":"https:\/\/7ports.com.br\/index.php?rest_route=%2Fwp%2Fv2%2Fcategories&post=4391"},{"taxonomy":"post_tag","embeddable":true,"href":"https:\/\/7ports.com.br\/index.php?rest_route=%2Fwp%2Fv2%2Ftags&post=4391"}],"curies":[{"name":"wp","href":"https:\/\/api.w.org\/{rel}","templated":true}]}}