
{"id":4410,"date":"2021-09-08T05:44:05","date_gmt":"2021-09-08T08:44:05","guid":{"rendered":"https:\/\/7ports.com.br\/?p=4410"},"modified":"2022-02-24T12:19:44","modified_gmt":"2022-02-24T15:19:44","slug":"dia-de-independencia-marcado-por-protestos-a-favor-do-governo-bolsonaro","status":"publish","type":"post","link":"https:\/\/7ports.com.br\/?p=4410","title":{"rendered":"Dia de Independ\u00eancia marcado por protestos contra e a favor do governo Bolsonaro"},"content":{"rendered":"\n<p><em>*Nesta mat\u00e9ria, falaremos dos protestos em apoio ao governo. Informa\u00e7\u00f5es sobre os atos contr\u00e1rios e o panela\u00e7o estar\u00e3o presentes em mat\u00e9ria individual, a seguir.&nbsp;<\/em><\/p>\n\n\n\n<p>Na \u00faltima ter\u00e7a-feira (7), feriado da Independ\u00eancia do Brasil, atos favor\u00e1veis e contr\u00e1rios ao governo de Jair Bolsonaro aconteceram em todo o pa\u00eds.&nbsp;<\/p>\n\n\n\n<p>Na cidade de S\u00e3o Paulo, de acordo com estimativa fornecida pela Secretaria de Seguran\u00e7a, 125 mil pessoas tomaram a Avenida Paulista para protestar em favor do atual presidente. O n\u00famero representa apenas 6% do previsto pelos organizadores do evento, que esperavam entre 2 e 3 milh\u00f5es de apoiadores.<\/p>\n\n\n\n<figure class=\"wp-block-image size-large\"><img decoding=\"async\" loading=\"lazy\" width=\"768\" height=\"1024\" src=\"https:\/\/7ports.com.br\/wp-content\/uploads\/2021\/09\/whatsapp-image-2021-09-07-at-10.22.04.jpeg-768x1024.webp\" alt=\"\" class=\"wp-image-4411\" srcset=\"https:\/\/7ports.com.br\/wp-content\/uploads\/2021\/09\/whatsapp-image-2021-09-07-at-10.22.04.jpeg-768x1024.webp 768w, https:\/\/7ports.com.br\/wp-content\/uploads\/2021\/09\/whatsapp-image-2021-09-07-at-10.22.04.jpeg-225x300.webp 225w, https:\/\/7ports.com.br\/wp-content\/uploads\/2021\/09\/whatsapp-image-2021-09-07-at-10.22.04.jpeg.webp 1008w\" sizes=\"(max-width: 768px) 100vw, 768px\" \/><figcaption>Foto: Reprodu\u00e7\u00e3o\/TV Globo<\/figcaption><\/figure>\n\n\n\n<p>A maioria dos cartazes levantados pelos manifestantes continham pautas antidemocr\u00e1ticas, como pedidos de interven\u00e7\u00e3o militar e destitui\u00e7\u00e3o dos ministros do STF. Algumas placas demandavam, ainda, o fim da vacina\u00e7\u00e3o obrigat\u00f3ria e o retorno do voto impresso<\/p>\n\n\n\n<figure class=\"wp-block-image\"><img decoding=\"async\" src=\"https:\/\/s2.glbimg.com\/ADJCaRfZP-jWsyCiBPoCd1AUV5c=\/0x0:3002x2000\/1008x0\/smart\/filters:strip_icc()\/i.s3.glbimg.com\/v1\/AUTH_59edd422c0c84a879bd37670ae4f538a\/internal_photos\/bs\/2021\/2\/R\/z3OxbOQe2gTSNzOkM9Ow\/000-9md7dh-b.jpg\" alt=\"Apoiadores do presidente Jair Bolsonaro participam de ato na manh\u00e3 desta ter\u00e7a-feira (7) em S\u00e3o Paulo  \u2014 Foto: Paulo Lopes\/AFP\"\/><figcaption>Foto: Paulo Lopes\/AFP<\/figcaption><\/figure>\n\n\n\n<figure class=\"wp-block-image\"><img decoding=\"async\" src=\"https:\/\/s2.glbimg.com\/WtZQZSL7X0NEyHbSIo7Uz_oFnck=\/0x0:2992x2000\/1008x0\/smart\/filters:strip_icc()\/i.s3.glbimg.com\/v1\/AUTH_59edd422c0c84a879bd37670ae4f538a\/internal_photos\/bs\/2021\/v\/9\/YQ1F6HQ16CLrAkBXikIg\/fup20210907126.jpg\" alt=\"Manifestantes exibem cartazes com mensagens antidemocr\u00e1ticas durante manifesta\u00e7\u00e3o na Avenida Paulista \u2014 Foto: Celso Luix\/Futura Press\/Estad\u00e3o Conte\u00fado\"\/><figcaption>Foto: Celso Luix\/Futura Press\/Estad\u00e3o Conte\u00fado<\/figcaption><\/figure>\n\n\n\n<figure class=\"wp-block-image\"><img decoding=\"async\" src=\"https:\/\/s2.glbimg.com\/z86ANEGxSuF_8SX5tuG-KVpQWf8=\/0x0:4200x2800\/1008x0\/smart\/filters:strip_icc()\/i.s3.glbimg.com\/v1\/AUTH_59edd422c0c84a879bd37670ae4f538a\/internal_photos\/bs\/2021\/U\/A\/oYTUBZQ9us3gO8SFLqEw\/fta20210907112.jpg\" alt=\"Apoiadores do presidente Jair Bolsonaro participam de ato na Avenida Paulista, na regi\u00e3o central de S\u00e3o Paulo, na manh\u00e3 desta ter\u00e7a-feira (7) \u2014 Foto: Aloisio Mauricio\/Fotoarena\/Estad\u00e3o Conte\u00fado\"\/><figcaption>Foto: Aloisio Mauricio\/Fotoarena\/Estad\u00e3o Conte\u00fado<\/figcaption><\/figure>\n\n\n\n<figure class=\"wp-block-image\"><img decoding=\"async\" src=\"https:\/\/s2.glbimg.com\/g5l2fKVlQr4OsD6ZFsoK5dNJgjs=\/0x0:4417x2944\/1008x0\/smart\/filters:strip_icc()\/i.s3.glbimg.com\/v1\/AUTH_59edd422c0c84a879bd37670ae4f538a\/internal_photos\/bs\/2021\/M\/R\/1BmqeCT4qf2dAljaX0iQ\/000-9me2xg.jpg\" alt=\"Cartazes, em ingl\u00eas, pedindo interven\u00e7\u00e3o militar com Bolsonaro no poder, s\u00e3o vistos em atos pr\u00f3-Bolsonaro em Bras\u00edlia \u2014 Foto: Sergio Lima\/AFP\"\/><figcaption>Foto: Sergio Limpa\/AFP<\/figcaption><\/figure>\n\n\n\n<p>Os apoiadores derrubaram cercas de prote\u00e7\u00e3o colocadas pela pol\u00edcia. A minoria dos participantes do ato usava m\u00e1scara de prote\u00e7\u00e3o contra a covid-19.<\/p>\n\n\n\n<p>Em discurso feito na Avenida Paulista, Jair Bolsonaro afirmou que n\u00e3o ir\u00e1 mais cumprir as decis\u00f5es do ministro Alexandre de Moraes, do STF. Pela Constitui\u00e7\u00e3o Brasileira, ningu\u00e9m pode descumprir determina\u00e7\u00e3o judicial.&nbsp;<\/p>\n\n\n\n<p>\u201cDizer a voc\u00eas que, qualquer decis\u00e3o do senhor Alexandre de Moraes, esse presidente n\u00e3o mais cumprir\u00e1. A paci\u00eancia do nosso povo j\u00e1 se esgotou, ele tem tempo ainda de pedir o seu bon\u00e9 ir cuidar da sua vida. Ele, para n\u00f3s, n\u00e3o existe mais (\u2026) Ou esse ministro se enquadra ou ele pede pra sair\u201d.<\/p>\n\n\n\n<figure class=\"wp-block-image is-resized\"><img decoding=\"async\" loading=\"lazy\" src=\"https:\/\/s2.glbimg.com\/mTqj2iIaFfKd5J8iDUJ7G28PA3E=\/0x0:2992x2000\/1008x0\/smart\/filters:strip_icc()\/i.s3.glbimg.com\/v1\/AUTH_59edd422c0c84a879bd37670ae4f538a\/internal_photos\/bs\/2021\/B\/D\/7B1KVxR9mhmuCBULAE3g\/fup20210907118.jpg\" alt=\"Apoiadores do presidente Jair Bolsonaro participam de ato na Avenida Paulista, na regi\u00e3o central de S\u00e3o Paulo, na manh\u00e3 desta ter\u00e7a-feira (7) \u2014 Foto: Celso Luix\/Futura Press\/Estad\u00e3o Conte\u00fado\" width=\"840\" height=\"561\"\/><figcaption>Foto: Celso Luix\/Futura Press\/Estad\u00e3o Conte\u00fado<\/figcaption><\/figure>\n\n\n\n<p>Em Bras\u00edlia, manifestantes derrubaram o bloqueio imposto pela Pol\u00edcia Militar (PM) para impedir o acesso \u00e0 Pra\u00e7a dos Tr\u00eas Poderes, onde se situa a sede do STF \u2014 alvo de amea\u00e7as dos bolsonaristas \u2014 e invadiram a Esplanada dos Minist\u00e9rios.<\/p>\n\n\n\n<p>Nos demais estados do pa\u00eds, tamb\u00e9m foram registradas manifesta\u00e7\u00f5es contr\u00e1rias e de apoio ao governo.<\/p>\n\n\n\n<figure class=\"wp-block-image size-large\"><img decoding=\"async\" loading=\"lazy\" width=\"1024\" height=\"518\" src=\"https:\/\/7ports.com.br\/wp-content\/uploads\/2021\/09\/Captura-de-Tela-2021-09-08-as-05.18.39-1024x518.png\" alt=\"\" class=\"wp-image-4412\" srcset=\"https:\/\/7ports.com.br\/wp-content\/uploads\/2021\/09\/Captura-de-Tela-2021-09-08-as-05.18.39-1024x518.png 1024w, https:\/\/7ports.com.br\/wp-content\/uploads\/2021\/09\/Captura-de-Tela-2021-09-08-as-05.18.39-300x152.png 300w, https:\/\/7ports.com.br\/wp-content\/uploads\/2021\/09\/Captura-de-Tela-2021-09-08-as-05.18.39-768x388.png 768w, https:\/\/7ports.com.br\/wp-content\/uploads\/2021\/09\/Captura-de-Tela-2021-09-08-as-05.18.39-1320x667.png 1320w, https:\/\/7ports.com.br\/wp-content\/uploads\/2021\/09\/Captura-de-Tela-2021-09-08-as-05.18.39.png 1452w\" sizes=\"(max-width: 1024px) 100vw, 1024px\" \/><\/figure>\n\n\n\n<p>*Fontes: G1, CNN Brasil, Correio Braziliense e UOL News<\/p>\n","protected":false},"excerpt":{"rendered":"<p>*Nesta mat\u00e9ria, falaremos dos protestos em apoio ao governo. Informa\u00e7\u00f5es sobre os atos contr\u00e1rios e o panela\u00e7o estar\u00e3o presentes em mat\u00e9ria individual, a seguir.&nbsp; Na \u00faltima ter\u00e7a-feira (7), feriado da<\/p>\n","protected":false},"author":1,"featured_media":4413,"comment_status":"open","ping_status":"closed","sticky":false,"template":"","format":"standard","meta":[],"categories":[1],"tags":[],"_links":{"self":[{"href":"https:\/\/7ports.com.br\/index.php?rest_route=\/wp\/v2\/posts\/4410"}],"collection":[{"href":"https:\/\/7ports.com.br\/index.php?rest_route=\/wp\/v2\/posts"}],"about":[{"href":"https:\/\/7ports.com.br\/index.php?rest_route=\/wp\/v2\/types\/post"}],"author":[{"embeddable":true,"href":"https:\/\/7ports.com.br\/index.php?rest_route=\/wp\/v2\/users\/1"}],"replies":[{"embeddable":true,"href":"https:\/\/7ports.com.br\/index.php?rest_route=%2Fwp%2Fv2%2Fcomments&post=4410"}],"version-history":[{"count":2,"href":"https:\/\/7ports.com.br\/index.php?rest_route=\/wp\/v2\/posts\/4410\/revisions"}],"predecessor-version":[{"id":4421,"href":"https:\/\/7ports.com.br\/index.php?rest_route=\/wp\/v2\/posts\/4410\/revisions\/4421"}],"wp:featuredmedia":[{"embeddable":true,"href":"https:\/\/7ports.com.br\/index.php?rest_route=\/wp\/v2\/media\/4413"}],"wp:attachment":[{"href":"https:\/\/7ports.com.br\/index.php?rest_route=%2Fwp%2Fv2%2Fmedia&parent=4410"}],"wp:term":[{"taxonomy":"category","embeddable":true,"href":"https:\/\/7ports.com.br\/index.php?rest_route=%2Fwp%2Fv2%2Fcategories&post=4410"},{"taxonomy":"post_tag","embeddable":true,"href":"https:\/\/7ports.com.br\/index.php?rest_route=%2Fwp%2Fv2%2Ftags&post=4410"}],"curies":[{"name":"wp","href":"https:\/\/api.w.org\/{rel}","templated":true}]}}