
{"id":4432,"date":"2021-09-10T01:23:44","date_gmt":"2021-09-10T04:23:44","guid":{"rendered":"https:\/\/7ports.com.br\/?p=4432"},"modified":"2022-02-24T12:19:17","modified_gmt":"2022-02-24T15:19:17","slug":"meninos-desaparecidos-em-belford-roxo-foram-mortos-pelo-trafico-afirma-policia","status":"publish","type":"post","link":"https:\/\/7ports.com.br\/?p=4432","title":{"rendered":"Meninos desaparecidos em Belford Roxo foram mortos pelo tr\u00e1fico, afirma pol\u00edcia"},"content":{"rendered":"\n<div class=\"wp-block-columns is-layout-flex wp-container-4\">\n<div class=\"wp-block-column is-layout-flow\" style=\"flex-basis:25%\"><\/div>\n\n\n\n<div class=\"wp-block-column is-layout-flow\" style=\"flex-basis:50%\">\n<h4 class=\"wp-block-heading\">Uma gaiola com um passarinho. Esse \u00e9 o motivo apontado pela Delegacia de Homic\u00eddios da Baixada Fluminense como a causa da morte dos meninos Lucas Matheus da Silva, 8 anos, Alexandre da Silva, 10 anos, e Fernando Henrique Ribeiro, de 12 anos.<\/h4>\n\n\n\n<figure class=\"wp-block-image size-full\"><img decoding=\"async\" loading=\"lazy\" width=\"495\" height=\"675\" src=\"https:\/\/7ports.com.br\/wp-content\/uploads\/2021\/09\/Imagem4.png\" alt=\"\" class=\"wp-image-4434\" srcset=\"https:\/\/7ports.com.br\/wp-content\/uploads\/2021\/09\/Imagem4.png 495w, https:\/\/7ports.com.br\/wp-content\/uploads\/2021\/09\/Imagem4-220x300.png 220w\" sizes=\"(max-width: 495px) 100vw, 495px\" \/><\/figure>\n\n\n\n<p>Segundo testemunhas ouvidas pelos investigadores, as crian\u00e7as teriam se desentendido com o chefe do tr\u00e1fico da comunidade Castelar, em Belford Roxo, no&nbsp;<a href=\"https:\/\/www.cnnbrasil.com.br\/tudo-sobre\/rio-de-janeiro-estado\/\">Rio de Janeiro<\/a>, ap\u00f3s pegarem um p\u00e1ssaro que pertencia ao criminoso.<\/p>\n\n\n\n<p>A principal linha de investiga\u00e7\u00e3o, desde o come\u00e7o das dilig\u00eancias, conectava o desaparecimento \u00e0 a\u00e7\u00e3o do tr\u00e1fico de drogas. Nove meses depois das buscas come\u00e7arem, a Pol\u00edcia Civil afirma que as crian\u00e7as morreram a mando do traficante. Os corpos seguem desaparecidos.<\/p>\n\n\n\n<ul><li><a href=\"https:\/\/www.cnnbrasil.com.br\/nacional\/rj-policia-prende-suspeitos-por-desaparecimento-de-garotos-de-belford-roxo\/\">RJ: Pol\u00edcia prende suspeitos por desaparecimento de garotos de Belford Roxo<\/a><\/li><li><a href=\"https:\/\/www.cnnbrasil.com.br\/nacional\/nao-tem-negociacao-com-o-trafico-diz-castro-apos-prisao-de-secretario\/\">\u2018N\u00e3o tem negocia\u00e7\u00e3o com o tr\u00e1fico\u2019, diz Castro ap\u00f3s pris\u00e3o de secret\u00e1rio<\/a><\/li><li><a href=\"https:\/\/www.cnnbrasil.com.br\/saude\/media-movel-de-mortes-por-covid-19-no-estado-do-rio-e-a-maior-desde-junho\/\">M\u00e9dia m\u00f3vel de mortes por Covid-19 no estado do Rio \u00e9 a maior desde junho<\/a><\/li><\/ul>\n\n\n\n<p>No dia 30 de julho, fragmentos de ossos foram encontrados pr\u00f3ximos a um rio na Baixada Fluminense. O que poderia ter sido uma nova pista do caso se desfez com o resultado da per\u00edcia do Instituto M\u00e9dico Legal: a ossada n\u00e3o era humana.<\/p>\n\n\n\n<p>Embora os meninos ainda n\u00e3o tenham sido localizados, a pol\u00edcia informou que o inqu\u00e9rito ser\u00e1 encerrado em breve \u2013e as buscas n\u00e3o ser\u00e3o mais prioridade. Os nomes de quem mandou matar \u00e0s tr\u00eas crian\u00e7as s\u00f3 ser\u00e3o divulgados ap\u00f3s a finaliza\u00e7\u00e3o do inqu\u00e9rito.<\/p>\n\n\n\n<h2 class=\"wp-block-heading\">Entenda o caso<\/h2>\n\n\n\n<p>Os primos Lucas e Alexandre da Silva, de 8 e 10 anos, desapareceram na tarde do dia 27 de dezembro de 2020, na companhia do amigo, Fernando Henrique Ribeiro, de 12 anos.<\/p>\n\n\n\n<p>O trio havia se encontrado para jogar bola, mas decidiu ir at\u00e9 \u00e0 Feira da Areia Branca \u2013num trajeto feito, tradicionalmente, na companhia do pai e do padrasto, para comprar ra\u00e7\u00e3o para passarinho.<\/p>\n\n\n\n<p>Essa vers\u00e3o foi contada pelos colegas que os viram antes de eles sumirem. \u201cO Xande ama bicho. Quando tem bicho em casa, trata que nem nen\u00e9m\u201d, contou a av\u00f3 de Lucas e Alexandre, Silvia Reginaldo Silva, que j\u00e1 abrigou v\u00e1rios animais resgatados pelo neto.<\/p>\n\n\n\n<p>A informa\u00e7\u00e3o sobre a ida deles \u00e0 feira popular foi a \u00faltima que as fam\u00edlias tiveram.<\/p>\n\n\n\n<p>Desde a hora do almo\u00e7o daquele domingo, quando o sumi\u00e7o foi notado, a vida dos pais, tios, av\u00f3s, amigos e vizinhos se resumiu \u00e0 procura pelos meninos. O boletim de ocorr\u00eancia foi registrado na Pol\u00edcia Civil. O caso ganhou repercuss\u00e3o. As for\u00e7as de seguran\u00e7a foram mobilizadas a mando do governador em exerc\u00edcio, Cl\u00e1udio Castro.<\/p>\n\n\n\n<p>As imagens de mais de 40 c\u00e2meras foram analisadas pela Delegacia de Homic\u00eddios da Baixada Fluminense, nenhuma pista havia sido encontrada.<\/p>\n\n\n\n<p>Em mar\u00e7o, revisando as imagens capturadas, o Minist\u00e9rio P\u00fablico do Rio de Janeiro (MP-RJ) encontrou registros deles em c\u00e2meras localizadas na rua Malopia, num bairro vizinho \u00e0 comunidade Castelar. A suspeita \u00e9 de que o trio tenha sido capturado pelo tr\u00e1fico nessa regi\u00e3o.<\/p>\n\n\n\n<p>Ainda em janeiro, um homem \u2013que n\u00e3o teve a identidade revelada\u2013 chegou a ser levado \u00e0 delegacia pelos parentes dos meninos. Ele foi apontado como respons\u00e1vel pelo desaparecimento. Mas, ap\u00f3s prestar depoimento, a pol\u00edcia o liberou por n\u00e3o ter nenhuma liga\u00e7\u00e3o com o caso.<\/p>\n\n\n\n<p>A soltura gerou manifesta\u00e7\u00f5es, apontadas pela pol\u00edcia como uma forma de o tr\u00e1fico desviar a aten\u00e7\u00e3o da comunidade para atrapalhar as investiga\u00e7\u00f5es.<\/p>\n<\/div>\n\n\n\n<div class=\"wp-block-column is-layout-flow\" style=\"flex-basis:25%\"><\/div>\n<\/div>\n","protected":false},"excerpt":{"rendered":"<p>Uma gaiola com um passarinho. Esse \u00e9 o motivo apontado pela Delegacia de Homic\u00eddios da Baixada Fluminense como a causa da morte dos meninos Lucas Matheus da Silva, 8 anos,<\/p>\n","protected":false},"author":1,"featured_media":4500,"comment_status":"closed","ping_status":"closed","sticky":false,"template":"","format":"standard","meta":[],"categories":[1],"tags":[],"_links":{"self":[{"href":"https:\/\/7ports.com.br\/index.php?rest_route=\/wp\/v2\/posts\/4432"}],"collection":[{"href":"https:\/\/7ports.com.br\/index.php?rest_route=\/wp\/v2\/posts"}],"about":[{"href":"https:\/\/7ports.com.br\/index.php?rest_route=\/wp\/v2\/types\/post"}],"author":[{"embeddable":true,"href":"https:\/\/7ports.com.br\/index.php?rest_route=\/wp\/v2\/users\/1"}],"replies":[{"embeddable":true,"href":"https:\/\/7ports.com.br\/index.php?rest_route=%2Fwp%2Fv2%2Fcomments&post=4432"}],"version-history":[{"count":3,"href":"https:\/\/7ports.com.br\/index.php?rest_route=\/wp\/v2\/posts\/4432\/revisions"}],"predecessor-version":[{"id":4437,"href":"https:\/\/7ports.com.br\/index.php?rest_route=\/wp\/v2\/posts\/4432\/revisions\/4437"}],"wp:featuredmedia":[{"embeddable":true,"href":"https:\/\/7ports.com.br\/index.php?rest_route=\/wp\/v2\/media\/4500"}],"wp:attachment":[{"href":"https:\/\/7ports.com.br\/index.php?rest_route=%2Fwp%2Fv2%2Fmedia&parent=4432"}],"wp:term":[{"taxonomy":"category","embeddable":true,"href":"https:\/\/7ports.com.br\/index.php?rest_route=%2Fwp%2Fv2%2Fcategories&post=4432"},{"taxonomy":"post_tag","embeddable":true,"href":"https:\/\/7ports.com.br\/index.php?rest_route=%2Fwp%2Fv2%2Ftags&post=4432"}],"curies":[{"name":"wp","href":"https:\/\/api.w.org\/{rel}","templated":true}]}}