
{"id":4451,"date":"2021-09-10T05:15:34","date_gmt":"2021-09-10T08:15:34","guid":{"rendered":"https:\/\/7ports.com.br\/?p=4451"},"modified":"2021-09-10T05:49:40","modified_gmt":"2021-09-10T08:49:40","slug":"facebook-lanca-oculos-inteligentes-em-parceria-com-a-ray-ban-acessorio-tem-duas-cameras-e-assistente-de-voz","status":"publish","type":"post","link":"https:\/\/7ports.com.br\/?p=4451","title":{"rendered":"Facebook lan\u00e7a \u00f3culos inteligentes em parceria com a Ray-Ban: acess\u00f3rio tem duas c\u00e2meras e assistente de voz"},"content":{"rendered":"\n<p>O Facebook divulgou na \u00faltima quinta-feira (9) o lan\u00e7amento de um par de \u00f3culos inteligentes, desenvolvido em parceria com a marca Ray-Ban. Denominado <em>Ray-Ban Stories<\/em>, o equipamento conta com duas c\u00e2meras de 5 MP, sistema de \u00e1udio com microfones integrados e assistente de voz.<\/p>\n\n\n\n<p>Com o aparelho, o usu\u00e1rio poder\u00e1 captar fotos e gravar v\u00eddeos de at\u00e9 30 segundos, ouvir m\u00fasica e atender chamadas \u2014 tudo isso, sem precisar usar o celular. H\u00e1, ainda, o recurso de comando de voz, com a Assistente de Voz do Facebook, que possibilita o uso de todas as fun\u00e7\u00f5es dos \u00f3culos por meio da fala.&nbsp;<\/p>\n\n\n\n<p>Para otimizar a experi\u00eancia do novo dispositivo, o Facebook est\u00e1 lan\u00e7ando tamb\u00e9m um aplicativo para armazenar, editar e compartilhar o conte\u00fado audiovisual capturado com o Ray-Ban Stories. <em>Facebook View<\/em>, como \u00e9 chamado, est\u00e1 dispon\u00edvel para Android e iOS e possui conectividade com os principais aplicativos, como <em>Instagram<\/em>, <em>WhatsApp<\/em>, <em>Twitter<\/em> e <em>TikTok<\/em>.&nbsp;<\/p>\n\n\n\n<p>Em rela\u00e7\u00e3o \u00e0 privacidade do aparelho, h\u00e1 a possibilidade de desabilitar a c\u00e2mera e o microfone integrados. Al\u00e9m disso, quando a c\u00e2mera estiver ativa, sensores de LED ficar\u00e3o acesos, indicando o uso.&nbsp;<\/p>\n\n\n\n<p>Dispon\u00edvel inicialmente em cinco pa\u00edses \u2014 Estados Unidos, Irlanda, Canad\u00e1, Austr\u00e1lia e It\u00e1lia \u2014 e no Reino Unido, o produto custar\u00e1 US$299 e est\u00e1 dispon\u00edvel em 20 modelos diferentes e 5 op\u00e7\u00f5es de cores.&nbsp;<\/p>\n\n\n\n<p>Ainda n\u00e3o h\u00e1 informa\u00e7\u00f5es sobre o lan\u00e7amento no Brasil.<\/p>\n\n\n\n<p><\/p>\n\n\n\n<p>*Fontes: Facebook, G1 e Tecnoblog.<\/p>\n","protected":false},"excerpt":{"rendered":"<p>O Facebook divulgou na \u00faltima quinta-feira (9) o lan\u00e7amento de um par de \u00f3culos inteligentes, desenvolvido em parceria com a marca Ray-Ban. Denominado Ray-Ban Stories, o equipamento conta com duas<\/p>\n","protected":false},"author":1,"featured_media":4452,"comment_status":"closed","ping_status":"closed","sticky":false,"template":"","format":"standard","meta":[],"categories":[1],"tags":[],"_links":{"self":[{"href":"https:\/\/7ports.com.br\/index.php?rest_route=\/wp\/v2\/posts\/4451"}],"collection":[{"href":"https:\/\/7ports.com.br\/index.php?rest_route=\/wp\/v2\/posts"}],"about":[{"href":"https:\/\/7ports.com.br\/index.php?rest_route=\/wp\/v2\/types\/post"}],"author":[{"embeddable":true,"href":"https:\/\/7ports.com.br\/index.php?rest_route=\/wp\/v2\/users\/1"}],"replies":[{"embeddable":true,"href":"https:\/\/7ports.com.br\/index.php?rest_route=%2Fwp%2Fv2%2Fcomments&post=4451"}],"version-history":[{"count":2,"href":"https:\/\/7ports.com.br\/index.php?rest_route=\/wp\/v2\/posts\/4451\/revisions"}],"predecessor-version":[{"id":4457,"href":"https:\/\/7ports.com.br\/index.php?rest_route=\/wp\/v2\/posts\/4451\/revisions\/4457"}],"wp:featuredmedia":[{"embeddable":true,"href":"https:\/\/7ports.com.br\/index.php?rest_route=\/wp\/v2\/media\/4452"}],"wp:attachment":[{"href":"https:\/\/7ports.com.br\/index.php?rest_route=%2Fwp%2Fv2%2Fmedia&parent=4451"}],"wp:term":[{"taxonomy":"category","embeddable":true,"href":"https:\/\/7ports.com.br\/index.php?rest_route=%2Fwp%2Fv2%2Fcategories&post=4451"},{"taxonomy":"post_tag","embeddable":true,"href":"https:\/\/7ports.com.br\/index.php?rest_route=%2Fwp%2Fv2%2Ftags&post=4451"}],"curies":[{"name":"wp","href":"https:\/\/api.w.org\/{rel}","templated":true}]}}