
{"id":4465,"date":"2021-09-10T09:09:02","date_gmt":"2021-09-10T12:09:02","guid":{"rendered":"https:\/\/7ports.com.br\/?p=4465"},"modified":"2022-02-07T12:41:45","modified_gmt":"2022-02-07T15:41:45","slug":"manifesto-da-fiesp","status":"publish","type":"post","link":"https:\/\/7ports.com.br\/?p=4465","title":{"rendered":"Manifesto da FIESP, na Integra."},"content":{"rendered":"\n<p><em>A representa\u00e7\u00e3o arquitet\u00f4nica da Pra\u00e7a dos Tr\u00eas Poderes expressa a independ\u00eancia e a harmonia entre o Legislativo, o Executivo e o Judici\u00e1rio. Essa \u00e9 a ess\u00eancia da Rep\u00fablica. O espa\u00e7o foi constru\u00eddo formando um tri\u00e2ngulo equil\u00e1tero. Os v\u00e9rtices s\u00e3o os edif\u00edcios-sede de cada um dos Poderes.<\/em><\/p>\n\n\n\n<p><em>Essa disposi\u00e7\u00e3o deixa claro que nenhum dos pr\u00e9dios \u00e9 superior em import\u00e2ncia, nenhum invade o limite dos outros, um n\u00e3o pode prescindir dos demais. Em resumo, a harmonia entre eles tem de ser a regra. Esse princ\u00edpio est\u00e1 presente de forma clara na Constitui\u00e7\u00e3o Federal, pilar do ordenamento jur\u00eddico do pa\u00eds. Diante disso, \u00e9 primordial que todos os ocupantes de cargos relevantes da Rep\u00fablica sigam o que a Constitui\u00e7\u00e3o imp\u00f5e.<\/em><\/p>\n\n\n\n<p><em>As entidades da sociedade civil que assinam este manifesto veem com grande preocupa\u00e7\u00e3o a escalada da tens\u00e3o entre as autoridades p\u00fablicas. O momento exige de todos serenidade, di\u00e1logo, pacifica\u00e7\u00e3o pol\u00edtica, estabilidade institucional e, sobretudo, foco em a\u00e7\u00f5es e medidas urgentes e necess\u00e1rias para que o Brasil supere a pandemia, volte a crescer de forma sustentada e continue a gerar empregos. Esta mensagem n\u00e3o se dirige a nenhum dos Poderes especificamente, mas a todos simultaneamente, pois a responsabilidade \u00e9 conjunta.<\/em><\/p>\n\n\n\n<p><em>Mais do que nunca o momento exige aproxima\u00e7\u00e3o e coopera\u00e7\u00e3o entre Legislativo, Executivo e Judici\u00e1rio. \u00c9 preciso que cada um atue com responsabilidade nos limites de sua compet\u00eancia, obedecidos os preceitos estabelecidos em nossa Carta Magna. Esse \u00e9 o anseio da Na\u00e7\u00e3o brasileira.<\/em><\/p>\n","protected":false},"excerpt":{"rendered":"<p>A representa\u00e7\u00e3o arquitet\u00f4nica da Pra\u00e7a dos Tr\u00eas Poderes expressa a independ\u00eancia e a harmonia entre o Legislativo, o Executivo e o Judici\u00e1rio. Essa \u00e9 a ess\u00eancia da Rep\u00fablica. O espa\u00e7o<\/p>\n","protected":false},"author":1,"featured_media":4466,"comment_status":"open","ping_status":"closed","sticky":false,"template":"","format":"standard","meta":[],"categories":[1],"tags":[],"_links":{"self":[{"href":"https:\/\/7ports.com.br\/index.php?rest_route=\/wp\/v2\/posts\/4465"}],"collection":[{"href":"https:\/\/7ports.com.br\/index.php?rest_route=\/wp\/v2\/posts"}],"about":[{"href":"https:\/\/7ports.com.br\/index.php?rest_route=\/wp\/v2\/types\/post"}],"author":[{"embeddable":true,"href":"https:\/\/7ports.com.br\/index.php?rest_route=\/wp\/v2\/users\/1"}],"replies":[{"embeddable":true,"href":"https:\/\/7ports.com.br\/index.php?rest_route=%2Fwp%2Fv2%2Fcomments&post=4465"}],"version-history":[{"count":2,"href":"https:\/\/7ports.com.br\/index.php?rest_route=\/wp\/v2\/posts\/4465\/revisions"}],"predecessor-version":[{"id":4511,"href":"https:\/\/7ports.com.br\/index.php?rest_route=\/wp\/v2\/posts\/4465\/revisions\/4511"}],"wp:featuredmedia":[{"embeddable":true,"href":"https:\/\/7ports.com.br\/index.php?rest_route=\/wp\/v2\/media\/4466"}],"wp:attachment":[{"href":"https:\/\/7ports.com.br\/index.php?rest_route=%2Fwp%2Fv2%2Fmedia&parent=4465"}],"wp:term":[{"taxonomy":"category","embeddable":true,"href":"https:\/\/7ports.com.br\/index.php?rest_route=%2Fwp%2Fv2%2Fcategories&post=4465"},{"taxonomy":"post_tag","embeddable":true,"href":"https:\/\/7ports.com.br\/index.php?rest_route=%2Fwp%2Fv2%2Ftags&post=4465"}],"curies":[{"name":"wp","href":"https:\/\/api.w.org\/{rel}","templated":true}]}}