
{"id":4629,"date":"2021-09-15T03:14:51","date_gmt":"2021-09-15T06:14:51","guid":{"rendered":"https:\/\/7ports.com.br\/?p=4629"},"modified":"2022-06-01T15:40:58","modified_gmt":"2022-06-01T18:40:58","slug":"senado-mantem-o-marco-civil","status":"publish","type":"post","link":"https:\/\/7ports.com.br\/?p=4629","title":{"rendered":"Senado mant\u00e9m o Marco Civil"},"content":{"rendered":"\n<p>O presidente do Senado,&nbsp;<a href=\"https:\/\/www.cnnbrasil.com.br\/tudo-sobre\/rodrigo-pacheco\/\">Rodrigo Pacheco<\/a>&nbsp;(DEM-MG), devolveu ao Planalto a Medida Provis\u00f3ria (MP) assinada por Jair Bolsonaro (sem partido) que&nbsp;<a href=\"https:\/\/www.cnnbrasil.com.br\/politica\/bolsonaro-assina-mp-que-altera-marco-civil-da-internet\/?utm_source=meio&amp;utm_medium=email\">alterava o Marco Civil da Internet<\/a>. A informa\u00e7\u00e3o foi confirmada pela analista da&nbsp;<strong>CNN<\/strong>&nbsp;Thais Arbex.<\/p>\n\n\n\n<p>Minutos ap\u00f3s a decis\u00e3o, a ministra do Supremo Tribunal Federal (STF) Rosa Weber tamb\u00e9m suspendeu a efic\u00e1cia da MP, atendendo pedido do procurador-geral da Rep\u00fablica Augusto Aras que recomendou a suspens\u00e3o.PUBLICIDADE<\/p>\n\n\n\n<p>Na sess\u00e3o desta ter\u00e7a-feira (14), o Senado entendeu que a MP&nbsp;<a href=\"https:\/\/www.in.gov.br\/en\/web\/dou\/-\/medida-provisoria-n-1.068-de-6-de-setembro-de-2021-343277275\">1.068\/2021&nbsp;<\/a>desrespeita os requisitos fundamentais previstos na Constitui\u00e7\u00e3o. Com isso, as regras estabelecidas na medida deixam de valer.<\/p>\n\n\n\n<p>Editada por Bolsonaro no \u00faltimo dia 6, a medida impede que provedores e redes sociais retirem do ar conte\u00fado que viole suas regras, como discurso de \u00f3dio e propaga\u00e7\u00e3o de not\u00edcias falsas.<\/p>\n\n\n\n<p>\u201cPromover mudan\u00e7as no Marco Civil gera consider\u00e1vel inseguran\u00e7a jur\u00eddica aos agentes a ela sujeitos, conforme salientam diversas manifesta\u00e7\u00f5es da sociedade civil e o parecer da OAB encaminhado a essa Casa, bem como o parecer da PGR\u201d, disse Pacheco.<\/p>\n\n\n\n<p>Leia mais<\/p>\n\n\n\n<ul><li><a href=\"https:\/\/www.cnnbrasil.com.br\/nacional\/marco-civil-da-internet-cpi-da-pandemia-e-mais-da-noite-de-13-de-setembro\/\">Marco Civil da Internet, CPI da Pandemia e mais da noite de 13 de setembro<\/a><\/li><li><a href=\"https:\/\/www.cnnbrasil.com.br\/politica\/pgr-pede-que-supremo-suspenda-efeitos-da-mp-do-marco-civil-da-internet\/\">PGR pede que Supremo suspenda efeitos da MP do Marco Civil da Internet<\/a><\/li><li><a href=\"https:\/\/www.cnnbrasil.com.br\/politica\/partidos-protocolam-acao-no-supremo-contra-mp-que-altera-marco-civil-da-internet\/\">Partidos protocolam a\u00e7\u00e3o no Supremo contra MP que altera Marco Civil da Internet<\/a><\/li><\/ul>\n\n\n\n<p>A Secretaria Especial de Comunica\u00e7\u00e3o (Secom) do governo federal defendeu que a MP refor\u00e7a direitos e garantias dos usu\u00e1rios da rede, e combate a \u201cremo\u00e7\u00e3o arbitr\u00e1ria e imotivada de contas, perfis e conte\u00fados por provedores\u201d.<\/p>\n\n\n\n<p>Para o analista de pol\u00edtica da&nbsp;<strong>CNN<\/strong>&nbsp;Gustavo Uribe, h\u00e1 uma preocupa\u00e7\u00e3o no Pal\u00e1cio do Planalto sobre as elei\u00e7\u00f5es de 2022 que motivou a assinatura da MP.<\/p>\n\n\n\n<p>Al\u00e9m disso, a MP foi editada na v\u00e9spera dos atos bolsonaristas do 7 de Setembro. Caso aprovada, a MP de Bolsonaro poderia manter tamb\u00e9m conte\u00fados de blogueiros e youtubers atingidos por bloqueios nas redes sociais.<\/p>\n\n\n\n<h2 class=\"wp-block-heading\">Rosa Weber atende pedido de suspens\u00e3o da MP<\/h2>\n\n\n\n<p>Na segunda-feira (13), a Procuradoria-Geral da Rep\u00fablica (PGR) recomendou ao Supremo Tribunal Federal (STF) que a&nbsp;<a href=\"https:\/\/www.cnnbrasil.com.br\/politica\/pgr-pede-que-supremo-suspenda-efeitos-da-mp-do-marco-civil-da-internet\/?utm_source=meio&amp;utm_medium=email\">MP de Bolsonaro seja suspensa at\u00e9 que haja julgamento do m\u00e9rito.<\/a><\/p>\n\n\n\n<p>O procurador-geral da Rep\u00fablica, Augusto Aras, ressaltou na manifesta\u00e7\u00e3o que h\u00e1 necessidade de o tema ser amplamente discutido no Congresso Nacional.<\/p>\n\n\n\n<p>O julgamento aconteceria no plen\u00e1rio, onde a Rosa Weber seria a relatora. No entanto, ap\u00f3s decis\u00e3o no Senado, a ministra tamb\u00e9m suspendeu a efic\u00e1cia da MP que altera o Marco Civil da Internet nesta ter\u00e7a.<\/p>\n\n\n\n<p>A ministra tamb\u00e9m pediu ao presidente do STF, Luiz Fux, que inclua a decis\u00e3o em sess\u00e3o virtual extraordin\u00e1ria.<\/p>\n\n\n\n<p>Partidos de oposi\u00e7\u00e3o e entidades da sociedade civil j\u00e1 haviam&nbsp;<a href=\"https:\/\/www.cnnbrasil.com.br\/politica\/partidos-protocolam-acao-no-supremo-contra-mp-que-altera-marco-civil-da-internet\/?utm_source=meio&amp;utm_medium=email\">criticado e questionado a iniciativa do governo Bolsonaro<\/a>, na semana passada, ap\u00f3s a edi\u00e7\u00e3o da medida que alterava regras do Marco Civil.<\/p>\n\n\n\n<p>Os pareceres foram entregues nas a\u00e7\u00f5es apresentadas no STF por seis partidos (PT, PSB, PSDB, Novo, PDT e Solidariedade) e pelo senador Alessandro Vieira (Cidadania-SE).<\/p>\n\n\n\n<p>Segundo eles, a MP foi feita sem observar os requisitos constitucionais de \u201curg\u00eancia e relev\u00e2ncia\u201d para alterar o Marco Civil da Internet.<\/p>\n","protected":false},"excerpt":{"rendered":"<p>O presidente do Senado,&nbsp;Rodrigo Pacheco&nbsp;(DEM-MG), devolveu ao Planalto a Medida Provis\u00f3ria (MP) assinada por Jair Bolsonaro (sem partido) que&nbsp;alterava o Marco Civil da Internet. A informa\u00e7\u00e3o foi confirmada pela analista<\/p>\n","protected":false},"author":1,"featured_media":4630,"comment_status":"closed","ping_status":"closed","sticky":false,"template":"","format":"standard","meta":[],"categories":[1],"tags":[419,418],"_links":{"self":[{"href":"https:\/\/7ports.com.br\/index.php?rest_route=\/wp\/v2\/posts\/4629"}],"collection":[{"href":"https:\/\/7ports.com.br\/index.php?rest_route=\/wp\/v2\/posts"}],"about":[{"href":"https:\/\/7ports.com.br\/index.php?rest_route=\/wp\/v2\/types\/post"}],"author":[{"embeddable":true,"href":"https:\/\/7ports.com.br\/index.php?rest_route=\/wp\/v2\/users\/1"}],"replies":[{"embeddable":true,"href":"https:\/\/7ports.com.br\/index.php?rest_route=%2Fwp%2Fv2%2Fcomments&post=4629"}],"version-history":[{"count":1,"href":"https:\/\/7ports.com.br\/index.php?rest_route=\/wp\/v2\/posts\/4629\/revisions"}],"predecessor-version":[{"id":4631,"href":"https:\/\/7ports.com.br\/index.php?rest_route=\/wp\/v2\/posts\/4629\/revisions\/4631"}],"wp:featuredmedia":[{"embeddable":true,"href":"https:\/\/7ports.com.br\/index.php?rest_route=\/wp\/v2\/media\/4630"}],"wp:attachment":[{"href":"https:\/\/7ports.com.br\/index.php?rest_route=%2Fwp%2Fv2%2Fmedia&parent=4629"}],"wp:term":[{"taxonomy":"category","embeddable":true,"href":"https:\/\/7ports.com.br\/index.php?rest_route=%2Fwp%2Fv2%2Fcategories&post=4629"},{"taxonomy":"post_tag","embeddable":true,"href":"https:\/\/7ports.com.br\/index.php?rest_route=%2Fwp%2Fv2%2Ftags&post=4629"}],"curies":[{"name":"wp","href":"https:\/\/api.w.org\/{rel}","templated":true}]}}