
{"id":4667,"date":"2021-09-16T13:54:49","date_gmt":"2021-09-16T16:54:49","guid":{"rendered":"https:\/\/7ports.com.br\/?p=4667"},"modified":"2021-09-19T04:43:34","modified_gmt":"2021-09-19T07:43:34","slug":"ministerio-da-saude-recomenda-suspensao-da-vacinacao-de-jovens-sem-comorbidades","status":"publish","type":"post","link":"https:\/\/7ports.com.br\/?p=4667","title":{"rendered":"Minist\u00e9rio da Sa\u00fade recomenda suspens\u00e3o da vacina\u00e7\u00e3o de jovens sem comorbidades"},"content":{"rendered":"\n<p>O Minist\u00e9rio da Sa\u00fade divulgou uma nota nesta quarta-feira (15) em que volta atr\u00e1s na&nbsp;recomenda\u00e7\u00e3o da vacina\u00e7\u00e3o contra Covid-19 em adolescentes de 12 a 17 anos. A nova orienta\u00e7\u00e3o \u00e9 que sejam vacinados somente os adolescentes com comorbidades, defici\u00eancia permanente ou que estejam privados de liberdade.<\/p>\n\n\n\n<p>Alguns fatores foram considerados para a tomada da decis\u00e3o de suspens\u00e3o. Dentre eles: escassez das doses \u2014 resultando em necessidade de priorizar outros grupos \u2014, falta de resultados sobre os benef\u00edcios dos imunizantes nessa faixa et\u00e1ria e constata\u00e7\u00e3o de que a maioria dos adolescentes com covid apresentam sintomas leves ou s\u00e3o assintom\u00e1ticos.<\/p>\n\n\n\n<p>Nesta quinta-feira (16), os estados de S\u00e3o Paulo e Rio de Janeiro informaram que n\u00e3o ir\u00e3o aderir \u00e0 recomenda\u00e7\u00e3o, pois o uso da vacina da Pfizer j\u00e1 foi autorizado pela Anvisa para aplica\u00e7\u00e3o em pessoas dessa faixa et\u00e1ria. A vacina\u00e7\u00e3o em adolescentes j\u00e1 est\u00e1 sendo realizada em diversos pa\u00edses, como Chile, EUA, It\u00e1lia, Fran\u00e7a e Canad\u00e1 e ajuda a controlar o impacto da pandemia.<\/p>\n\n\n\n<p><\/p>\n\n\n\n<p>*Fonte: CNN Brasil, G1 | Imagem: Reprodu\u00e7\u00e3o\/YouTube<\/p>\n","protected":false},"excerpt":{"rendered":"<p>O Minist\u00e9rio da Sa\u00fade divulgou uma nota nesta quarta-feira (15) em que volta atr\u00e1s na&nbsp;recomenda\u00e7\u00e3o da vacina\u00e7\u00e3o contra Covid-19 em adolescentes de 12 a 17 anos. A nova orienta\u00e7\u00e3o \u00e9<\/p>\n","protected":false},"author":1,"featured_media":4668,"comment_status":"open","ping_status":"closed","sticky":false,"template":"","format":"standard","meta":[],"categories":[1],"tags":[],"_links":{"self":[{"href":"https:\/\/7ports.com.br\/index.php?rest_route=\/wp\/v2\/posts\/4667"}],"collection":[{"href":"https:\/\/7ports.com.br\/index.php?rest_route=\/wp\/v2\/posts"}],"about":[{"href":"https:\/\/7ports.com.br\/index.php?rest_route=\/wp\/v2\/types\/post"}],"author":[{"embeddable":true,"href":"https:\/\/7ports.com.br\/index.php?rest_route=\/wp\/v2\/users\/1"}],"replies":[{"embeddable":true,"href":"https:\/\/7ports.com.br\/index.php?rest_route=%2Fwp%2Fv2%2Fcomments&post=4667"}],"version-history":[{"count":3,"href":"https:\/\/7ports.com.br\/index.php?rest_route=\/wp\/v2\/posts\/4667\/revisions"}],"predecessor-version":[{"id":4671,"href":"https:\/\/7ports.com.br\/index.php?rest_route=\/wp\/v2\/posts\/4667\/revisions\/4671"}],"wp:featuredmedia":[{"embeddable":true,"href":"https:\/\/7ports.com.br\/index.php?rest_route=\/wp\/v2\/media\/4668"}],"wp:attachment":[{"href":"https:\/\/7ports.com.br\/index.php?rest_route=%2Fwp%2Fv2%2Fmedia&parent=4667"}],"wp:term":[{"taxonomy":"category","embeddable":true,"href":"https:\/\/7ports.com.br\/index.php?rest_route=%2Fwp%2Fv2%2Fcategories&post=4667"},{"taxonomy":"post_tag","embeddable":true,"href":"https:\/\/7ports.com.br\/index.php?rest_route=%2Fwp%2Fv2%2Ftags&post=4667"}],"curies":[{"name":"wp","href":"https:\/\/api.w.org\/{rel}","templated":true}]}}