
{"id":4818,"date":"2021-09-19T04:51:33","date_gmt":"2021-09-19T07:51:33","guid":{"rendered":"https:\/\/7ports.com.br\/?p=4818"},"modified":"2022-06-01T15:39:26","modified_gmt":"2022-06-01T18:39:26","slug":"alexandre-de-moraes-nega-acordo-para-salvar-bolsonaristas-aguardem-os-inqueritos","status":"publish","type":"post","link":"https:\/\/7ports.com.br\/?p=4818","title":{"rendered":"Alexandre de Moraes nega acordo para salvar bolsonaristas: &#8220;aguardem os inqu\u00e9ritos&#8221;"},"content":{"rendered":"\n<h2 class=\"wp-block-heading\">Alexandre de Moraes nega acordo para salvar bolsonaristas: &#8220;aguardem os inqu\u00e9ritos&#8221;<\/h2>\n\n\n\n<p>Especula\u00e7\u00e3o sobre novo &#8220;grande acordo nacional&#8221; foi feita ap\u00f3s a carta de Jair Bolsonaro negociada com Michel Temer18 de setembro de 2021, 20:36 h&nbsp;Atualizado em&nbsp;18 de setembro de 2021, 20:52<\/p>\n\n\n\n<figure class=\"wp-block-image\"><img decoding=\"async\" src=\"https:\/\/publisher-publish.s3.eu-central-1.amazonaws.com\/pb-brasil247\/swp\/jtjeq9\/media\/2021090917094_a4e7fe2bedbe400639262f87029158214d095bfc13be9ee7c20c043589588b58.jpg\" alt=\"Jair Bolsonaro e Alexandre de Moraes\" title=\"Jair Bolsonaro e Alexandre de Moraes (Foto: Adriano Machado\/Reuters | Rosinei Coutinho\/SCO\/STF)\"\/><figcaption>Jair Bolsonaro e Alexandre de Moraes (Foto: Adriano Machado\/Reuters | Rosinei Coutinho\/SCO\/STF)<\/figcaption><\/figure>\n\n\n\n<p><a href=\"https:\/\/www.brasil247.com\/apoio\" target=\"_blank\" rel=\"noreferrer noopener\">Apoie o 247<\/a><a href=\"https:\/\/news.google.com\/publications\/CAAqBwgKMPm1uQIwyvUg\" target=\"_blank\" rel=\"noreferrer noopener\"><\/a><a href=\"https:\/\/bit.ly\/economia247\" target=\"_blank\" rel=\"noreferrer noopener\">Clube de Economia<\/a><\/p>\n\n\n\n<p><strong>247 \u2013&nbsp;<\/strong>&#8220;O ministro Alexandre de Moraes, do Supremo Tribunal Federal, quando questionado sobre o suposto acordo com Jair Bolsonaro ap\u00f3s o 7 de Setembro, tem pedido a interlocutores que aguardem o desenrolar das apura\u00e7\u00f5es de sua relatoria que miram o presidente e seus apoiadores&#8221;, informa a&nbsp;<a target=\"_blank\" rel=\"noreferrer noopener\" href=\"https:\/\/www1.folha.uol.com.br\/colunas\/painel\/2021\/09\/aguardem-desenrolar-de-inqueritos-de-bolsonaro-diz-moraes-sobre-insinuacao-de-acordo.shtml\"><u>coluna Painel<\/u><\/a>.<\/p>\n","protected":false},"excerpt":{"rendered":"<p>Alexandre de Moraes nega acordo para salvar bolsonaristas: &#8220;aguardem os inqu\u00e9ritos&#8221; Especula\u00e7\u00e3o sobre novo &#8220;grande acordo nacional&#8221; foi feita ap\u00f3s a carta de Jair Bolsonaro negociada com Michel Temer18 de<\/p>\n","protected":false},"author":1,"featured_media":4821,"comment_status":"closed","ping_status":"closed","sticky":false,"template":"","format":"standard","meta":[],"categories":[1],"tags":[416,417],"_links":{"self":[{"href":"https:\/\/7ports.com.br\/index.php?rest_route=\/wp\/v2\/posts\/4818"}],"collection":[{"href":"https:\/\/7ports.com.br\/index.php?rest_route=\/wp\/v2\/posts"}],"about":[{"href":"https:\/\/7ports.com.br\/index.php?rest_route=\/wp\/v2\/types\/post"}],"author":[{"embeddable":true,"href":"https:\/\/7ports.com.br\/index.php?rest_route=\/wp\/v2\/users\/1"}],"replies":[{"embeddable":true,"href":"https:\/\/7ports.com.br\/index.php?rest_route=%2Fwp%2Fv2%2Fcomments&post=4818"}],"version-history":[{"count":2,"href":"https:\/\/7ports.com.br\/index.php?rest_route=\/wp\/v2\/posts\/4818\/revisions"}],"predecessor-version":[{"id":5068,"href":"https:\/\/7ports.com.br\/index.php?rest_route=\/wp\/v2\/posts\/4818\/revisions\/5068"}],"wp:featuredmedia":[{"embeddable":true,"href":"https:\/\/7ports.com.br\/index.php?rest_route=\/wp\/v2\/media\/4821"}],"wp:attachment":[{"href":"https:\/\/7ports.com.br\/index.php?rest_route=%2Fwp%2Fv2%2Fmedia&parent=4818"}],"wp:term":[{"taxonomy":"category","embeddable":true,"href":"https:\/\/7ports.com.br\/index.php?rest_route=%2Fwp%2Fv2%2Fcategories&post=4818"},{"taxonomy":"post_tag","embeddable":true,"href":"https:\/\/7ports.com.br\/index.php?rest_route=%2Fwp%2Fv2%2Ftags&post=4818"}],"curies":[{"name":"wp","href":"https:\/\/api.w.org\/{rel}","templated":true}]}}