
{"id":4822,"date":"2021-09-19T05:01:42","date_gmt":"2021-09-19T08:01:42","guid":{"rendered":"https:\/\/7ports.com.br\/?p=4822"},"modified":"2022-02-10T01:52:29","modified_gmt":"2022-02-10T04:52:29","slug":"eua-aumentarao-voos-de-deportacao-para-imigrantes-presos-no-texas","status":"publish","type":"post","link":"https:\/\/7ports.com.br\/?p=4822","title":{"rendered":"EUA aumentar\u00e3o &#8216;voos de deporta\u00e7\u00e3o&#8217; para imigrantes presos no Texas"},"content":{"rendered":"\n<h2 class=\"wp-block-heading\">Mais de 10.000 migrantes, majoritariamente do Haiti, acampavam na sexta-feira debaixo de uma ponte na fronteira sul dos Estados Unidos.<\/h2>\n\n\n\n<figure class=\"wp-block-image\"><img decoding=\"async\" src=\"https:\/\/s2.glbimg.com\/lKm58vRep_dR1l0hBznqG9bxPz4=\/0x0:3880x2587\/984x0\/smart\/filters:strip_icc()\/i.s3.glbimg.com\/v1\/AUTH_59edd422c0c84a879bd37670ae4f538a\/internal_photos\/bs\/2020\/C\/W\/muNIeJSd2BHAA7o6KTeQ\/ap20023534224844.jpg\" alt=\"Migrantes de caravana carregam bandeiras dos EUA e de Honduras ao passarem pelo sul do M\u00e9xico em janeiro de 2021. \u2014 Foto: Marco Ugarte\/AP Photo\"\/><\/figure>\n\n\n\n<p>Migrantes de caravana carregam bandeiras dos EUA e de Honduras ao passarem pelo sul do M\u00e9xico em janeiro de 2021. \u2014 Foto: Marco Ugarte\/AP Photohttps:\/\/e25cb5ee966585ced04396fd0ef74033.safeframe.googlesyndication.com\/safeframe\/1-0-38\/html\/container.html<\/p>\n\n\n\n<p>Os&nbsp;<a href=\"https:\/\/g1.globo.com\/tudo-sobre\/estados-unidos\/\">Estados Unidos&nbsp;<\/a>aumentar\u00e3o o n\u00famero e a capacidade dos &#8220;voos de deporta\u00e7\u00e3o&#8221; para milhares de imigrantes na fronteiri\u00e7a cidade texana de Del Rio (sul), informou o Departamento de Seguran\u00e7a Interna neste s\u00e1bado (18).<\/p>\n\n\n\n<p>Mais de 10.000 migrantes, majoritariamente do&nbsp;<a href=\"https:\/\/g1.globo.com\/tudo-sobre\/haiti\/\">Haiti<\/a>, acampavam na sexta-feira debaixo de uma ponte na fronteira sul dos Estados Unidos, uma crise humanit\u00e1ria que coloca em apuros o governo de&nbsp;<a href=\"https:\/\/g1.globo.com\/tudo-sobre\/joe-biden\/\">Joe Biden<\/a>.<\/p>\n\n\n\n<p><strong>Leia mais:<\/strong><\/p>\n\n\n\n<ul><li><a href=\"https:\/\/g1.globo.com\/mundo\/noticia\/2021\/09\/17\/grupo-de-140-brasileiros-e-detido-ao-cruzar-fronteira-do-mexico-com-eua.ghtml\">46 mil imigrantes ilegais: n\u00famero de brasileiros detidos cruzando do M\u00e9xico para EUA aumentou 6 vezes<\/a><\/li><li><a href=\"https:\/\/g1.globo.com\/ro\/rondonia\/noticia\/2021\/09\/17\/imigrante-morreu-no-deserto-quatro-meses-antes-de-realizar-o-sonho-de-ser-avo-de-uma-menina-fazia-muitos-planos-lamenta-a-filha.ghtml\">Imigrante brasileira que morreu no deserto ia realizar o sonho de ser av\u00f3 de uma menina<\/a><\/li><li><a href=\"https:\/\/g1.globo.com\/mundo\/noticia\/2021\/09\/18\/agentes-de-fronteira-encontram-duas-criancas-abandonadas-nos-eua.ghtml\">Agentes de fronteira encontram duas crian\u00e7as abandonadas nos EUA<\/a><\/li><\/ul>\n\n\n\n<p>Os migrantes est\u00e3o em uma \u00e1rea controlada pelas autoridades de alf\u00e2ndega e fronteiras, que mobilizaram 400 soldados adicionais para tentar conter a crise e &#8220;melhorar o controle da \u00e1rea&#8221;, segundo um comunicado do Departamento de Seguran\u00e7a Interna.<\/p>\n\n\n\n<blockquote class=\"wp-block-quote\"><p>As autoridades informaram que v\u00e3o acrescentar um &#8220;transporte adicional para acelerar o ritmo (dos voos) e aumentar a capacidade&#8221; de transfer\u00eancia &#8220;para o Haiti e outros destinos nas pr\u00f3ximas 72 horas&#8221;.<\/p><\/blockquote>\n\n\n\n<p>Esses migrantes chegaram na pequena cidade de Del Rio,&nbsp;<a href=\"https:\/\/g1.globo.com\/tudo-sobre\/texas\/\">Texas<\/a>, cruzando o Rio Grande que separa os Estados Unidos do M\u00e9xico. Dos 2.000 migrantes no in\u00edcio da semana, o n\u00famero subiu para 10.500 na quinta-feira \u00e0 noite, segundo Bruno Lozano, prefeito desta cidade lim\u00edtrofe com a mexicana Ciudad Acu\u00f1a.https:\/\/e25cb5ee966585ced04396fd0ef74033.safeframe.googlesyndication.com\/safeframe\/1-0-38\/html\/container.html<\/p>\n\n\n\n<p>Na sexta-feira, o prefeito democrata, que espera mais milhares de chegadas,&nbsp;declarou estado de emerg\u00eancia e fechou a ponte para o tr\u00e1fego.<\/p>\n\n\n\n<blockquote class=\"wp-block-quote\"><p>&#8220;As circunst\u00e2ncias extremas exigem respostas extremas&#8221;, declarou ao jornal Texas Tribune. &#8220;H\u00e1 mulheres que d\u00e3o \u00e0 luz, pessoas que desmaiam pela temperatura, s\u00e3o um pouco agressivas e isso \u00e9 normal depois de todos esses dias de calor&#8221;, destacou.<\/p><\/blockquote>\n\n\n\n<p>Mais de 1,3 milh\u00e3o de pessoas foram detidas na fronteira com o&nbsp;<a href=\"https:\/\/g1.globo.com\/tudo-sobre\/mexico\/\">M\u00e9xico<\/a>&nbsp;desde a chegada de Biden \u00e0 Casa Branca em janeiro de 2020, um n\u00edvel n\u00e3o visto em 20 anos. Delas, cerca de 596.000 chegaram de&nbsp;<a href=\"https:\/\/g1.globo.com\/tudo-sobre\/el-salvador\/\">El Salvador<\/a>,<a href=\"https:\/\/g1.globo.com\/tudo-sobre\/guatemala\/\">&nbsp;Guatemala<\/a>&nbsp;e&nbsp;<a href=\"https:\/\/g1.globo.com\/tudo-sobre\/honduras\/\">Honduras<\/a>&nbsp;e mais de 464.000 do M\u00e9xico.<\/p>\n\n\n\n<p>A oposi\u00e7\u00e3o republicana acusa Biden de ter provocado uma &#8220;crise migrat\u00f3ria&#8221; ao flexibilizar as medidas de seu antecessor Donald Trump, que fez da luta contra a imigra\u00e7\u00e3o ilegal um dos pilares de seu governo.<\/p>\n","protected":false},"excerpt":{"rendered":"<p>Mais de 10.000 migrantes, majoritariamente do Haiti, acampavam na sexta-feira debaixo de uma ponte na fronteira sul dos Estados Unidos. Migrantes de caravana carregam bandeiras dos EUA e de Honduras<\/p>\n","protected":false},"author":1,"featured_media":4823,"comment_status":"closed","ping_status":"closed","sticky":false,"template":"","format":"standard","meta":[],"categories":[1],"tags":[],"_links":{"self":[{"href":"https:\/\/7ports.com.br\/index.php?rest_route=\/wp\/v2\/posts\/4822"}],"collection":[{"href":"https:\/\/7ports.com.br\/index.php?rest_route=\/wp\/v2\/posts"}],"about":[{"href":"https:\/\/7ports.com.br\/index.php?rest_route=\/wp\/v2\/types\/post"}],"author":[{"embeddable":true,"href":"https:\/\/7ports.com.br\/index.php?rest_route=\/wp\/v2\/users\/1"}],"replies":[{"embeddable":true,"href":"https:\/\/7ports.com.br\/index.php?rest_route=%2Fwp%2Fv2%2Fcomments&post=4822"}],"version-history":[{"count":1,"href":"https:\/\/7ports.com.br\/index.php?rest_route=\/wp\/v2\/posts\/4822\/revisions"}],"predecessor-version":[{"id":4824,"href":"https:\/\/7ports.com.br\/index.php?rest_route=\/wp\/v2\/posts\/4822\/revisions\/4824"}],"wp:featuredmedia":[{"embeddable":true,"href":"https:\/\/7ports.com.br\/index.php?rest_route=\/wp\/v2\/media\/4823"}],"wp:attachment":[{"href":"https:\/\/7ports.com.br\/index.php?rest_route=%2Fwp%2Fv2%2Fmedia&parent=4822"}],"wp:term":[{"taxonomy":"category","embeddable":true,"href":"https:\/\/7ports.com.br\/index.php?rest_route=%2Fwp%2Fv2%2Fcategories&post=4822"},{"taxonomy":"post_tag","embeddable":true,"href":"https:\/\/7ports.com.br\/index.php?rest_route=%2Fwp%2Fv2%2Ftags&post=4822"}],"curies":[{"name":"wp","href":"https:\/\/api.w.org\/{rel}","templated":true}]}}