
{"id":4825,"date":"2021-09-19T05:15:26","date_gmt":"2021-09-19T08:15:26","guid":{"rendered":"https:\/\/7ports.com.br\/?p=4825"},"modified":"2021-09-22T09:06:29","modified_gmt":"2021-09-22T12:06:29","slug":"por-que-franca-esta-zangada-com-acordos-de-submarinos-nucleares-negociados-com-eua-e-reino-unido","status":"publish","type":"post","link":"https:\/\/7ports.com.br\/?p=4825","title":{"rendered":"Por que Fran\u00e7a est\u00e1 zangada com acordos de submarinos nucleares negociados com EUA e Reino Unido"},"content":{"rendered":"\n<p>Esfor\u00e7o para fornecer submarinos com propuls\u00e3o nuclear \u00e0 Austr\u00e1lia \u00e9 parte de uma nova parceria trilateral entre os Estados Unidos, Austr\u00e1lia e Reino Unido<\/p>\n\n\n\n<p>O governo franc\u00eas diz que foi tra\u00eddo quando a Austr\u00e1lia desistiu de seu&nbsp;<a href=\"https:\/\/www.cnnbrasil.com.br\/internacional\/acordo-dos-eua-reino-unido-e-australia-de-submarinos-nucleares-enfurece-china\/\">acordo de defesa multibilion\u00e1rio<\/a>, concordando em obter submarinos com propuls\u00e3o nuclear por meio de um novo acordo com os Estados Unidos e o Reino Unido.<\/p>\n\n\n\n<p>O esfor\u00e7o para fornecer submarinos com propuls\u00e3o nuclear \u00e0 Austr\u00e1lia \u00e9 parte de uma nova parceria trilateral entre os Estados Unidos, Austr\u00e1lia e Reino Unido, apelidada de \u201cAUKUS\u201d. A iniciativa \u00e9&nbsp;<a href=\"https:\/\/www.cnn.com\/2021\/09\/15\/politics\/us-uk-australia-nuclear-powered-submarines\/index.html\">um grande passo<\/a>&nbsp;para conter a China no momento em que o presidente dos EUA Joe Biden trabalha para construir apoio internacional para sua abordagem a Pequim.<\/p>\n\n\n\n<p>Autoridades francesas disseram que o acordo com a AUKUS foi uma punhalada nas costas e uma medida que \u201cmostra falta de coer\u00eancia\u201d.<\/p>\n\n\n\n<ul><li><a href=\"https:\/\/www.cnnbrasil.com.br\/internacional\/entenda-o-que-sao-submarinos-de-propulsao-nuclear-e-quais-as-ambicoes-da-australia\/\">Entenda o que s\u00e3o submarinos de propuls\u00e3o nuclear e quais as ambi\u00e7\u00f5es da Austr\u00e1lia<\/a><\/li><li><a href=\"https:\/\/www.cnnbrasil.com.br\/internacional\/acordo-dos-eua-reino-unido-e-australia-de-submarinos-nucleares-enfurece-china\/\">Acordo dos EUA, Reino Unido e Austr\u00e1lia de submarinos nucleares enfurece China<\/a><\/li><\/ul>\n\n\n\n<p>Em resposta ao acordo trilateral, uma fonte francesa disse \u00e0&nbsp;<strong>CNN<\/strong>&nbsp;na sexta-feira (17) que a Fran\u00e7a chamou de volta seu embaixador nos Estados Unidos para uma \u201cconsulta\u201d \u2013 marcando o que se acredita ser a primeira vez que os franceses recorreram a tal movimento nos tempos modernos.<\/p>\n\n\n\n<p>Segundo a autoridade, o embaixador franc\u00eas na Austr\u00e1lia tamb\u00e9m foi chamado de volta.<\/p>\n\n\n\n<p>O governo franc\u00eas tamb\u00e9m&nbsp;<a href=\"http:\/\/www.cnn.com\/2021\/09\/16\/politics\/battle-of-the-capes-french-embassy\/index.html\">cancelou<\/a>&nbsp;uma recep\u00e7\u00e3o iminente na Embaixada da Fran\u00e7a em Washington, DC, e suavizou as celebra\u00e7\u00f5es para comemorar uma vit\u00f3ria naval da Guerra Revolucion\u00e1ria pelos franceses que ajudou os EUA a conquistar sua independ\u00eancia.<\/p>\n\n\n\n<h3 class=\"wp-block-heading\"><strong>A irrita\u00e7\u00e3o da Fran\u00e7a<\/strong><\/h3>\n\n\n\n<p>A Fran\u00e7a pode perder o equivalente a US$ 65 bilh\u00f5es de d\u00f3lares (cerca de R$ 343 bilh\u00f5es) com um acordo existente para fornecer \u00e0 Austr\u00e1lia submarinos convencionais movidos a diesel.<\/p>\n\n\n\n<p>O acordo cancelado com a Fran\u00e7a, um grande exportador global de armas, deve ter um impacto econ\u00f4mico significativo no setor de defesa franc\u00eas. A Fran\u00e7a tamb\u00e9m pode perder estrategicamente no Indo-Pac\u00edfico, onde o pa\u00eds det\u00e9m interesses significativos.<\/p>\n\n\n\n<p>Na quinta-feira (16), ap\u00f3s o an\u00fancio do acordo de submarino com propuls\u00e3o nuclear com os EUA e o Reino Unido, a Austr\u00e1lia anunciou formalmente que se retiraria de seu contrato anterior de submarinos convencionais com a Fran\u00e7a.<\/p>\n\n\n\n<p>O neg\u00f3cio com Paris estava em andamento h\u00e1 anos.<\/p>\n\n\n\n<p>A Austr\u00e1lia planejou anteriormente adquirir 12 submarinos convencionais de classe de ataque do construtor naval franc\u00eas Naval Group, que venceu com sucesso as licita\u00e7\u00f5es alem\u00e3s e japonesas em 2016.<\/p>\n\n\n\n<p>O ministro das Rela\u00e7\u00f5es Exteriores da Fran\u00e7a, Jean-Yves Le Drian, disse estar \u201czangado e desgostoso\u201d com o novo acordo de submarino da Austr\u00e1lia.<\/p>\n\n\n\n<p>\u201cIsso n\u00e3o \u00e9 algo que se faz entre aliados. \u00c9 realmente uma facada nas costas\u201d, acrescentou.<\/p>\n\n\n\n<p>O ministro das Rela\u00e7\u00f5es Exteriores da Fran\u00e7a tamb\u00e9m dirigiu palavras fortes aos EUA, dizendo: \u201cEsta decis\u00e3o brutal e unilateral se parece muito com o que Trump faz\u201d.<\/p>\n\n\n\n<p>Le Drian tamb\u00e9m divulgou um comunicado conjunto com a ministra das For\u00e7as Armadas da Fran\u00e7a, Florence Parly, na quarta-feira (15), dizendo: \u201cA escolha norte-americana de excluir um aliado e parceiro europeu como a Fran\u00e7a de uma parceria estruturante com a Austr\u00e1lia, em um momento em que enfrentamos desafios sem precedentes em a regi\u00e3o Indo-Pac\u00edfico, seja em termos de nossos valores ou em termos de respeito ao multilateralismo baseado no Estado de Direito, mostra uma falta de coer\u00eancia que a Fran\u00e7a s\u00f3 pode notar e lamentar\u201d.<\/p>\n\n\n\n<p>O chanceler disse que a decis\u00e3o da Austr\u00e1lia de se retirar do acordo com a Fran\u00e7a era \u201ccontr\u00e1ria \u00e0 letra e ao esp\u00edrito da coopera\u00e7\u00e3o que prevalecia entre a Fran\u00e7a e a Austr\u00e1lia\u201d, mas a Austr\u00e1lia sustentou que havia partes do contrato que a permitiam sair do neg\u00f3cio.<\/p>\n\n\n\n<p>A decis\u00e3o dos Estados Unidos de eliminar um de seus aliados mais fortes, a Fran\u00e7a, ocorre no momento em que pot\u00eancias globais disputam o poder no Indo-Pac\u00edfico \u2013 em grande parte contra a amea\u00e7a da China.<\/p>\n\n\n\n<p>O an\u00fancio do acordo AUKUS tamb\u00e9m veio um dia antes de a Uni\u00e3o Europeia apresentar sua estrat\u00e9gia altamente antecipada para o Indo-Pac\u00edfico.<\/p>\n\n\n\n<p>A declara\u00e7\u00e3o conjunta com Le Drian chamou a Fran\u00e7a de \u201ca \u00fanica na\u00e7\u00e3o europeia presente no Indo-Pac\u00edfico com quase dois milh\u00f5es de cidad\u00e3os e mais de 7.000 militares\u201d. Al\u00e9m disso, a declara\u00e7\u00e3o afirmou que a Fran\u00e7a \u00e9 um \u201cparceiro confi\u00e1vel que continuar\u00e1 a cumprir seus compromissos, como sempre fez\u201d. A decis\u00e3o da Austr\u00e1lia \u201crefor\u00e7a a necessidade de tornar a quest\u00e3o da autonomia estrat\u00e9gica europeia alto e bom som\u201d.<\/p>\n\n\n\n<p>O acordo do submarino tamb\u00e9m vem na esteira da retirada confusa do Afeganist\u00e3o, levando a cr\u00edticas dos aliados da Otan.<\/p>\n\n\n\n<h3 class=\"wp-block-heading\"><strong>Austr\u00e1lia e EUA veem outro lado<\/strong><\/h3>\n\n\n\n<p>Os&nbsp;<a href=\"https:\/\/www.cnn.com\/2021\/09\/16\/politics\/aukus-france-us-biden\/index.html\">norte-americanos<\/a>&nbsp;e os australianos indicaram que o governo franc\u00eas n\u00e3o foi pego de surpresa pelo descumprimento do contrato original, dizendo que altos funcion\u00e1rios franceses foram informados da decis\u00e3o pelo governo australiano.<\/p>\n\n\n\n<p>\u201cIsso foi transmitido diretamente ao presidente, diretamente ao ministro das Rela\u00e7\u00f5es Exteriores e ao ministro da Defesa\u201d, afirmou o primeiro-ministro australiano Scott Morrison na sexta-feira (17).<\/p>\n\n\n\n<p>Morrison disse que, quando se reuniu com o presidente franc\u00eas Emmanuel Macron no final de junho, \u201cdeixei muito claras \u2013 tivemos um longo jantar l\u00e1 em Paris \u2013 as nossas preocupa\u00e7\u00f5es muito significativas sobre as capacidades dos submarinos convencionais para lidar com a nova estrat\u00e9gia ambiente que enfrentamos. E deixei bem claro que esse \u00e9 um assunto que a Austr\u00e1lia precisa tomar uma decis\u00e3o em nosso interesse nacional\u201d.<\/p>\n\n\n\n<p>O ministro da Defesa da Austr\u00e1lia, Peter Dutton, disse em entrevista coletiva na quinta-feira (16) que a decis\u00e3o de escolher o submarino nuclear norte-americano em vez do submarino a diesel convencional da Fran\u00e7a \u201cse baseia no que \u00e9 do melhor interesse de nossa seguran\u00e7a nacional\u201d.<\/p>\n\n\n\n<p>Dutton argumentou que \u201cos franceses t\u00eam uma vers\u00e3o que n\u00e3o era superior \u00e0 operada pelos Estados Unidos e o Reino Unido. E, no final, a decis\u00e3o que tomamos \u00e9 baseada no que \u00e9 melhor para a nossa seguran\u00e7a nacional\u201d.<\/p>\n\n\n\n<p>O secret\u00e1rio de Estado dos EUA, Antony Blinken, tamb\u00e9m procurou minimizar a diverg\u00eancia entre os EUA e a Fran\u00e7a, enfatizando a import\u00e2ncia de Paris como \u201cum parceiro vital\u201d no Indo-Pac\u00edfico e em todo o mundo.<\/p>\n\n\n\n<p>\u201cQuero enfatizar que n\u00e3o h\u00e1 divis\u00e3o regional separando os interesses de nossos parceiros do Atl\u00e2ntico e do Pac\u00edfico\u201d, Blinken&nbsp;<a href=\"https:\/\/www.cnn.com\/2021\/09\/16\/politics\/aukus-france-us-biden\/index.html\">afirmou<\/a>&nbsp;em declara\u00e7\u00f5es no Departamento de Estado na quinta-feira (16).<\/p>\n\n\n\n<p>Blinken disse que os EUA d\u00e3o as boas-vindas aos \u201cpa\u00edses europeus que desempenham um papel importante no Indo-Pac\u00edfico\u201d, acrescentando que \u201ca Fran\u00e7a, em particular, \u00e9 um parceiro vital nesta e em muitas outras quest\u00f5es que remontam a gera\u00e7\u00f5es anteriores, e queremos encontrar todas as oportunidades para aprofundar nossa coopera\u00e7\u00e3o transatl\u00e2ntica no Indo-Pac\u00edfico e em todo o mundo\u201d.<\/p>\n\n\n\n<p><em>Jim Acosta, Angus Watson e Sugam Pokharel da CNN contribu\u00edram para esta reportagem.<\/em><\/p>\n\n\n\n<p><em>(Texto traduzido.&nbsp;<\/em><a href=\"https:\/\/edition.cnn.com\/2021\/09\/17\/politics\/france-anger-over-nuclear-powered-submarines-explained\/index.html\"><em>Clique aqui<\/em><\/a><em>&nbsp;para ler o original em ingl\u00eas).<\/em><\/p>\n","protected":false},"excerpt":{"rendered":"<p>Esfor\u00e7o para fornecer submarinos com propuls\u00e3o nuclear \u00e0 Austr\u00e1lia \u00e9 parte de uma nova parceria trilateral entre os Estados Unidos, Austr\u00e1lia e Reino Unido O governo franc\u00eas diz que foi<\/p>\n","protected":false},"author":1,"featured_media":4826,"comment_status":"closed","ping_status":"closed","sticky":false,"template":"","format":"standard","meta":[],"categories":[1],"tags":[],"_links":{"self":[{"href":"https:\/\/7ports.com.br\/index.php?rest_route=\/wp\/v2\/posts\/4825"}],"collection":[{"href":"https:\/\/7ports.com.br\/index.php?rest_route=\/wp\/v2\/posts"}],"about":[{"href":"https:\/\/7ports.com.br\/index.php?rest_route=\/wp\/v2\/types\/post"}],"author":[{"embeddable":true,"href":"https:\/\/7ports.com.br\/index.php?rest_route=\/wp\/v2\/users\/1"}],"replies":[{"embeddable":true,"href":"https:\/\/7ports.com.br\/index.php?rest_route=%2Fwp%2Fv2%2Fcomments&post=4825"}],"version-history":[{"count":1,"href":"https:\/\/7ports.com.br\/index.php?rest_route=\/wp\/v2\/posts\/4825\/revisions"}],"predecessor-version":[{"id":4827,"href":"https:\/\/7ports.com.br\/index.php?rest_route=\/wp\/v2\/posts\/4825\/revisions\/4827"}],"wp:featuredmedia":[{"embeddable":true,"href":"https:\/\/7ports.com.br\/index.php?rest_route=\/wp\/v2\/media\/4826"}],"wp:attachment":[{"href":"https:\/\/7ports.com.br\/index.php?rest_route=%2Fwp%2Fv2%2Fmedia&parent=4825"}],"wp:term":[{"taxonomy":"category","embeddable":true,"href":"https:\/\/7ports.com.br\/index.php?rest_route=%2Fwp%2Fv2%2Fcategories&post=4825"},{"taxonomy":"post_tag","embeddable":true,"href":"https:\/\/7ports.com.br\/index.php?rest_route=%2Fwp%2Fv2%2Ftags&post=4825"}],"curies":[{"name":"wp","href":"https:\/\/api.w.org\/{rel}","templated":true}]}}