
{"id":4874,"date":"2021-09-20T11:29:43","date_gmt":"2021-09-20T14:29:43","guid":{"rendered":"https:\/\/7ports.com.br\/?p=4874"},"modified":"2021-10-09T03:27:33","modified_gmt":"2021-10-09T06:27:33","slug":"vulcao-entra-em-erupcao-nas-ilhas-canarias-espanholas","status":"publish","type":"post","link":"https:\/\/7ports.com.br\/?p=4874","title":{"rendered":"Vulc\u00e3o entra em erup\u00e7\u00e3o nas Ilhas Can\u00e1rias espanholas"},"content":{"rendered":"\n<div class=\"wp-block-columns is-layout-flex wp-container-4\">\n<div class=\"wp-block-column is-layout-flow\" style=\"flex-basis:25%\"><\/div>\n\n\n\n<div class=\"wp-block-column is-layout-flow\" style=\"flex-basis:50%\">\n<p>Um vulc\u00e3o entrou em erup\u00e7\u00e3o neste domingo (19) em La Palma, uma das ilhas que comp\u00f5em o arquip\u00e9lago espanhol Ilhas Can\u00e1rias, a partir do parque Cumbre Vieja. A erup\u00e7\u00e3o foi a primeira a ocorrer em 50 anos e, at\u00e9 o momento, for\u00e7ou a retirada de 5000 pessoas.<\/p>\n\n\n\n<p>Nesta segunda-feira (20) o vulc\u00e3o continua ativo e mais de 100 casas j\u00e1 foram destru\u00eddas pela lava, que possui volume entre 17 e 20 milh\u00f5es de metros c\u00fabicos.&nbsp;<\/p>\n\n\n\n<p>Apesar dos danos materiais, n\u00e3o foi registrada nenhuma morte.&nbsp;<\/p>\n\n\n\n<p>Cogitava-se a possibilidade de forma\u00e7\u00e3o de um tsunami que poderia atingir a costa brasileira, mas a hip\u00f3tese j\u00e1 foi descartada visto que a erup\u00e7\u00e3o vulc\u00e2nica \u2014 felizmente \u2014 n\u00e3o teve a propor\u00e7\u00e3o necess\u00e1ria para causar um deslizamento de terra de porte suficiente para provocar o fen\u00f4meno.<\/p>\n\n\n\n<p><\/p>\n\n\n\n<p>*Fonte: CNN Brasil | Imagem: Desiree Martin\/AFP<\/p>\n<\/div>\n\n\n\n<div class=\"wp-block-column is-layout-flow\" style=\"flex-basis:25%\"><\/div>\n<\/div>\n","protected":false},"excerpt":{"rendered":"<p>Um vulc\u00e3o entrou em erup\u00e7\u00e3o neste domingo (19) em La Palma, uma das ilhas que comp\u00f5em o arquip\u00e9lago espanhol Ilhas Can\u00e1rias, a partir do parque Cumbre Vieja. A erup\u00e7\u00e3o foi<\/p>\n","protected":false},"author":1,"featured_media":4875,"comment_status":"open","ping_status":"closed","sticky":false,"template":"","format":"standard","meta":[],"categories":[1],"tags":[],"_links":{"self":[{"href":"https:\/\/7ports.com.br\/index.php?rest_route=\/wp\/v2\/posts\/4874"}],"collection":[{"href":"https:\/\/7ports.com.br\/index.php?rest_route=\/wp\/v2\/posts"}],"about":[{"href":"https:\/\/7ports.com.br\/index.php?rest_route=\/wp\/v2\/types\/post"}],"author":[{"embeddable":true,"href":"https:\/\/7ports.com.br\/index.php?rest_route=\/wp\/v2\/users\/1"}],"replies":[{"embeddable":true,"href":"https:\/\/7ports.com.br\/index.php?rest_route=%2Fwp%2Fv2%2Fcomments&post=4874"}],"version-history":[{"count":5,"href":"https:\/\/7ports.com.br\/index.php?rest_route=\/wp\/v2\/posts\/4874\/revisions"}],"predecessor-version":[{"id":4884,"href":"https:\/\/7ports.com.br\/index.php?rest_route=\/wp\/v2\/posts\/4874\/revisions\/4884"}],"wp:featuredmedia":[{"embeddable":true,"href":"https:\/\/7ports.com.br\/index.php?rest_route=\/wp\/v2\/media\/4875"}],"wp:attachment":[{"href":"https:\/\/7ports.com.br\/index.php?rest_route=%2Fwp%2Fv2%2Fmedia&parent=4874"}],"wp:term":[{"taxonomy":"category","embeddable":true,"href":"https:\/\/7ports.com.br\/index.php?rest_route=%2Fwp%2Fv2%2Fcategories&post=4874"},{"taxonomy":"post_tag","embeddable":true,"href":"https:\/\/7ports.com.br\/index.php?rest_route=%2Fwp%2Fv2%2Ftags&post=4874"}],"curies":[{"name":"wp","href":"https:\/\/api.w.org\/{rel}","templated":true}]}}