
{"id":5051,"date":"2021-09-24T00:35:03","date_gmt":"2021-09-24T03:35:03","guid":{"rendered":"https:\/\/7ports.com.br\/?p=5051"},"modified":"2021-09-24T18:38:47","modified_gmt":"2021-09-24T21:38:47","slug":"solucao-para-precatorios-agrada-ibovespa-sobe-129","status":"publish","type":"post","link":"https:\/\/7ports.com.br\/?p=5051","title":{"rendered":"Solu\u00e7\u00e3o para precat\u00f3rios agrada. Ibovespa sobe 1,29%"},"content":{"rendered":"\n<p><\/p>\n\n\n\n<div class=\"wp-block-columns is-layout-flex wp-container-4\">\n<div class=\"wp-block-column is-layout-flow\" style=\"flex-basis:25%\"><\/div>\n\n\n\n<div class=\"wp-block-column is-layout-flow\" style=\"flex-basis:50%\">\n<p>O governo federal tem R$ 89 bilh\u00f5es nessas d\u00edvidas para pagar em 2022. Em agosto, ent\u00e3o, Guedes veio com um plano infal\u00edvel \u2013&nbsp;mas daqueles do Cebolinha mesmo, fadados a dar ruim: pedalar as d\u00edvidas para bancar o Bolsa Fam\u00edlia mais gordo que seu chefe julga necess\u00e1rio para se reeleger.&nbsp;<\/p>\n\n\n\n<p>Isso fez acender uma luz vermelha. Por dois motivos. 1) Ficou claro que Guedes n\u00e3o tinha achado onde enfiar o novo Bolsa dentro dos do teto, que impede aumentos acima da infla\u00e7\u00e3o nos gastos p\u00fablicos de um ao para o outro, e funciona como \u00e2ncora para a credibilidade das contas p\u00fablicas desde que foi institu\u00eddo, em 2016.&nbsp;&nbsp;<\/p>\n\n\n\n<p>A sa\u00edda para o impasse foi um meio termo: Lira e Pacheco propuseram que s\u00f3 R$ 40 bilh\u00f5es dos precat\u00f3rios previstos para 2022 sejam pagos ano que vem; o pagamento dos quase R$ 50 bilh\u00f5es restantes seria adiado para 2023. Para n\u00e3o deixar que o caldo entorne l\u00e1 na frente, instituiria-se um teto anual para pagamento de precat\u00f3rios \u2013 o que n\u00e3o \u00e9 uma m\u00e1 ideia do ponto de vista da manuten\u00e7\u00e3o do controle das contas p\u00fablicas.&nbsp;<\/p>\n\n\n\n<p>O plano ainda n\u00e3o est\u00e1 pronto. O Congresso vai debat\u00ea-lo nos pr\u00f3ximos dias \u2013 Arthur Lira j\u00e1 adiantou a Comiss\u00e3o da PEC dos Precat\u00f3rios nesta tarde, e os membros dela dever\u00e3o ser escolhidos amanh\u00e3 de manh\u00e3. A ideia \u00e9 que a solu\u00e7\u00e3o esteja pronta e aprovada ainda nesta semana.<\/p>\n\n\n\n<p>O mercado gostou do que ouviu. E a rapidez com que a pauta avan\u00e7a indica alguma harmonia ente os dois poderes \u2013 algo que por si s\u00f3 j\u00e1 surpreende.<\/p>\n\n\n\n<p>O resultado foi uma alta de 1,29% no Ibovespa, com 78 das 91 a\u00e7\u00f5es do \u00edndice fechando no azul. E isso num dia que EUA ficou morno, de olho na reuni\u00e3o do Fed amanh\u00e3.<\/p>\n\n\n\n<p><strong>EUA andam de lado<\/strong><\/p>\n\n\n\n<p>Os \u00edndices americanos ficaram basicamente zerados hoje (S&amp;P 500 em -0,08%) ap\u00f3s a sangria generalizada na segunda-feira, com o medo do efeito Evergrande.&nbsp;<\/p>\n\n\n\n<p>Os mercados come\u00e7am a reavaliar se n\u00e3o exageraram no temor de que uma eventual fal\u00eancia da empresa possa criar um efeito domin\u00f3 no mercado chin\u00eas e global, como aconteceu em 2008 a partir da fal\u00eancia do banco Lehman Brothers, nos EUA.<\/p>\n\n\n\n<p>Hoje, a economista-chefe da OCDE, Laurence Boone,&nbsp;<a href=\"https:\/\/www.bloomberg.com\/news\/articles\/2021-09-21\/oecd-s-boone-isn-t-overly-worried-about-evergrande-contagion\" target=\"_blank\" rel=\"noreferrer noopener\">acalmou&nbsp;<\/a>os \u00e2nimos dos mercados ao avaliar que o risco de cont\u00e1gio numa escala global \u00e9 baixo, embora a organiza\u00e7\u00e3o ainda esteja \u201cmonitorando o problema\u201d.&nbsp;<\/p>\n\n\n\n<p>Grande parte da cautela dos mercados se deve ao sil\u00eancio do governo chin\u00eas. Ainda n\u00e3o se sabe se o Partido Comunista est\u00e1 disposto a intervir, embora seja prov\u00e1vel que isso aconte\u00e7a. A Evergrande, afinal, \u00e9 mais do que uma construtora bilion\u00e1ria. \u00c9 um conglomerado que tem hospital, f\u00e1brica de carro el\u00e9trico, banco, gravadora de m\u00fasica. Uma zona para os padr\u00f5es ocidentais (e que ajuda a explicar onde foi que ela arrumou US$ 300 bilh\u00f5es em d\u00edvidas).&nbsp;&nbsp;&nbsp;<\/p>\n\n\n\n<p>Com tudo isso, a Evergrande \u00e9 respons\u00e1vel por 2,2% do PIB Chin\u00eas. Logo, analistas acreditam que ela deva ser fatiada, e ao menos parcialmente estatizada.&nbsp;<\/p>\n\n\n\n<p>O Citigroup, por exemplo, concluiu que \u201cPequim tomar\u00e1 medidas para evitar que a crise de Evergrande se torne um &#8216;Lehman&#8217; para o pa\u00eds\u201d.<\/p>\n\n\n\n<p>De qualquer forma, se Wall Street come\u00e7ou o dia se afastando do temor Evergrande, um outro fator levou os investidores \u00e0 cautela: a ata do Fed, que sai amanh\u00e3. \u00c9 prov\u00e1vel que o Banco Central americano finalmente anuncie quando vai come\u00e7ar a retirar est\u00edmulos da economia americana. Isso fez com que os principais \u00edndices americanos flutuassem entre leves altas e leves baixas ao longo do dia e fechassem mornos.&nbsp;<\/p>\n\n\n\n<p>Amanh\u00e3, diga-se, \u00e9 uma \u201csuper quarta\u201d: quando tanto o Fed quando o nosso Banco Central se re\u00fanem e anunciam suas pol\u00edticas monet\u00e1rias \u2013 que costumam ser dias agitados nas bolsas. Aqui, a expectativa \u00e9 de alta de 1 ponto percentual na Selic, a 6,25% ao ano. A ver.<\/p>\n<\/div>\n\n\n\n<div class=\"wp-block-column is-layout-flow\" style=\"flex-basis:25%\"><\/div>\n<\/div>\n","protected":false},"excerpt":{"rendered":"<p>O governo federal tem R$ 89 bilh\u00f5es nessas d\u00edvidas para pagar em 2022. Em agosto, ent\u00e3o, Guedes veio com um plano infal\u00edvel \u2013&nbsp;mas daqueles do Cebolinha mesmo, fadados a dar<\/p>\n","protected":false},"author":1,"featured_media":5052,"comment_status":"closed","ping_status":"closed","sticky":false,"template":"","format":"standard","meta":[],"categories":[1],"tags":[],"_links":{"self":[{"href":"https:\/\/7ports.com.br\/index.php?rest_route=\/wp\/v2\/posts\/5051"}],"collection":[{"href":"https:\/\/7ports.com.br\/index.php?rest_route=\/wp\/v2\/posts"}],"about":[{"href":"https:\/\/7ports.com.br\/index.php?rest_route=\/wp\/v2\/types\/post"}],"author":[{"embeddable":true,"href":"https:\/\/7ports.com.br\/index.php?rest_route=\/wp\/v2\/users\/1"}],"replies":[{"embeddable":true,"href":"https:\/\/7ports.com.br\/index.php?rest_route=%2Fwp%2Fv2%2Fcomments&post=5051"}],"version-history":[{"count":2,"href":"https:\/\/7ports.com.br\/index.php?rest_route=\/wp\/v2\/posts\/5051\/revisions"}],"predecessor-version":[{"id":5056,"href":"https:\/\/7ports.com.br\/index.php?rest_route=\/wp\/v2\/posts\/5051\/revisions\/5056"}],"wp:featuredmedia":[{"embeddable":true,"href":"https:\/\/7ports.com.br\/index.php?rest_route=\/wp\/v2\/media\/5052"}],"wp:attachment":[{"href":"https:\/\/7ports.com.br\/index.php?rest_route=%2Fwp%2Fv2%2Fmedia&parent=5051"}],"wp:term":[{"taxonomy":"category","embeddable":true,"href":"https:\/\/7ports.com.br\/index.php?rest_route=%2Fwp%2Fv2%2Fcategories&post=5051"},{"taxonomy":"post_tag","embeddable":true,"href":"https:\/\/7ports.com.br\/index.php?rest_route=%2Fwp%2Fv2%2Ftags&post=5051"}],"curies":[{"name":"wp","href":"https:\/\/api.w.org\/{rel}","templated":true}]}}