
{"id":5061,"date":"2021-09-24T08:18:53","date_gmt":"2021-09-24T11:18:53","guid":{"rendered":"https:\/\/7ports.com.br\/?p=5061"},"modified":"2022-02-07T12:37:17","modified_gmt":"2022-02-07T15:37:17","slug":"prefeitura-de-sao-paulo-autoriza-a-volta-do-publico-aos-estadios-em-outubro","status":"publish","type":"post","link":"https:\/\/7ports.com.br\/?p=5061","title":{"rendered":"Governo de S\u00e3o Paulo autoriza a volta do p\u00fablico aos est\u00e1dios em outubro"},"content":{"rendered":"\n<div class=\"wp-block-columns is-layout-flex wp-container-4\">\n<div class=\"wp-block-column is-layout-flow\" style=\"flex-basis:25%\"><\/div>\n\n\n\n<div class=\"wp-block-column is-layout-flow\" style=\"flex-basis:50%\">\n<p>A partir de 4 de outubro, os est\u00e1dios de S\u00e3o Paulo voltar\u00e3o a ter p\u00fablico para partidas de futebol, de acordo com informa\u00e7\u00f5es do governador Jo\u00e3o D\u00f3ria. A decis\u00e3o chega em um momento em que dados atestam que a maioria da popula\u00e7\u00e3o do estado j\u00e1 est\u00e1 vacinada, mais precisamente, 52,68% dos habitantes.<\/p>\n\n\n\n<p>O retorno, todavia, ser\u00e1 de forma gradual: no dia 4 ser\u00e1 permitida a ocupa\u00e7\u00e3o de 30% por setor, em 15 de outubro 50% e no dia 1\u00ba de novembro 100% de ocupa\u00e7\u00e3o.<\/p>\n\n\n\n<p>A entrada ser\u00e1 liberada mediante comprova\u00e7\u00e3o do esquema vacinal completo, ou seja, para aqueles que tomaram as duas duas doses \u2014 ou a dose \u00fanica \u2014 da vacina.<\/p>\n\n\n\n<p>Para quem tiver recebido apenas a primeira dose, ser\u00e1 necess\u00e1rio apresentar teste com ant\u00edgeno at\u00e9 24 horas antes da partida e PCR em at\u00e9 48 horas.&nbsp;<\/p>\n\n\n\n<p>As meninas de preven\u00e7\u00e3o e normas sanit\u00e1rias permanecer\u00e3o em vigor nos est\u00e1dios e o uso de m\u00e1scara ser\u00e1 obrigat\u00f3rio.<\/p>\n\n\n\n<p>*Fonte: G1 | Imagem: Globo Esporte<\/p>\n<\/div>\n\n\n\n<div class=\"wp-block-column is-layout-flow\" style=\"flex-basis:25%\"><\/div>\n<\/div>\n","protected":false},"excerpt":{"rendered":"<p>A partir de 4 de outubro, os est\u00e1dios de S\u00e3o Paulo voltar\u00e3o a ter p\u00fablico para partidas de futebol, de acordo com informa\u00e7\u00f5es do governador Jo\u00e3o D\u00f3ria. A decis\u00e3o chega<\/p>\n","protected":false},"author":1,"featured_media":5062,"comment_status":"closed","ping_status":"closed","sticky":false,"template":"","format":"standard","meta":[],"categories":[1],"tags":[],"_links":{"self":[{"href":"https:\/\/7ports.com.br\/index.php?rest_route=\/wp\/v2\/posts\/5061"}],"collection":[{"href":"https:\/\/7ports.com.br\/index.php?rest_route=\/wp\/v2\/posts"}],"about":[{"href":"https:\/\/7ports.com.br\/index.php?rest_route=\/wp\/v2\/types\/post"}],"author":[{"embeddable":true,"href":"https:\/\/7ports.com.br\/index.php?rest_route=\/wp\/v2\/users\/1"}],"replies":[{"embeddable":true,"href":"https:\/\/7ports.com.br\/index.php?rest_route=%2Fwp%2Fv2%2Fcomments&post=5061"}],"version-history":[{"count":2,"href":"https:\/\/7ports.com.br\/index.php?rest_route=\/wp\/v2\/posts\/5061\/revisions"}],"predecessor-version":[{"id":5064,"href":"https:\/\/7ports.com.br\/index.php?rest_route=\/wp\/v2\/posts\/5061\/revisions\/5064"}],"wp:featuredmedia":[{"embeddable":true,"href":"https:\/\/7ports.com.br\/index.php?rest_route=\/wp\/v2\/media\/5062"}],"wp:attachment":[{"href":"https:\/\/7ports.com.br\/index.php?rest_route=%2Fwp%2Fv2%2Fmedia&parent=5061"}],"wp:term":[{"taxonomy":"category","embeddable":true,"href":"https:\/\/7ports.com.br\/index.php?rest_route=%2Fwp%2Fv2%2Fcategories&post=5061"},{"taxonomy":"post_tag","embeddable":true,"href":"https:\/\/7ports.com.br\/index.php?rest_route=%2Fwp%2Fv2%2Ftags&post=5061"}],"curies":[{"name":"wp","href":"https:\/\/api.w.org\/{rel}","templated":true}]}}