
{"id":5106,"date":"2021-09-28T06:32:36","date_gmt":"2021-09-28T09:32:36","guid":{"rendered":"https:\/\/7ports.com.br\/?p=5106"},"modified":"2021-10-09T03:20:27","modified_gmt":"2021-10-09T06:20:27","slug":"tempestade-de-areia-assusta-moradores-de-sp","status":"publish","type":"post","link":"https:\/\/7ports.com.br\/?p=5106","title":{"rendered":"Tempestade de Areia assusta moradores de SP"},"content":{"rendered":"\n<pre class=\"wp-block-preformatted\">A tempestade de areia que passou por munic\u00edpios do interior de S\u00e3o Paulo e algumas cidades de Minas Gerais que fazem fronteira com o Estado no domingo (26\/9), assustando moradores e transformando o dia em noite, \u00e9 um fen\u00f4meno natural, por\u00e9m incomum no Brasil.\n\nA meteorologista Estael Sias, da MetSul, explica que a cena \u00e9 comum em pa\u00edses da \u00c1sia, onde \u00e9 conhecida como \"haboob\". Esse fen\u00f4meno, causado por temporais de chuva com ventos fortes que, ao entrarem em contato com o solo seco, encontram resqu\u00edcios de queimada, poeira e vegeta\u00e7\u00e3o, acaba criando um \"rolo compressor\" de sujeira que pode chegar a at\u00e9 10 quil\u00f4metros de altura.\n\nTempestade de areia atinge interior de S\u00e3o Paulo\nMoradores registraram em v\u00eddeos cidades como Presidente Prudente, Franca, Jales, Ara\u00e7atuba, Barretos e Ara\u00e7atuba tomadas por um vendaval e nuvem de poeira \u2014 Foto: Reprodu\u00e7\u00e3o \/ Redes sociais\nTempestade de areia atinge interior de S\u00e3o Paulo \u2014 Foto: Reprodu\u00e7\u00e3o \/ Redes sociais\n8 fotos\nTempestade de areia atinge interior de S\u00e3o Paulo \u2014 Foto: Reprodu\u00e7\u00e3o \/ Redes sociais\nNo interior de S\u00e3o Paulo, moradores relataram espanto nas redes sociais quando nuvem transformou o dia em noite\nSegundo a meteorologista do Instituto Nacional de Meteorologia (Inmet) Andrea Ramos, os dias secos e quentes favoreceram a tempestade de areia.\n\n\u201cEst\u00e1vamos com dias muito quentes e secos, o que favoreceu as rajadas de vento que, segundo o aeroporto local de Ribeir\u00e3o Preto, chegou a 92 km\/h. A rajada de vento provocou a expuls\u00e3o da poeira do ch\u00e3o e a onda de calor favoreceu o aquecimento, com umidades abaixo de 20%. Ent\u00e3o, todo esse ambiente favoreceu esse fen\u00f4meno, quando h\u00e1 o desenvolvimento vertical em que a poeira sai do solo e gera essa tempestade de areia\", explicou Andrea.\n\n\n\"E teve chuva, quando passou a tempestade de areia foram registrados v\u00e1rios pontos de chuva, n\u00e3o s\u00f3 em S\u00e3o Paulo como em Minas Gerais\u201d, acrescentou a meteorologista.\n\n\n\nA meteorologista informou que n\u00e3o h\u00e1 previs\u00e3o para que o fen\u00f4meno se repita nos pr\u00f3ximos dias. \u201cPara os pr\u00f3ximos dias a previs\u00e3o \u00e9 de chuva, principalmente em outubro, considerado um m\u00eas chuvoso, n\u00e3o haver\u00e1 ambiente que favore\u00e7a esse fen\u00f4meno novamente\u201d, refor\u00e7ou.\n\n* Com informa\u00e7\u00f5es da Ag\u00eancia Brasil<\/pre>\n","protected":false},"excerpt":{"rendered":"<p>A tempestade de areia que passou por munic\u00edpios do interior de S\u00e3o Paulo e algumas cidades de Minas Gerais que fazem fronteira com o Estado no domingo (26\/9), assustando moradores<\/p>\n","protected":false},"author":1,"featured_media":5107,"comment_status":"closed","ping_status":"closed","sticky":false,"template":"","format":"standard","meta":[],"categories":[1],"tags":[],"_links":{"self":[{"href":"https:\/\/7ports.com.br\/index.php?rest_route=\/wp\/v2\/posts\/5106"}],"collection":[{"href":"https:\/\/7ports.com.br\/index.php?rest_route=\/wp\/v2\/posts"}],"about":[{"href":"https:\/\/7ports.com.br\/index.php?rest_route=\/wp\/v2\/types\/post"}],"author":[{"embeddable":true,"href":"https:\/\/7ports.com.br\/index.php?rest_route=\/wp\/v2\/users\/1"}],"replies":[{"embeddable":true,"href":"https:\/\/7ports.com.br\/index.php?rest_route=%2Fwp%2Fv2%2Fcomments&post=5106"}],"version-history":[{"count":4,"href":"https:\/\/7ports.com.br\/index.php?rest_route=\/wp\/v2\/posts\/5106\/revisions"}],"predecessor-version":[{"id":5113,"href":"https:\/\/7ports.com.br\/index.php?rest_route=\/wp\/v2\/posts\/5106\/revisions\/5113"}],"wp:featuredmedia":[{"embeddable":true,"href":"https:\/\/7ports.com.br\/index.php?rest_route=\/wp\/v2\/media\/5107"}],"wp:attachment":[{"href":"https:\/\/7ports.com.br\/index.php?rest_route=%2Fwp%2Fv2%2Fmedia&parent=5106"}],"wp:term":[{"taxonomy":"category","embeddable":true,"href":"https:\/\/7ports.com.br\/index.php?rest_route=%2Fwp%2Fv2%2Fcategories&post=5106"},{"taxonomy":"post_tag","embeddable":true,"href":"https:\/\/7ports.com.br\/index.php?rest_route=%2Fwp%2Fv2%2Ftags&post=5106"}],"curies":[{"name":"wp","href":"https:\/\/api.w.org\/{rel}","templated":true}]}}