
{"id":5138,"date":"2021-09-29T05:03:09","date_gmt":"2021-09-29T08:03:09","guid":{"rendered":"https:\/\/7ports.com.br\/?p=5138"},"modified":"2021-09-29T13:59:53","modified_gmt":"2021-09-29T16:59:53","slug":"5138","status":"publish","type":"post","link":"https:\/\/7ports.com.br\/?p=5138","title":{"rendered":"Conceito de Filosofia Pol\u00edtica"},"content":{"rendered":"\n<p><a href=\"https:\/\/conceitos.com\/\">Conceito<\/a>&nbsp;\u00bb&nbsp;<a href=\"https:\/\/conceitos.com\/category\/politica\/\">Pol\u00edtica<\/a>&nbsp;\u00bb&nbsp;<a href=\"https:\/\/conceitos.com\/filosofia-politica\/\">Filosofia Pol\u00edtica<\/a><\/p>\n\n\n\n<div class=\"wp-block-columns is-layout-flex wp-container-4\">\n<div class=\"wp-block-column is-layout-flow\" style=\"flex-basis:25%\"><\/div>\n\n\n\n<div class=\"wp-block-column is-layout-flow\" style=\"flex-basis:50%\">\n<p>Existem diversas aplica\u00e7\u00f5es da filosofia. A filosofia&nbsp;<a href=\"https:\/\/conceitos.com\/politica\/\">pol\u00edtica<\/a>&nbsp;\u00e9 o ramo que foca a an\u00e1lise do conte\u00fado pol\u00edtico, colocando um ponto de aten\u00e7\u00e3o \u00e0s boas pr\u00e1ticas profissionais.<\/p>\n\n\n\n<p>Neste contexto, esta&nbsp;<a href=\"https:\/\/conceitos.com\/disciplina\/\">disciplina<\/a>&nbsp;reflete sobre os seus princ\u00edpios essenciais como um exerc\u00edcio de poder, a \u00e9tica que deve acompanhar a pr\u00e1tica pol\u00edtica, a&nbsp;<a href=\"https:\/\/conceitos.com\/liberdade\/\">liberdade<\/a>&nbsp;na tomada de decis\u00f5es, as diferentes formas de tipos de governo e os tipos de&nbsp;<a href=\"https:\/\/conceitos.com\/sociedade\/\">sociedade<\/a>.<\/p>\n\n\n\n<h3 class=\"wp-block-heading\">Origem da filosofia pol\u00edtica<\/h3>\n\n\n\n<p>Plat\u00e3o e Arist\u00f3teles foram pensadores muito importantes para estabelecer as bases da filosofia pol\u00edtica. Os fil\u00f3sofos gregos observaram a filosofia como um conhecimento de sabedoria fundamental para praticar a pol\u00edtica como um instrumento baseado na virtude que favorece o bem&nbsp;<a href=\"https:\/\/conceitos.com\/social\/\">social<\/a>. A filosofia pol\u00edtica tamb\u00e9m reflete sobre um tema t\u00e3o importante como a corrup\u00e7\u00e3o pol\u00edtica que pode ser resultado do exerc\u00edcio de poder mal-entendido.<\/p>\n\n\n\n<h3 class=\"wp-block-heading\">A filosofia pol\u00edtica abrange o estudo de fen\u00f4menos pol\u00edticos a partir de uma vis\u00e3o anal\u00edtica, racional e objetiva<\/h3>\n\n\n\n<p>Tamb\u00e9m, reflete sobre os benef\u00edcios e as desvantagens dos diferentes regimes pol\u00edticos, do crit\u00e9rio de&nbsp;<a href=\"https:\/\/conceitos.com\/justica\/\">justi\u00e7a<\/a>&nbsp;e da import\u00e2ncia dos direitos sociais como um pilar fundamental do trabalho pol\u00edtico.<\/p>\n\n\n\n<p>A filosofia pol\u00edtica tamb\u00e9m faz parte do exerc\u00edcio de governo da polis, ou seja, do homem em comunidade. A pol\u00edtica parte tamb\u00e9m da diferen\u00e7a entre o p\u00fablico e o privado. Neste contexto, a pol\u00edtica promove a justi\u00e7a, analisa os direitos e os deveres dos cidad\u00e3os.<\/p>\n\n\n\n<p>Existem alguns conceitos fundamentais da filosofia pol\u00edtica: o&nbsp;<a href=\"https:\/\/conceitos.com\/estado\/\">estado<\/a>&nbsp;de direito. Esta filosofia pol\u00edtica tamb\u00e9m reflete sobre o princ\u00edpio das diferentes institui\u00e7\u00f5es sociais e de suas normas regidas.<\/p>\n\n\n\n<h3 class=\"wp-block-heading\">Fil\u00f3sofos pol\u00edticos<\/h3>\n\n\n\n<p>Existem grandes fil\u00f3sofos pol\u00edticos que marcaram a hist\u00f3ria. Conf\u00facio foi um dos primeiros pensadores a colocar em pr\u00e1tica o trabalho \u00e9tico atrav\u00e9s da pol\u00edtica. Tom\u00e1s de Aquino tamb\u00e9m refletiu sobre como os seres humanos poderiam realizar um bom governo atrav\u00e9s da pr\u00e1tica da virtude. Nicolau Maquiavel foi um especialista no&nbsp;<a href=\"https:\/\/conceitos.com\/estudo\/\">estudo<\/a>&nbsp;do poder e do direito. Thomas Hobbes foi o&nbsp;<a href=\"https:\/\/conceitos.com\/filosofo\/\">fil\u00f3sofo<\/a>&nbsp;que refletiu sobre o contrato social como o eixo do poder dos governadores.<\/p>\n\n\n\n<p>A filosofia pol\u00edtica \u00e9 um valor fundamental para que o poder seja exercido em benef\u00edcio e felicidade da sociedade devido ao exemplo dos seus governantes. A democracia \u00e9 a forma de governo mais valorizada, dando poder ao povo atrav\u00e9s do direito ao voto.<\/p>\n\n\n\n<p>Imagem: Fotolia. nuvolanevicata<\/p>\n\n\n\n<h3 class=\"wp-block-heading\"><strong>Relacionados:<\/strong><\/h3>\n\n\n\n<ol><li><a href=\"https:\/\/conceitos.com\/politologia-politologos\/\">Politologia-Polit\u00f3logos<\/a><\/li><li><a href=\"https:\/\/conceitos.com\/cleptocracia\/\">Cleptocracia<\/a><\/li><li><a href=\"https:\/\/conceitos.com\/filosofia-educacao\/\">Filosofia da Educa\u00e7\u00e3o<\/a><\/li><li><a href=\"https:\/\/conceitos.com\/filosofia-oriental\/\">Filosofia Oriental<\/a><\/li><li><a href=\"https:\/\/conceitos.com\/espanto\/\">Espanto<\/a><\/li><li><a href=\"https:\/\/conceitos.com\/filosofia-de-vida\/\">Filosofia de Vida<\/a><\/li><li><a href=\"https:\/\/conceitos.com\/filosofia-antiga\/\">Filosofia Antiga<\/a><\/li><li><a href=\"https:\/\/conceitos.com\/contrato-social\/\">Contrato Social<\/a><\/li><li><a href=\"https:\/\/conceitos.com\/representacao-politica\/\">Representa\u00e7\u00e3o Pol\u00edtica<\/a><\/li><li><a href=\"https:\/\/conceitos.com\/clemencia\/\">Clem\u00eancia<\/a><\/li><\/ol>\n<\/div>\n\n\n\n<div class=\"wp-block-column is-layout-flow\" style=\"flex-basis:25%\"><\/div>\n<\/div>\n","protected":false},"excerpt":{"rendered":"<p>Conceito&nbsp;\u00bb&nbsp;Pol\u00edtica&nbsp;\u00bb&nbsp;Filosofia Pol\u00edtica Existem diversas aplica\u00e7\u00f5es da filosofia. A filosofia&nbsp;pol\u00edtica&nbsp;\u00e9 o ramo que foca a an\u00e1lise do conte\u00fado pol\u00edtico, colocando um ponto de aten\u00e7\u00e3o \u00e0s boas pr\u00e1ticas profissionais. Neste contexto, esta&nbsp;disciplina&nbsp;reflete<\/p>\n","protected":false},"author":1,"featured_media":5139,"comment_status":"closed","ping_status":"closed","sticky":false,"template":"","format":"standard","meta":[],"categories":[1],"tags":[],"_links":{"self":[{"href":"https:\/\/7ports.com.br\/index.php?rest_route=\/wp\/v2\/posts\/5138"}],"collection":[{"href":"https:\/\/7ports.com.br\/index.php?rest_route=\/wp\/v2\/posts"}],"about":[{"href":"https:\/\/7ports.com.br\/index.php?rest_route=\/wp\/v2\/types\/post"}],"author":[{"embeddable":true,"href":"https:\/\/7ports.com.br\/index.php?rest_route=\/wp\/v2\/users\/1"}],"replies":[{"embeddable":true,"href":"https:\/\/7ports.com.br\/index.php?rest_route=%2Fwp%2Fv2%2Fcomments&post=5138"}],"version-history":[{"count":4,"href":"https:\/\/7ports.com.br\/index.php?rest_route=\/wp\/v2\/posts\/5138\/revisions"}],"predecessor-version":[{"id":5189,"href":"https:\/\/7ports.com.br\/index.php?rest_route=\/wp\/v2\/posts\/5138\/revisions\/5189"}],"wp:featuredmedia":[{"embeddable":true,"href":"https:\/\/7ports.com.br\/index.php?rest_route=\/wp\/v2\/media\/5139"}],"wp:attachment":[{"href":"https:\/\/7ports.com.br\/index.php?rest_route=%2Fwp%2Fv2%2Fmedia&parent=5138"}],"wp:term":[{"taxonomy":"category","embeddable":true,"href":"https:\/\/7ports.com.br\/index.php?rest_route=%2Fwp%2Fv2%2Fcategories&post=5138"},{"taxonomy":"post_tag","embeddable":true,"href":"https:\/\/7ports.com.br\/index.php?rest_route=%2Fwp%2Fv2%2Ftags&post=5138"}],"curies":[{"name":"wp","href":"https:\/\/api.w.org\/{rel}","templated":true}]}}