
{"id":5172,"date":"2021-09-29T06:51:09","date_gmt":"2021-09-29T09:51:09","guid":{"rendered":"https:\/\/7ports.com.br\/?p=5172"},"modified":"2021-10-09T03:14:36","modified_gmt":"2021-10-09T06:14:36","slug":"senado-vota-projeto-que-torna-cpf-unico-numero-de-identificacao","status":"publish","type":"post","link":"https:\/\/7ports.com.br\/?p=5172","title":{"rendered":"Senado vota projeto que torna CPF \u00fanico n\u00famero de identifica\u00e7\u00e3o"},"content":{"rendered":"\n<div class=\"wp-block-columns is-layout-flex wp-container-4\">\n<div class=\"wp-block-column is-layout-flow\" style=\"flex-basis:25%\"><\/div>\n\n\n\n<div class=\"wp-block-column is-layout-flow\" style=\"flex-basis:50%\">\n<p id=\"block-4ca8b4ed-1ce9-4f85-89ef-98e42b76e9b8\">O Senado aprovou nesta ter\u00e7a-feira (28), em vota\u00e7\u00e3o simb\u00f3lica, o projeto de lei que estabelece que o Cadastro de Pessoas F\u00edsicas (CPF) ser\u00e1 o \u201cn\u00famero \u00fanico e suficiente\u201d para identifica\u00e7\u00e3o do cidad\u00e3o em todos os bancos de dados do poder p\u00fablico. O relator do projeto, senador Esperidi\u00e3o Amin (PP-SC), acatou duas emendas apresentadas ao texto e, com a mudan\u00e7a, o texto retorna \u00e0 C\u00e2mara dos Deputados para nova an\u00e1lise.<img decoding=\"async\" src=\"https:\/\/agenciabrasil.ebc.com.br\/ebc.png?id=1422898&amp;o=node\"><img decoding=\"async\" src=\"https:\/\/agenciabrasil.ebc.com.br\/ebc.gif?id=1422898&amp;o=node\"><\/p>\n\n\n\n<p id=\"block-a5930e9e-d2e3-4e42-bb44-35ec0f78aab8\">Amim explicou que o projeto n\u00e3o invalida os demais documentos de identifica\u00e7\u00e3o. \u201cO objetivo da proposi\u00e7\u00e3o \u00e9 estabelecer um \u00fanico n\u00famero ao cidad\u00e3o para que ele possa ter acesso aos seus prontu\u00e1rios no SUS [Sistema \u00danico de Sa\u00fade]; aos sistemas de assist\u00eancia e previd\u00eancia social, tais como Bolsa Fam\u00edlia, Benef\u00edcio de Presta\u00e7\u00e3o Continuada e registros no INSS; \u00e0s informa\u00e7\u00f5es fiscais e tribut\u00e1rias; ao exerc\u00edcio das obriga\u00e7\u00f5es pol\u00edticas, como alistamento eleitoral e voto\u201d, disse.<\/p>\n\n\n\n<p id=\"block-85c10ac4-5ebc-4427-beeb-24e86dbd63dc\">Pelo texto aprovado no Senado, o n\u00famero de inscri\u00e7\u00e3o no CPF dever\u00e1 constar nos cadastros e nos documentos de \u00f3rg\u00e3os p\u00fablicos, no registro civil de pessoas naturais ou nos conselhos profissionais, como certid\u00f5es de nascimento, casamento ou \u00f3bito; no Documento Nacional de Identifica\u00e7\u00e3o (DNI); no N\u00famero de Identifica\u00e7\u00e3o do Trabalhador (NIT); no registro no Programa de Integra\u00e7\u00e3o Social (PIS) ou no Programa de Forma\u00e7\u00e3o do Patrim\u00f4nio do Servidor P\u00fablico (Pasep); no Cart\u00e3o Nacional de Sa\u00fade; no t\u00edtulo de eleitor; na Carteira de Trabalho e Previd\u00eancia Social (CTPS); na Carteira Nacional de Habilita\u00e7\u00e3o (CNH); no certificado militar; na carteira profissional; e em \u201coutros certificados de registro e n\u00fameros de inscri\u00e7\u00e3o existentes em bases de dados p\u00fablicas federais, estaduais, distritais e municipais\u201d.<\/p>\n\n\n\n<p id=\"block-7c88e194-8f82-4bf0-be08-4980ebf832a3\">Os novos documentos emitidos ou reemitidos por \u00f3rg\u00e3os p\u00fablicos ou por conselhos profissionais ter\u00e3o como n\u00famero de identifica\u00e7\u00e3o o mesmo n\u00famero de inscri\u00e7\u00e3o no CPF. O projeto determina que, para ter acesso a informa\u00e7\u00f5es e servi\u00e7os, para o exerc\u00edcio de direitos e obriga\u00e7\u00f5es ou para a obten\u00e7\u00e3o de benef\u00edcios perante os \u00f3rg\u00e3os e as entidades federais, estaduais, distritais e municipais ou servi\u00e7os p\u00fablicos delegados, o cidad\u00e3o ter\u00e1 que apresentar apenas o CPF, ou outro documento que contenha o n\u00famero de seu CPF, \u201cdispensada a apresenta\u00e7\u00e3o de qualquer outro documento\u201d. O mesmo valer\u00e1 para cadastros, formul\u00e1rios, sistemas e outros instrumentos exigidos dos usu\u00e1rios para a presta\u00e7\u00e3o de servi\u00e7o p\u00fablico.<\/p>\n\n\n\n<p id=\"block-3bf9a45e-55c5-4615-9a44-f4d0eb511132\">O relator retirou do texto, ao acatar emenda de senadores, a previs\u00e3o de que estados, munic\u00edpios e Distrito Federal poderiam exigir outros n\u00fameros do cidad\u00e3o em casos excepcionais.&nbsp;<\/p>\n\n\n\n<p id=\"block-63b45fb2-07a9-4714-83cb-441c128b856a\"><em>* Com informa\u00e7\u00f5es da Ag\u00eancia Senado<\/em><\/p>\n<\/div>\n\n\n\n<div class=\"wp-block-column is-layout-flow\" style=\"flex-basis:25%\"><\/div>\n<\/div>\n","protected":false},"excerpt":{"rendered":"<p>O Senado aprovou nesta ter\u00e7a-feira (28), em vota\u00e7\u00e3o simb\u00f3lica, o projeto de lei que estabelece que o Cadastro de Pessoas F\u00edsicas (CPF) ser\u00e1 o \u201cn\u00famero \u00fanico e suficiente\u201d para identifica\u00e7\u00e3o<\/p>\n","protected":false},"author":1,"featured_media":5174,"comment_status":"closed","ping_status":"closed","sticky":false,"template":"","format":"standard","meta":[],"categories":[1],"tags":[],"_links":{"self":[{"href":"https:\/\/7ports.com.br\/index.php?rest_route=\/wp\/v2\/posts\/5172"}],"collection":[{"href":"https:\/\/7ports.com.br\/index.php?rest_route=\/wp\/v2\/posts"}],"about":[{"href":"https:\/\/7ports.com.br\/index.php?rest_route=\/wp\/v2\/types\/post"}],"author":[{"embeddable":true,"href":"https:\/\/7ports.com.br\/index.php?rest_route=\/wp\/v2\/users\/1"}],"replies":[{"embeddable":true,"href":"https:\/\/7ports.com.br\/index.php?rest_route=%2Fwp%2Fv2%2Fcomments&post=5172"}],"version-history":[{"count":2,"href":"https:\/\/7ports.com.br\/index.php?rest_route=\/wp\/v2\/posts\/5172\/revisions"}],"predecessor-version":[{"id":5182,"href":"https:\/\/7ports.com.br\/index.php?rest_route=\/wp\/v2\/posts\/5172\/revisions\/5182"}],"wp:featuredmedia":[{"embeddable":true,"href":"https:\/\/7ports.com.br\/index.php?rest_route=\/wp\/v2\/media\/5174"}],"wp:attachment":[{"href":"https:\/\/7ports.com.br\/index.php?rest_route=%2Fwp%2Fv2%2Fmedia&parent=5172"}],"wp:term":[{"taxonomy":"category","embeddable":true,"href":"https:\/\/7ports.com.br\/index.php?rest_route=%2Fwp%2Fv2%2Fcategories&post=5172"},{"taxonomy":"post_tag","embeddable":true,"href":"https:\/\/7ports.com.br\/index.php?rest_route=%2Fwp%2Fv2%2Ftags&post=5172"}],"curies":[{"name":"wp","href":"https:\/\/api.w.org\/{rel}","templated":true}]}}