
{"id":5203,"date":"2021-09-30T07:00:58","date_gmt":"2021-09-30T10:00:58","guid":{"rendered":"https:\/\/7ports.com.br\/?p=5203"},"modified":"2021-10-09T03:13:40","modified_gmt":"2021-10-09T06:13:40","slug":"lava-do-vulcao-cumbre-vieja-chega-ao-mar-apos-quase-10-dias-veja-os-videos","status":"publish","type":"post","link":"https:\/\/7ports.com.br\/?p=5203","title":{"rendered":"Lava do vulc\u00e3o Cumbre Vieja chega ao mar ap\u00f3s quase 10 dias: veja os v\u00eddeos"},"content":{"rendered":"\n<div class=\"wp-block-columns is-layout-flex wp-container-4\">\n<div class=\"wp-block-column is-layout-flow\" style=\"flex-basis:25%\"><\/div>\n\n\n\n<div class=\"wp-block-column is-layout-flow\" style=\"flex-basis:50%\">\n<p>Novas imagens divulgadas nesta quarta-feira (29) mostram com mais proximidade e detalhes a lava do vulc\u00e3o Cumbre Vieja em contato com a \u00e1gua do Oceano Atl\u00e2ntico, nas Ilhas Can\u00e1rias.\u00a0<\/p>\n\n\n\n<p><\/p>\n\n\n\n<p>Assista aos v\u00eddeos: <a href=\"https:\/\/g1.globo.com\/mundo\/video\/novas-imagens-mostram-detalhes-da-queda-da-lava-no-mar-nas-canarias-9904459.ghtml\">V\u00eddeo da erup\u00e7\u00e3o do Cumbre Vieja <\/a> e <a href=\"https:\/\/g1.globo.com\/mundo\/video\/lava-de-vulcao-atinge-o-mar-nas-canarias-e-libera-gases-toxicos-no-ar-veja-video-9902190.ghtml\">V\u00eddeo da chegada da lava ao mar.<\/a><\/p>\n\n\n\n<p><\/p>\n\n\n\n<p>\u00c9 poss\u00edvel ver a grande quantidade de fuma\u00e7a, que gera gases considerados t\u00f3xicos, grande preocupa\u00e7\u00e3o de cientistas.<\/p>\n\n\n\n<p>Ap\u00f3s quase dez dias de erup\u00e7\u00e3o \u2013 que teve in\u00edcio no dia 19 \u2013 a lava chegou ao mar na ter\u00e7a-feira, ap\u00f3s deixar um rastro de destrui\u00e7\u00e3o em terra na ilha de La Palma, onde mais de 6 mil pessoas tiveram que abandonar suas casas e ao menos 600 constru\u00e7\u00f5es foram atingidas.<\/p>\n\n\n\n<p>N\u00e3o h\u00e1, at\u00e9 o momento, o registro de mortos ou feridos por decorr\u00eancia da atividade vulc\u00e2nica na ilha.<\/p>\n\n\n\n<p>Tamb\u00e9m na ter\u00e7a-feira, o governo da Espanha declarou que a \u00e1rea do vulc\u00e3o em erup\u00e7\u00e3o \u00e9 uma &#8220;zona de cat\u00e1strofe&#8221;. Com isso, o pa\u00eds vai destinar 10,5 milh\u00f5es de euros (cerca de R$ 67 milh\u00f5es) para medidas urgentes de moradia e ajuda aos desalojados.<\/p>\n\n\n\n<p>As Can\u00e1rias s\u00e3o um territ\u00f3rio espanhol no Oceano Atl\u00e2ntico, um arquip\u00e9lago formado por oito ilhas. La Palma \u00e9 uma delas e tem cerca de 83 mil habitantes.<\/p>\n\n\n\n<p>*Com informa\u00e7\u00f5es do G1 e Jornal Hoje.<\/p>\n<\/div>\n\n\n\n<div class=\"wp-block-column is-layout-flow\" style=\"flex-basis:25%\"><\/div>\n<\/div>\n","protected":false},"excerpt":{"rendered":"<p>Novas imagens divulgadas nesta quarta-feira (29) mostram com mais proximidade e detalhes a lava do vulc\u00e3o Cumbre Vieja em contato com a \u00e1gua do Oceano Atl\u00e2ntico, nas Ilhas Can\u00e1rias.\u00a0 Assista<\/p>\n","protected":false},"author":1,"featured_media":5204,"comment_status":"closed","ping_status":"closed","sticky":false,"template":"","format":"standard","meta":[],"categories":[1],"tags":[],"_links":{"self":[{"href":"https:\/\/7ports.com.br\/index.php?rest_route=\/wp\/v2\/posts\/5203"}],"collection":[{"href":"https:\/\/7ports.com.br\/index.php?rest_route=\/wp\/v2\/posts"}],"about":[{"href":"https:\/\/7ports.com.br\/index.php?rest_route=\/wp\/v2\/types\/post"}],"author":[{"embeddable":true,"href":"https:\/\/7ports.com.br\/index.php?rest_route=\/wp\/v2\/users\/1"}],"replies":[{"embeddable":true,"href":"https:\/\/7ports.com.br\/index.php?rest_route=%2Fwp%2Fv2%2Fcomments&post=5203"}],"version-history":[{"count":1,"href":"https:\/\/7ports.com.br\/index.php?rest_route=\/wp\/v2\/posts\/5203\/revisions"}],"predecessor-version":[{"id":5205,"href":"https:\/\/7ports.com.br\/index.php?rest_route=\/wp\/v2\/posts\/5203\/revisions\/5205"}],"wp:featuredmedia":[{"embeddable":true,"href":"https:\/\/7ports.com.br\/index.php?rest_route=\/wp\/v2\/media\/5204"}],"wp:attachment":[{"href":"https:\/\/7ports.com.br\/index.php?rest_route=%2Fwp%2Fv2%2Fmedia&parent=5203"}],"wp:term":[{"taxonomy":"category","embeddable":true,"href":"https:\/\/7ports.com.br\/index.php?rest_route=%2Fwp%2Fv2%2Fcategories&post=5203"},{"taxonomy":"post_tag","embeddable":true,"href":"https:\/\/7ports.com.br\/index.php?rest_route=%2Fwp%2Fv2%2Ftags&post=5203"}],"curies":[{"name":"wp","href":"https:\/\/api.w.org\/{rel}","templated":true}]}}