
{"id":5206,"date":"2021-09-30T07:23:15","date_gmt":"2021-09-30T10:23:15","guid":{"rendered":"https:\/\/7ports.com.br\/?p=5206"},"modified":"2021-10-09T03:13:12","modified_gmt":"2021-10-09T06:13:12","slug":"segundo-relatorio-da-onu-consequencias-da-pandemia-devem-aumentar-a-desigualdade-no-brasil","status":"publish","type":"post","link":"https:\/\/7ports.com.br\/?p=5206","title":{"rendered":"Segundo relat\u00f3rio da ONU, consequ\u00eancias da pandemia devem aumentar a desigualdade no Brasil"},"content":{"rendered":"\n<div class=\"wp-block-columns is-layout-flex wp-container-4\">\n<div class=\"wp-block-column is-layout-flow\" style=\"flex-basis:25%\"><\/div>\n\n\n\n<div class=\"wp-block-column is-layout-flow\" style=\"flex-basis:50%\">\n<p>Um estudo in\u00e9dito de quatro Ag\u00eancias das Na\u00e7\u00f5es Unidas, divulgado nesta quarta-feira (29), aponta que a pandemia provocou a pior crise no planeta desde 1995, ampliando as desigualdades e deixando a popula\u00e7\u00e3o vulner\u00e1vel em situa\u00e7\u00e3o ainda mais cr\u00edtica.&nbsp;<\/p>\n\n\n\n<p>No Brasil, o relat\u00f3rio destaca a import\u00e2ncia de ampliar os programas sociais, garantir servi\u00e7os b\u00e1sicos como saneamento e conectar todas as crian\u00e7as \u00e0 internet at\u00e9 2030.&nbsp;<\/p>\n\n\n\n<p>Dois ter\u00e7os da popula\u00e7\u00e3o dependem do SUS, e o n\u00famero de leitos dispon\u00edveis est\u00e1 abaixo do considerado ideal pela ONU.<\/p>\n\n\n\n<div class=\"wp-block-image\"><figure class=\"aligncenter size-large\"><img decoding=\"async\" loading=\"lazy\" width=\"1024\" height=\"701\" src=\"https:\/\/7ports.com.br\/wp-content\/uploads\/2021\/09\/Captura-de-Tela-2021-09-30-as-07.19.50-1024x701.png\" alt=\"\" class=\"wp-image-5208\" srcset=\"https:\/\/7ports.com.br\/wp-content\/uploads\/2021\/09\/Captura-de-Tela-2021-09-30-as-07.19.50-1024x701.png 1024w, https:\/\/7ports.com.br\/wp-content\/uploads\/2021\/09\/Captura-de-Tela-2021-09-30-as-07.19.50-300x205.png 300w, https:\/\/7ports.com.br\/wp-content\/uploads\/2021\/09\/Captura-de-Tela-2021-09-30-as-07.19.50-768x526.png 768w, https:\/\/7ports.com.br\/wp-content\/uploads\/2021\/09\/Captura-de-Tela-2021-09-30-as-07.19.50.png 1142w\" sizes=\"(max-width: 1024px) 100vw, 1024px\" \/><\/figure><\/div>\n\n\n\n<p>J\u00e1 na educa\u00e7\u00e3o, a desigualdade no acesso \u00e0 internet deve agravar a diferen\u00e7a de aprendizagem entre alunos de escolas p\u00fablicas e privadas.<\/p>\n\n\n\n<p>O relat\u00f3rio analista tamb\u00e9m a diferen\u00e7a de letalidade do v\u00edrus entre brancos e n\u00e3o brancos, o que denota ainda mais a desigualdade social e o racismo intr\u00ednseco.<\/p>\n\n\n\n<p>*Fonte: G1 e Bom dia, Brasil.<\/p>\n<\/div>\n\n\n\n<div class=\"wp-block-column is-layout-flow\" style=\"flex-basis:25%\"><\/div>\n<\/div>\n","protected":false},"excerpt":{"rendered":"<p>Um estudo in\u00e9dito de quatro Ag\u00eancias das Na\u00e7\u00f5es Unidas, divulgado nesta quarta-feira (29), aponta que a pandemia provocou a pior crise no planeta desde 1995, ampliando as desigualdades e deixando<\/p>\n","protected":false},"author":1,"featured_media":5207,"comment_status":"closed","ping_status":"closed","sticky":false,"template":"","format":"standard","meta":[],"categories":[1],"tags":[],"_links":{"self":[{"href":"https:\/\/7ports.com.br\/index.php?rest_route=\/wp\/v2\/posts\/5206"}],"collection":[{"href":"https:\/\/7ports.com.br\/index.php?rest_route=\/wp\/v2\/posts"}],"about":[{"href":"https:\/\/7ports.com.br\/index.php?rest_route=\/wp\/v2\/types\/post"}],"author":[{"embeddable":true,"href":"https:\/\/7ports.com.br\/index.php?rest_route=\/wp\/v2\/users\/1"}],"replies":[{"embeddable":true,"href":"https:\/\/7ports.com.br\/index.php?rest_route=%2Fwp%2Fv2%2Fcomments&post=5206"}],"version-history":[{"count":1,"href":"https:\/\/7ports.com.br\/index.php?rest_route=\/wp\/v2\/posts\/5206\/revisions"}],"predecessor-version":[{"id":5209,"href":"https:\/\/7ports.com.br\/index.php?rest_route=\/wp\/v2\/posts\/5206\/revisions\/5209"}],"wp:featuredmedia":[{"embeddable":true,"href":"https:\/\/7ports.com.br\/index.php?rest_route=\/wp\/v2\/media\/5207"}],"wp:attachment":[{"href":"https:\/\/7ports.com.br\/index.php?rest_route=%2Fwp%2Fv2%2Fmedia&parent=5206"}],"wp:term":[{"taxonomy":"category","embeddable":true,"href":"https:\/\/7ports.com.br\/index.php?rest_route=%2Fwp%2Fv2%2Fcategories&post=5206"},{"taxonomy":"post_tag","embeddable":true,"href":"https:\/\/7ports.com.br\/index.php?rest_route=%2Fwp%2Fv2%2Ftags&post=5206"}],"curies":[{"name":"wp","href":"https:\/\/api.w.org\/{rel}","templated":true}]}}