
{"id":5303,"date":"2021-10-09T02:50:46","date_gmt":"2021-10-09T05:50:46","guid":{"rendered":"https:\/\/7ports.com.br\/?p=5303"},"modified":"2022-05-25T19:29:57","modified_gmt":"2022-05-25T22:29:57","slug":"apagao-no-facebook-foi-erro-interno","status":"publish","type":"post","link":"https:\/\/7ports.com.br\/?p=5303","title":{"rendered":"&#8220;Apag\u00e3o&#8221; no Facebook foi erro interno!"},"content":{"rendered":"\n<h2 class=\"wp-block-heading\">&#8220;Apag\u00e3o&#8221; no Facebook foi erro interno e n\u00e3o ataque inform\u00e1tico<\/h2>\n\n\n\n<h3 class=\"wp-block-heading\">Afirma\u00e7\u00e3o \u00e9 do vice-presidente de Infraestruturas, Santosh Janardhan<\/h3>\n\n\n\n<ul><li><a href=\"https:\/\/api.whatsapp.com\/send?text=%26quot%3BApag%C3%A3o%26quot%3B+no+Facebook+foi+erro+interno+e+n%C3%A3o+ataque+inform%C3%A1tico+%7C+Ag%C3%AAncia+Brasil+%7C+Ag%C3%AAncia+Brasil+%7C+https%3A%2F%2Fagenciabrasil.ebc.com.br%2Finternacional%2Fnoticia%2F2021-10%2Fapagao-no-facebook-foi-erro-interno-e-nao-ataque-informatico\">Share on WhatsApp<\/a><\/li><li><a href=\"https:\/\/facebook.com\/sharer.php?u=https%3A%2F%2Fagenciabrasil.ebc.com.br%2Finternacional%2Fnoticia%2F2021-10%2Fapagao-no-facebook-foi-erro-interno-e-nao-ataque-informatico&amp;t=%26quot%3BApag%C3%A3o%26quot%3B+no+Facebook+foi+erro+interno+e+n%C3%A3o+ataque+inform%C3%A1tico+%7C+Ag%C3%AAncia+Brasil\">Share on Facebook<\/a><\/li><li><a href=\"https:\/\/twitter.com\/intent\/tweet?url=https%3A%2F%2Fagenciabrasil.ebc.com.br%2Finternacional%2Fnoticia%2F2021-10%2Fapagao-no-facebook-foi-erro-interno-e-nao-ataque-informatico&amp;text=%26quot%3BApag%C3%A3o%26quot%3B+no+Facebook+foi+erro+interno+e+n%C3%A3o+ataque+inform%C3%A1tico+%7C+Ag%C3%AAncia+Brasil\">Share on Twitter<\/a><\/li><li><a href=\"http:\/\/www.linkedin.com\/shareArticle?url=https%3A%2F%2Fagenciabrasil.ebc.com.br%2Finternacional%2Fnoticia%2F2021-10%2Fapagao-no-facebook-foi-erro-interno-e-nao-ataque-informatico&amp;summary=%26quot%3BApag%C3%A3o%26quot%3B+no+Facebook+foi+erro+interno+e+n%C3%A3o+ataque+inform%C3%A1tico+%7C+Ag%C3%AAncia+Brasil\">Share on Linkedin<\/a><\/li><\/ul>\n\n\n\n<h4 class=\"wp-block-heading\">Publicado em 06\/10\/2021 &#8211; 09:10 Por RTP &#8211; Menlo Park (Calif\u00f3rnia)<\/h4>\n\n\n\n<figure class=\"wp-block-image\"><a href=\"https:\/\/www.rtp.pt\/\" target=\"_blank\" rel=\"noreferrer noopener\"><img decoding=\"async\" src=\"https:\/\/agenciabrasil.ebc.com.br\/sites\/default\/files\/styles\/269x0\/public\/logo_parceiros\/logo_rtp.jpg?itok=HEH6qO8e\" alt=\"RTP - R\u00e1dio e Televis\u00e3o de Portugal\"\/><\/a><\/figure>\n\n\n\n<p>O Facebook excluiu a hip\u00f3tese de que o &#8220;apag\u00e3o&#8221; mundial dos seus servi\u00e7os na segunda-feira (4), durante seis horas, tenha sido causado por um ataque inform\u00e1tico e o atribuiu&nbsp;a um erro t\u00e9cnico interno.<img decoding=\"async\" src=\"https:\/\/agenciabrasil.ebc.com.br\/ebc.png?id=1423683&amp;o=node\"><img decoding=\"async\" src=\"https:\/\/agenciabrasil.ebc.com.br\/ebc.gif?id=1423683&amp;o=node\"><\/p>\n\n\n\n<p>Em um&nbsp;<em>blog<\/em>&nbsp;da empresa o vice-presidente de Infraestruturas da rede social, Santosh Janardhan, afirmou que os servi\u00e7os n\u00e3o ficaram inativos por atividade maliciosa. Foi por &#8220;um erro causado por n\u00f3s pr\u00f3prios&#8221;, disse.<\/p>\n\n\n\n<p>O &#8220;apag\u00e3o&#8221; do Facebook e das suas plataformas Instagram, WhatsApp e Messenger come\u00e7ou minutos antes das 14h (hora local) e deixou sem servi\u00e7o milh\u00f5es de pessoas em todo o planeta.<\/p>\n\n\n\n<p>Horas mais tarde, o pr\u00f3prio administrador e cofundador da rede social, Mark Zuckerberg, pediu publicamente desculpas.<\/p>\n\n\n\n<p>Segundo a empresa de Menlo Park, cidade da Calif\u00f3rnia, os esfor\u00e7os que t\u00eam sido feitos nos \u00faltimos anos para proteger os sistemas de poss\u00edveis ataques externos foram uma das causas que fizeram demorar o tempo de resposta ao problema.<\/p>\n\n\n\n<p>&#8220;Acredito que se o pre\u00e7o a pagar por maior seguran\u00e7a do sistema no dia a dia \u00e9 uma recupera\u00e7\u00e3o mais lenta dos servi\u00e7os, vale a pena&#8221;, disse Santosh Janardhan no&nbsp;<em>blog<\/em>.<\/p>\n\n\n\n<h2 class=\"wp-block-heading\">Telegram<\/h2>\n\n\n\n<p>A queda&nbsp;do Facebook e das demais&nbsp;aplica\u00e7\u00f5es levou o Telegram, um servi\u00e7o de mensagens instant\u00e2neas (como o WhatsApp), a receber mais de 70 milh\u00f5es de novas ades\u00f5es, informou o fundador da rede, o russo Pavel Dourov.<\/p>\n\n\n\n<p>O n\u00famero de 70 milh\u00f5es, em apenas um dia, levou Douruv a afirmar&nbsp;que foi &#8220;um aumento recorde no n\u00famero de ades\u00f5es&#8221; e que estava orgulhoso da equipe,&nbsp;que soube lidar com esse crescimento sem precedentes.<\/p>\n\n\n\n<p>Na segunda-feira o servi\u00e7o de mensagens Telegram passou de 56\u00ba&nbsp;para 5\u00ba lugar das aplica\u00e7\u00f5es gratuitas mais descarregadas nos Estados Unidos, segundo a empresa especializada SensorTower.<\/p>\n\n\n\n<p>Fundado em 2013 pelos irm\u00e3os Pavel e Nikolai Dourov, que criaram anteriormente a popular rede social russa VKontakte, o Telegram disse que faz&nbsp;da seguran\u00e7a a sua prioridade e recusa-se geralmente a colaborar com as autoridades, o que levou a tentativas de bloqueio em alguns pa\u00edses, especialmente&nbsp;na R\u00fassia.<\/p>\n\n\n\n<h2 class=\"wp-block-heading\">Facebook&nbsp;nega vers\u00e3o&nbsp;<\/h2>\n\n\n\n<p>V\u00e1rios executivos do Facebook procuraram desmentir,&nbsp;nessa&nbsp;ter\u00e7a-feira (5),&nbsp; a ex-empregada Frances Haugen, ap\u00f3s o seu testemunho perante uma subcomiss\u00e3o do Senado dos EUA. O diretor executivo e cofundador do Facebook, Mark Zuckerberg, defendeu a empresa das acusa\u00e7\u00f5es: &#8220;No cerne dessas acusa\u00e7\u00f5es est\u00e1 a ideia de que damos prioridade aos lucros em detrimento da seguran\u00e7a e do bem-estar. Isso simplesmente n\u00e3o \u00e9 verdade&#8221;, disse Mark Zuckerberg em um longo&nbsp;<em>post<\/em>&nbsp;em&nbsp;sua p\u00e1gina na rede.<\/p>\n\n\n\n<p>O chefe do Facebook disse ainda que &#8220;muitas das acusa\u00e7\u00f5es n\u00e3o fazem sentido&#8221; e que n\u00e3o reconhece &#8220;o falso quadro da empresa que est\u00e1 sendo&nbsp;pintado&#8221;.<\/p>\n\n\n\n<p>&#8220;O argumento de que promovemos deliberadamente conte\u00fados que enfurecem as pessoas para obterem lucro \u00e9 il\u00f3gico. Ganhamos dinheiro com a publicidade e o que os anunciantes nos dizem constantemente \u00e9 que n\u00e3o querem que os seus an\u00fancios apare\u00e7am ao lado de conte\u00fados que sejam prejudiciais ou que gerem raiva&#8221;, acrescentou.<\/p>\n","protected":false},"excerpt":{"rendered":"<p>&#8220;Apag\u00e3o&#8221; no Facebook foi erro interno e n\u00e3o ataque inform\u00e1tico Afirma\u00e7\u00e3o \u00e9 do vice-presidente de Infraestruturas, Santosh Janardhan Share on WhatsApp Share on Facebook Share on Twitter Share on Linkedin<\/p>\n","protected":false},"author":1,"featured_media":5304,"comment_status":"closed","ping_status":"closed","sticky":false,"template":"","format":"standard","meta":[],"categories":[1],"tags":[],"_links":{"self":[{"href":"https:\/\/7ports.com.br\/index.php?rest_route=\/wp\/v2\/posts\/5303"}],"collection":[{"href":"https:\/\/7ports.com.br\/index.php?rest_route=\/wp\/v2\/posts"}],"about":[{"href":"https:\/\/7ports.com.br\/index.php?rest_route=\/wp\/v2\/types\/post"}],"author":[{"embeddable":true,"href":"https:\/\/7ports.com.br\/index.php?rest_route=\/wp\/v2\/users\/1"}],"replies":[{"embeddable":true,"href":"https:\/\/7ports.com.br\/index.php?rest_route=%2Fwp%2Fv2%2Fcomments&post=5303"}],"version-history":[{"count":1,"href":"https:\/\/7ports.com.br\/index.php?rest_route=\/wp\/v2\/posts\/5303\/revisions"}],"predecessor-version":[{"id":5305,"href":"https:\/\/7ports.com.br\/index.php?rest_route=\/wp\/v2\/posts\/5303\/revisions\/5305"}],"wp:featuredmedia":[{"embeddable":true,"href":"https:\/\/7ports.com.br\/index.php?rest_route=\/wp\/v2\/media\/5304"}],"wp:attachment":[{"href":"https:\/\/7ports.com.br\/index.php?rest_route=%2Fwp%2Fv2%2Fmedia&parent=5303"}],"wp:term":[{"taxonomy":"category","embeddable":true,"href":"https:\/\/7ports.com.br\/index.php?rest_route=%2Fwp%2Fv2%2Fcategories&post=5303"},{"taxonomy":"post_tag","embeddable":true,"href":"https:\/\/7ports.com.br\/index.php?rest_route=%2Fwp%2Fv2%2Ftags&post=5303"}],"curies":[{"name":"wp","href":"https:\/\/api.w.org\/{rel}","templated":true}]}}