
{"id":5318,"date":"2021-10-09T03:47:28","date_gmt":"2021-10-09T06:47:28","guid":{"rendered":"https:\/\/7ports.com.br\/?p=5318"},"modified":"2021-10-09T10:00:11","modified_gmt":"2021-10-09T13:00:11","slug":"bairro-da-saude-no-rj-e-eleito-um-dos-mais-legais-do-mundo","status":"publish","type":"post","link":"https:\/\/7ports.com.br\/?p=5318","title":{"rendered":"Bairro da Sa\u00fade no RJ \u00e9 eleito um dos mais legais do Mundo"},"content":{"rendered":"\n<h1 class=\"wp-block-heading\">Bairro do Rio \u00e9 eleito um dos mais legais do mundo; veja ranking<\/h1>\n\n\n\n<h2 class=\"wp-block-heading\">O bairro carioca \u00e9 o \u00fanico brasileiro na lista<\/h2>\n\n\n\n<p>08\/10\/2021 &#8211; 18:48Por: Reda\u00e7\u00e3o&nbsp;&nbsp;&nbsp;&nbsp;&nbsp;&nbsp;https:\/\/5bf21b56a2ae68cd57e471d38cb161df.safeframe.googlesyndication.com\/safeframe\/1-0-38\/html\/container.html<\/p>\n\n\n\n<p>O bairro da Sa\u00fade, na regi\u00e3o central do Rio de Janeiro, entrou para a seleta lista dos mais legais do mundo da revista&nbsp;<a href=\"https:\/\/www.timeout.com\/coolest-neighbourhoods-in-the-world?itm_source=parsely-api\" target=\"_blank\" rel=\"noreferrer noopener\">Time Out<\/a>.PUBLICIDADE<\/p>\n\n\n\n<p>O bairro, que fica entre o Centro e a Gamboa, no cora\u00e7\u00e3o do Porto Maravilha, figura na 25\u00aa posi\u00e7\u00e3o do ranking anual&nbsp;<a href=\"https:\/\/www.timeout.com\/coolest-neighbourhoods-in-the-world?itm_source=parsely-api\" target=\"_blank\" rel=\"noreferrer noopener\">Time Out Index<\/a>, que contempla 49 bairros.<img decoding=\"async\" loading=\"lazy\" src=\"https:\/\/catracalivre.com.br\/wp-content\/thumbnails\/S_FRv8g0kxn-QvJOzqRf2-r385U=\/wp-content\/uploads\/2021\/10\/bafo-da-prainha-saude-rio-de-janeiro.jpg\" alt=\"Bairro do Rio de Janeiro \u00e9 eleito um dos mais legais do mundo\" width=\"1265\" height=\"760\" srcset=\"https:\/\/catracalivre.com.br\/wp-content\/thumbnails\/S_FRv8g0kxn-QvJOzqRf2-r385U=\/wp-content\/uploads\/2021\/10\/bafo-da-prainha-saude-rio-de-janeiro.jpg 1265w, https:\/\/catracalivre.com.br\/wp-content\/thumbnails\/tIBU9w9owb8b248nD97BzFRWRgk=\/wp-content\/uploads\/2021\/10\/bafo-da-prainha-saude-rio-de-janeiro-450x270.jpg 450w, https:\/\/catracalivre.com.br\/wp-content\/thumbnails\/GKnuEbC0-k-qlcStOqFFftxebhQ=\/wp-content\/uploads\/2021\/10\/bafo-da-prainha-saude-rio-de-janeiro-768x461.jpg 768w\">Cr\u00e9dito: Divulga\u00e7\u00e3o\/Bafo da PrainhaBares no Largo S\u00e3o Francisco da Prainha, no bairro da Sa\u00fade, no Rio de Janeiro, considerado um dos mais legais do mundo<\/p>\n\n\n\n<p>\u201cAs ruas de paralelep\u00edpedos e os becos da Sa\u00fade oferecem uma pausa diante do Centro fren\u00e9tico do Rio\u201d, diz o breve perfil sobre o bairro carioca.<\/p>\n\n\n\n<p>A Sa\u00fade \u00e9 um bairro ainda pouco explorado pelos pr\u00f3prios cariocas.<\/p>\n\n\n\n<p>\u201cOs visitantes ir\u00e3o descobrir charmosos bares antigos, bela arquitetura portuguesa e locais fascinantes, como a Pedra do Sal\u201d, destaca a publica\u00e7\u00e3o.<\/p>\n\n\n\n<hr class=\"wp-block-separator\"\/>\n\n\n\n<p><strong>#DicaCatraca:&nbsp;<\/strong>sempre lembre de usar a&nbsp;<a href=\"https:\/\/catracalivre.com.br\/stories\/teste-simples-para-descobrir-se-a-sua-mascara-funciona\/\" target=\"_blank\" rel=\"noreferrer noopener\">m\u00e1scara de prote\u00e7\u00e3o<\/a>, andar com \u00e1lcool em gel, respeitar o distanciamento social e sair de casa somente se necess\u00e1rio! Caso perten\u00e7a ao grupo de risco ou conviva com algu\u00e9m que precise de maiores cuidados, evite passeios presenciais. A situa\u00e7\u00e3o \u00e9 s\u00e9ria! Vamos nos cuidar para sair desta pandemia o mais r\u00e1pido poss\u00edvel. Combinado?https:\/\/5bf21b56a2ae68cd57e471d38cb161df.safeframe.googlesyndication.com\/safeframe\/1-0-38\/html\/container.html<\/p>\n\n\n\n<hr class=\"wp-block-separator\"\/>\n\n\n\n<p>A Time Out destacou ainda que a \u00e1rea portu\u00e1ria revitalizada abriga \u201ca arquitetura semelhante a um OVNI do Museu do Amanh\u00e3, o (MAR) e enormes murais de arte de rua ao longo do Boulevard Ol\u00edmpico\u201d.<img decoding=\"async\" loading=\"lazy\" src=\"https:\/\/catracalivre.com.br\/wp-content\/thumbnails\/_bCWPHccDku2CY9Vsr5v2Yn6bs0=\/wp-content\/uploads\/2021\/10\/porto-maravilha-rio-de-janeiro.jpg\" alt=\"Rio de Janeiro\" width=\"1900\" height=\"1267\" srcset=\"https:\/\/catracalivre.com.br\/wp-content\/thumbnails\/_bCWPHccDku2CY9Vsr5v2Yn6bs0=\/wp-content\/uploads\/2021\/10\/porto-maravilha-rio-de-janeiro.jpg 1900w, https:\/\/catracalivre.com.br\/wp-content\/thumbnails\/nB5eKw3xJUJ34Rq25Wz2uqT4wUU=\/wp-content\/uploads\/2021\/10\/porto-maravilha-rio-de-janeiro-450x300.jpg 450w, https:\/\/catracalivre.com.br\/wp-content\/thumbnails\/kUDNHS9i4fvx-W0Awj8JmkCAX1I=\/wp-content\/uploads\/2021\/10\/porto-maravilha-rio-de-janeiro-768x512.jpg 768w\">Cr\u00e9dito: Bruno Bartholini\/Divulga\u00e7\u00e3o\/Porto MaravilhaMural do paulistano Kobra em frente ao Armaz\u00e9m 4, no Porto Maravilha, no Rio de Janeiro<\/p>\n\n\n\n<p>O bairro na regi\u00e3o central do Rio de Janeiro \u00e9 o \u00fanico brasileiro na lista.<\/p>\n\n\n\n<p>O primeiro lugar do ranking ficou com o bairro de N\u00f8rrebro, em Copenhagen (Dinamarca), seguido de Andersonville, em Chicago (EUA), e Jongno 3-ga, em Seul (Coreia do Sul).<\/p>\n\n\n\n<p>O levantamento foi realizado atrav\u00e9s de uma pesquisa com 27.000 moradores de cidades de todo o mundo, junto \u00e0s opini\u00f5es dos editores da revista e especialistas das cidades.https:\/\/5bf21b56a2ae68cd57e471d38cb161df.safeframe.googlesyndication.com\/safeframe\/1-0-38\/html\/container.html<\/p>\n\n\n\n<h3 class=\"wp-block-heading\">Os 10 bairros mais legais do mundo<\/h3>\n\n\n\n<p>1 \u2013 N\u00f8rrebro (Copenhagen, Dinamarca)<br>2 \u2013 Andersonville (Chicago, EUA)<br>3 \u2013 Jongno 3-ga (Seul, Coreia do Sul)<br>4 \u2013 Leith (Edimburgo, Esc\u00f3cia)<br>5 \u2013 Distrito da Esta\u00e7\u00e3o (Vilnius, Litu\u00e2nia)<br>6 \u2013&nbsp;Chelsea (Nova York, EUA)<br>7 \u2013&nbsp;XI Distrito (Budapeste, Hungria)<br>8 \u2013 Ngor (Dakar, Senegal)<br>9 \u2013 Sai Kung (Hong Kong, China)<br>10 \u2013&nbsp;Richmond (Melbourne, Austr\u00e1lia)<br><strong>25 \u2013 Sa\u00fade (Rio de Janeiro, Brasil)<\/strong><\/p>\n","protected":false},"excerpt":{"rendered":"<p>Bairro do Rio \u00e9 eleito um dos mais legais do mundo; veja ranking O bairro carioca \u00e9 o \u00fanico brasileiro na lista 08\/10\/2021 &#8211; 18:48Por: Reda\u00e7\u00e3o&nbsp;&nbsp;&nbsp;&nbsp;&nbsp;&nbsp;https:\/\/5bf21b56a2ae68cd57e471d38cb161df.safeframe.googlesyndication.com\/safeframe\/1-0-38\/html\/container.html O bairro da Sa\u00fade,<\/p>\n","protected":false},"author":1,"featured_media":5319,"comment_status":"closed","ping_status":"closed","sticky":false,"template":"","format":"standard","meta":[],"categories":[1],"tags":[],"_links":{"self":[{"href":"https:\/\/7ports.com.br\/index.php?rest_route=\/wp\/v2\/posts\/5318"}],"collection":[{"href":"https:\/\/7ports.com.br\/index.php?rest_route=\/wp\/v2\/posts"}],"about":[{"href":"https:\/\/7ports.com.br\/index.php?rest_route=\/wp\/v2\/types\/post"}],"author":[{"embeddable":true,"href":"https:\/\/7ports.com.br\/index.php?rest_route=\/wp\/v2\/users\/1"}],"replies":[{"embeddable":true,"href":"https:\/\/7ports.com.br\/index.php?rest_route=%2Fwp%2Fv2%2Fcomments&post=5318"}],"version-history":[{"count":1,"href":"https:\/\/7ports.com.br\/index.php?rest_route=\/wp\/v2\/posts\/5318\/revisions"}],"predecessor-version":[{"id":5320,"href":"https:\/\/7ports.com.br\/index.php?rest_route=\/wp\/v2\/posts\/5318\/revisions\/5320"}],"wp:featuredmedia":[{"embeddable":true,"href":"https:\/\/7ports.com.br\/index.php?rest_route=\/wp\/v2\/media\/5319"}],"wp:attachment":[{"href":"https:\/\/7ports.com.br\/index.php?rest_route=%2Fwp%2Fv2%2Fmedia&parent=5318"}],"wp:term":[{"taxonomy":"category","embeddable":true,"href":"https:\/\/7ports.com.br\/index.php?rest_route=%2Fwp%2Fv2%2Fcategories&post=5318"},{"taxonomy":"post_tag","embeddable":true,"href":"https:\/\/7ports.com.br\/index.php?rest_route=%2Fwp%2Fv2%2Ftags&post=5318"}],"curies":[{"name":"wp","href":"https:\/\/api.w.org\/{rel}","templated":true}]}}