
{"id":5331,"date":"2021-10-10T09:15:05","date_gmt":"2021-10-10T12:15:05","guid":{"rendered":"https:\/\/7ports.com.br\/?p=5331"},"modified":"2024-04-22T18:43:45","modified_gmt":"2024-04-22T21:43:45","slug":"sp-investe-na-seguranca-hidrica","status":"publish","type":"post","link":"https:\/\/7ports.com.br\/?p=5331","title":{"rendered":"S\u00e3o Paulo Investe na Seguran\u00e7a H\u00eddrica"},"content":{"rendered":"\n<h1 class=\"wp-block-heading\">SP anuncia programa \u00c1gua \u00c9 Vida para refor\u00e7ar seguran\u00e7a h\u00eddrica<\/h1>\n\n\n\n<p>A\u00e7\u00f5es preveem perfura\u00e7\u00f5es de po\u00e7os profundos em 120 munic\u00edpios e revitaliza\u00e7\u00e3o de 3 mil km de rios e cursos d\u2019\u00e1gua ao longo de 260 cidadesQui, 07\/10\/2021 &#8211; 14h13&nbsp;<strong>| Do Portal do Governo<\/strong><a target=\"_blank\" href=\"http:\/\/www.facebook.com\/sharer.php?u=https:\/\/www.saopaulo.sp.gov.br\/ultimas-noticias\/sp-anuncia-programa-agua-e-vida-para-reforcar-seguranca-hidrica\/\" rel=\"noreferrer noopener\">FACEBOOK<\/a><a target=\"_blank\" href=\"https:\/\/twitter.com\/share?url=https:\/\/www.saopaulo.sp.gov.br\/ultimas-noticias\/sp-anuncia-programa-agua-e-vida-para-reforcar-seguranca-hidrica\/\" rel=\"noreferrer noopener\">TWITTER<\/a><a href=\"mailto:https:\/\/www.saopaulo.sp.gov.br\/ultimas-noticias\/sp-anuncia-programa-agua-e-vida-para-reforcar-seguranca-hidrica\/\">ENVIAR POR E-MAIL<\/a><\/p>\n\n\n\n<p>O Governador Jo\u00e3o Doria apresentou nesta quinta-feira (7) o programa \u00c1gua \u00c9 Vida para refor\u00e7ar a seguran\u00e7a h\u00eddrica e beneficiar mais de 2,1 milh\u00f5es de pessoas em todas as regi\u00f5es de S\u00e3o Paulo. O Estado vai investir R$ 400 milh\u00f5es em a\u00e7\u00f5es como perfura\u00e7\u00e3o de po\u00e7os profundos em 120 cidades e revitaliza\u00e7\u00e3o de 3 mil quil\u00f4metros de rios ao longo de 260 munic\u00edpios.<\/p>\n\n\n\n<p>\u201cO Governo de S\u00e3o Paulo soluciona problemas do presente e planeja solu\u00e7\u00f5es para o futuro em todas as \u00e1reas, e o meio ambiente \u00e9 uma das principais\u201d, afirmou Doria. \u201cTemos que proteger as bacias, \u00e1guas subterr\u00e2neas e os rios. Aqui n\u00e3o h\u00e1 conflito entre meio ambiente e agroneg\u00f3cio, estabelecemos di\u00e1logo e constru\u00e7\u00e3o de propostas. O programa \u2018\u00c1gua \u00c9 Vida\u2019 \u00e9 um exemplo disso\u201d, refor\u00e7ou o Governador.<\/p>\n\n\n\n<p>O Estado tamb\u00e9m vai financiar projetos para preserva\u00e7\u00e3o de mananciais de abastecimento e novos servi\u00e7os de saneamento. Coordenado pela Secretaria de Infraestrutura e Meio Ambiente, o \u00c1gua \u00e9 Vida est\u00e1 dividido em quatro eixos principais: \u201c\u00c1guas Subterr\u00e2neas\u201d, \u201cRios Vivos\u201d, \u201cBarramentos\u201d e \u201cCoopera\u00e7\u00e3o T\u00e9cnica com a Secretaria de Agricultura e Abastecimento\u201d.<\/p>\n\n\n\n<p>\u201cNosso estado n\u00e3o titubeou em nenhum momento em defender a vida durante a pandemia da COVID-19. E agora volta com um programa de defesa das \u00e1guas, fazendo com que a gente tenha seguran\u00e7a h\u00eddrica aqui em S\u00e3o Paulo\u201d, declarou o Vice-Governador Rodrigo Garcia. \u201c\u00c9 mais uma a\u00e7\u00e3o concreta do Governo do Estado em conjunto com os munic\u00edpios. Compartilhamos responsabilidades e nos apoiamos em desafios comuns.\u201d<\/p>\n\n\n\n<p>No eixo \u00c1guas Subterr\u00e2neas, o Estado vai investir R$ 141 milh\u00f5es para perfurar 138 po\u00e7os tubulares em 120 munic\u00edpios que n\u00e3o s\u00e3o atendidos pela Sabesp. Os locais j\u00e1 foram mapeados pelo Daee (Departamento de \u00c1guas e Energia El\u00e9trica) e tamb\u00e9m v\u00e3o receber reservat\u00f3rios de 200 mil litros, com entregas previstas para o primeiro semestre de 2022.<\/p>\n\n\n\n<p>J\u00e1 o Rios Vivos prev\u00ea a revitaliza\u00e7\u00e3o de cerca de 3 mil quil\u00f4metros de cursos d\u00b4\u00e1gua no per\u00edodo de um ano. A medida vai refor\u00e7ar o abastecimento e ampliar melhorias na fluidez de rios e c\u00f3rregos, de forma a mitigar inunda\u00e7\u00f5es.<\/p>\n\n\n\n<p>O atendimento a 260 munic\u00edpios deve come\u00e7ar no pr\u00f3ximo m\u00eas de dezembro, sob investimentos de R$ 90 milh\u00f5es. Esse eixo ainda prev\u00ea repasses estaduais de mais R$ 31 milh\u00f5es na preserva\u00e7\u00e3o de 40 mananciais e projetos de tratamento de esgoto.<\/p>\n\n\n\n<p>O Estado tamb\u00e9m planeja a constru\u00e7\u00e3o de duas barragens na regi\u00e3o da Bacia do PCJ (Comit\u00ea das Bacias Hidrogr\u00e1ficas dos Rios Piracicaba, Capivari e Jundia\u00ed), com previs\u00e3o de investimentos de aproximadamente R$ 150 milh\u00f5es.<\/p>\n\n\n\n<p>J\u00e1 a parceria entre as Secretarias de Infraestrutura e Meio Ambiente e de Agricultura e Abastecimento prev\u00ea a elabora\u00e7\u00e3o de uma resolu\u00e7\u00e3o t\u00e9cnica conjunta para simplificar procedimentos do agroneg\u00f3cio e, simultaneamente, garantir prote\u00e7\u00e3o h\u00eddrica e ambiental no campo.<\/p>\n\n\n\n<p>\u201cN\u00e3o podemos simplesmente ficar de bra\u00e7os cruzados e esperar apenas emerg\u00eancias e tomar medidas paliativas e corretivas\u201d, afirmou o Secret\u00e1rio de Infraestrutura e Meio Ambiente Marco Penido. \u201cS\u00e3o Paulo est\u00e1 e estar\u00e1 preparado para enfrentar eventos extremos e para que possamos deixar \u00e0s futuras gera\u00e7\u00f5es um estado e um pa\u00eds muito melhores, um pa\u00eds sustent\u00e1vel.\u201d<\/p>\n\n\n\n<p><strong>Sustentabilidade<\/strong><\/p>\n\n\n\n<p>Tamb\u00e9m nesta quinta, a Secretaria de Infraestrutura e Meio Ambiente publicou portaria que amplia a dispensa de licen\u00e7a para execu\u00e7\u00e3o de limpeza de drenos e reservat\u00f3rios de \u00e1gua para irriga\u00e7\u00e3o.<\/p>\n\n\n\n<p>A licen\u00e7a era necess\u00e1ria apenas para servi\u00e7os de \u00e1reas maiores que um hectare. Agora, a autoriza\u00e7\u00e3o ser\u00e1 exigida apenas para \u00e1reas acima de cinco hectares, o que deve agilizar os servi\u00e7os de limpeza e prote\u00e7\u00e3o de espelhos d\u2019\u00e1gua.<\/p>\n\n\n\n<p>O Governo de S\u00e3o Paulo tamb\u00e9m promulgou a lei que inclui sistemas de coleta e capta\u00e7\u00e3o de \u00e1gua da chuva em novos projetos arquitet\u00f4nicos de \u00f3rg\u00e3os p\u00fablicos do Estado. A iniciativa reduz o consumo de \u00e1gua tratada, garante sustentabilidade e facilita a preserva\u00e7\u00e3o do meio ambiente.<\/p>\n","protected":false},"excerpt":{"rendered":"<p>SP anuncia programa \u00c1gua \u00c9 Vida para refor\u00e7ar seguran\u00e7a h\u00eddrica A\u00e7\u00f5es preveem perfura\u00e7\u00f5es de po\u00e7os profundos em 120 munic\u00edpios e revitaliza\u00e7\u00e3o de 3 mil km de rios e cursos d\u2019\u00e1gua<\/p>\n","protected":false},"author":1,"featured_media":5332,"comment_status":"closed","ping_status":"closed","sticky":false,"template":"","format":"standard","meta":[],"categories":[1],"tags":[],"_links":{"self":[{"href":"https:\/\/7ports.com.br\/index.php?rest_route=\/wp\/v2\/posts\/5331"}],"collection":[{"href":"https:\/\/7ports.com.br\/index.php?rest_route=\/wp\/v2\/posts"}],"about":[{"href":"https:\/\/7ports.com.br\/index.php?rest_route=\/wp\/v2\/types\/post"}],"author":[{"embeddable":true,"href":"https:\/\/7ports.com.br\/index.php?rest_route=\/wp\/v2\/users\/1"}],"replies":[{"embeddable":true,"href":"https:\/\/7ports.com.br\/index.php?rest_route=%2Fwp%2Fv2%2Fcomments&post=5331"}],"version-history":[{"count":2,"href":"https:\/\/7ports.com.br\/index.php?rest_route=\/wp\/v2\/posts\/5331\/revisions"}],"predecessor-version":[{"id":5334,"href":"https:\/\/7ports.com.br\/index.php?rest_route=\/wp\/v2\/posts\/5331\/revisions\/5334"}],"wp:featuredmedia":[{"embeddable":true,"href":"https:\/\/7ports.com.br\/index.php?rest_route=\/wp\/v2\/media\/5332"}],"wp:attachment":[{"href":"https:\/\/7ports.com.br\/index.php?rest_route=%2Fwp%2Fv2%2Fmedia&parent=5331"}],"wp:term":[{"taxonomy":"category","embeddable":true,"href":"https:\/\/7ports.com.br\/index.php?rest_route=%2Fwp%2Fv2%2Fcategories&post=5331"},{"taxonomy":"post_tag","embeddable":true,"href":"https:\/\/7ports.com.br\/index.php?rest_route=%2Fwp%2Fv2%2Ftags&post=5331"}],"curies":[{"name":"wp","href":"https:\/\/api.w.org\/{rel}","templated":true}]}}