
{"id":5348,"date":"2021-10-10T10:06:52","date_gmt":"2021-10-10T13:06:52","guid":{"rendered":"https:\/\/7ports.com.br\/?p=5348"},"modified":"2022-02-24T12:14:05","modified_gmt":"2022-02-24T15:14:05","slug":"as-minorias-em-verdade-e-a-maioria","status":"publish","type":"post","link":"https:\/\/7ports.com.br\/?p=5348","title":{"rendered":"As minorias em verdade \u00e9 a maioria."},"content":{"rendered":"\n<p>Ironicamente, o que chamamos aqui de&nbsp;<strong>minorias<\/strong>&nbsp;s\u00e3o, quantitativamente, a maioria da popula\u00e7\u00e3o. O termo minoria refere-se, na&nbsp;<a href=\"https:\/\/mundoeducacao.uol.com.br\/sociologia\/\">sociologia<\/a>, a&nbsp;<strong>grupos sociais historicamente exclu\u00eddos<\/strong>&nbsp;do processo de garantia dos direitos b\u00e1sicos por quest\u00f5es \u00e9tnicas, de origem, por quest\u00f5es financeiras e por quest\u00f5es de g\u00eanero e sexualidade. Tamb\u00e9m podem entrar no conceito pessoas que se encontram em situa\u00e7\u00e3o de vulnerabilidade social, como idosos e portadores de necessidades especiais.<\/p>\n\n\n\n<p><strong>Veja tamb\u00e9m:&nbsp;<\/strong><a href=\"https:\/\/mundoeducacao.uol.com.br\/sociologia\/intolerancia-religiosa.htm\">Como a intoler\u00e2ncia religiosa age como um fator hist\u00f3rico de segrega\u00e7\u00e3o social<\/a><\/p>\n\n\n\n<h2 class=\"wp-block-heading\"><strong>Minorias sociais e a luta por direitos<\/strong><\/h2>\n\n\n\n<p>Historicamente, os grupos minorit\u00e1rios s\u00e3o aqueles que, por algum motivo, geralmente ligado ao preconceito de cor, classe social ou g\u00eanero, ficaram exclu\u00eddos da sociedade,&nbsp;<strong>marginalizados,<\/strong>&nbsp;e n\u00e3o tiveram a plenitude de seus direitos b\u00e1sicos garantidos. Nesse sentido, podemos colocar a popula\u00e7\u00e3o negra, por exemplo, na condi\u00e7\u00e3o de minoria, pois, durante o colonialismo europeu, os africanos foram capturados e vendidos como escravos.<\/p>\n\n\n\n<p>Somente aqui no Brasil foram mais de&nbsp;<strong>300 anos de&nbsp;<a href=\"https:\/\/mundoeducacao.uol.com.br\/historiadobrasil\/escravidao-no-brasil.htm\">escravid\u00e3o<\/a><\/strong>&nbsp;dos negros trazidos para c\u00e1, e, mesmo ap\u00f3s a&nbsp;<a href=\"https:\/\/mundoeducacao.uol.com.br\/historiageral\/abolicao-escravatura.htm\">aboli\u00e7\u00e3o da escravatura<\/a>&nbsp;em 1888, eles permaneceram em situa\u00e7\u00e3o de pen\u00faria, muitos sendo libertos repentinamente, mas sem qualquer tipo de assist\u00eancia, profissionaliza\u00e7\u00e3o, educa\u00e7\u00e3o, moradia, alimenta\u00e7\u00e3o e acesso \u00e0 sa\u00fade. A popula\u00e7\u00e3o negra ainda sofreu e sofre com o&nbsp;<a href=\"https:\/\/mundoeducacao.uol.com.br\/sociologia\/racismo.htm\"><strong>racismo<\/strong><\/a>, o que impede qualquer efetividade de tratamento igual e de pleno acesso aos direitos b\u00e1sicos.<\/p>\n\n\n\n<figure class=\"wp-block-image\"><img decoding=\"async\" src=\"https:\/\/static.mundoeducacao.uol.com.br\/mundoeducacao\/2020\/03\/minorias.jpg\" alt=\"O termo minoria n\u00e3o faz refer\u00eancia a n\u00famero, mas a grupos exclu\u00eddos do poder pol\u00edtico, econ\u00f4mico e social.\"\/><figcaption>O termo minoria n\u00e3o faz refer\u00eancia a n\u00famero, mas a grupos exclu\u00eddos do poder pol\u00edtico, econ\u00f4mico e social.<\/figcaption><\/figure>\n\n\n\n<p>Antes da escraviza\u00e7\u00e3o dos africanos, os portugueses tentaram&nbsp;<strong>escravizar os ind\u00edgenas<\/strong>&nbsp;brasileiros, o que n\u00e3o deu muito certo pela resist\u00eancia ind\u00edgena ao trabalho for\u00e7ado. Os portugueses n\u00e3o somente escravizaram, como invadiram as terras, mataram, maltrataram e roubaram as riquezas naturais do ambiente em que os \u00edndios viviam. Riquezas essas que garantiam a manuten\u00e7\u00e3o do modo de vida tribal ind\u00edgena, que dependia da natureza e utilizava-a com respeito e modera\u00e7\u00e3o.<\/p>\n\n\n\n<p>Quanto \u00e0s quest\u00f5es relacionadas \u00e0&nbsp;<strong>sexualidade,<\/strong>&nbsp;no caso de homossexuais e bissexuais, e quanto \u00e0&nbsp;<strong>identidade de g\u00eanero<\/strong>, no caso de transexuais, ambas dizem respeito a pessoas que sofreram (e sofrem) persegui\u00e7\u00f5es durante toda a hist\u00f3ria a partir do momento em que a moral judaico-crist\u00e3 tornou-se hegem\u00f4nica. A&nbsp;<strong>popula\u00e7\u00e3o LGBTQIA+<\/strong>&nbsp;sofre diariamente agress\u00f5es f\u00edsicas, verbais, psicol\u00f3gicas, e ainda sofre com o estigma de sua condi\u00e7\u00e3o, que muitas vezes a faz viver sob autorrepress\u00e3o ou ser exclu\u00edda de muitos espa\u00e7os.<\/p>\n\n\n\n<p><strong>Leia tamb\u00e9m:&nbsp;<\/strong><a href=\"https:\/\/mundoeducacao.uol.com.br\/sociologia\/direitos-humanos.htm\">Direitos Humanos: a garantia dos direitos b\u00e1sicos a todos os seres humanos<\/a><\/p>\n\n\n\n<p>Em rela\u00e7\u00e3o ao&nbsp;<strong>g\u00eanero,<\/strong>&nbsp;a sociedade, ainda muito patriarcal, exclui as mulheres e trata-as de maneira desigual em rela\u00e7\u00e3o aos homens. Em determinados lugares e \u00e9pocas, o tratamento dado \u00e0s mulheres foi ainda pior, retirando delas at\u00e9 direitos pol\u00edticos, como o direito ao voto.<\/p>\n\n\n\n<figure class=\"wp-block-image\"><img decoding=\"async\" src=\"https:\/\/static.mundoeducacao.uol.com.br\/mundoeducacao\/2020\/03\/1-lgbtqia.jpg\" alt=\"O movimento LGBTQIA+ luta pelos direitos das pessoas n\u00e3o heterossexuais, transg\u00eaneros e outras denomina\u00e7\u00f5es. \"\/><figcaption>O movimento LGBTQIA+ luta pelos direitos das pessoas n\u00e3o heterossexuais, transg\u00eaneros e outras denomina\u00e7\u00f5es.<\/figcaption><\/figure>\n\n\n\n<p>N\u00e3o \u00e9 diferente com quem vive em&nbsp;<strong>condi\u00e7\u00f5es de pobreza<\/strong>. As pessoas em situa\u00e7\u00e3o de rua, as pessoas que vivem abaixo da linha da pobreza e at\u00e9 mesmo as pessoas que n\u00e3o passam fome, mas vivem em condi\u00e7\u00f5es de baixo poder aquisitivo, n\u00e3o tendo, muitas vezes, o direito \u00e0 moradia digna respeitado, tamb\u00e9m s\u00e3o consideradas minorias.<\/p>\n\n\n\n<p>Em todos os casos apresentados e em outros, acompanhados da exclus\u00e3o pelo fato de serem grupos marginalizados, h\u00e1 a luta pela igualdade de direitos. Em um pa\u00eds ainda muito desigual e com imensos problemas sociais, como o Brasil, os movimentos negros, os movimentos feministas, o movimento LGBTQIA+, as centrais sindicais, o Movimento dos Trabalhadores Sem Teto, o Movimento dos Trabalhadores Sem Terra e tantas outras entidades surgiram por meio da luta coletiva de grupos minorit\u00e1rios exclu\u00eddos.&nbsp;<strong>Sem a participa\u00e7\u00e3o de indiv\u00edduos e grupos<\/strong>, v\u00e1rias&nbsp;<strong>conquistas sociais importantes para a nossa sociedade n\u00e3o teriam sido possibilitadas<\/strong>.<strong>N\u00e3o pare agora&#8230; Tem mais depois da publicidade ;)urn:uuid:952b1745-36db-4bbf-155c-4bbf36db952b<\/strong><\/p>\n\n\n\n<h2 class=\"wp-block-heading\"><strong>Grupos de minorias<\/strong><\/h2>\n\n\n\n<p>Ao falarmos de minorias, estamos falando de&nbsp;<strong>v\u00e1rios grupos diferentes<\/strong>&nbsp;que est\u00e3o sub- representados ou em desvantagem no poder, seja esse poder econ\u00f4mico ou pol\u00edtico, segundo a promotora de justi\u00e7a e doutora em Direito (pela PUC\/SP) Juliana Santilli. Essa caracter\u00edstica envolve grupos minorit\u00e1rios \u00e9tnicos, nacionais, sociais e de g\u00eanero, como negros, ind\u00edgenas e pessoas com baixa renda.<\/p>\n\n\n\n<p>A seguir, listamos e identificamos alguns dos grupos minorit\u00e1rios que podem ser inclu\u00eddos no conceito de minoria.<\/p>\n\n\n\n<ul><li><strong>Minorias \u00e9tnicas<\/strong><strong><\/strong><\/li><\/ul>\n\n\n\n<p>Podem ser&nbsp;<strong>negros<\/strong>,&nbsp;<strong>ind\u00edgenas<\/strong>&nbsp;<strong>ou outras denomina\u00e7\u00f5es de etnia<\/strong>&nbsp;que fujam da denomina\u00e7\u00e3o branca. Isso ocorre porque houve um forte dom\u00ednio europeu, que disseminou a popula\u00e7\u00e3o branca pelo mundo por meio de um movimento etnoc\u00eantrico, que considerou o homem branco como superior aos demais.<\/p>\n\n\n\n<p>Nesse sentido, vivemos os&nbsp;<strong>resqu\u00edcios do racismo europeu colonizador<\/strong>&nbsp;que refletem ainda na composi\u00e7\u00e3o de nossa sociedade, atribuindo ao homem branco privil\u00e9gios e excluindo as demais etnias, como negros e ind\u00edgenas.<\/p>\n\n\n\n<p><strong>Veja tamb\u00e9m:&nbsp;<\/strong><a href=\"https:\/\/mundoeducacao.uol.com.br\/sociologia\/democracia-racial.htm\">Democracia racial: utopia em que todas as ra\u00e7as possuem tratamento igual<\/a><\/p>\n\n\n\n<ul><li><strong>Minorias nacionais<\/strong><strong><\/strong><\/li><\/ul>\n\n\n\n<p>O termo aproxima-se muito da expressividade das minorias \u00e9tnicas, pois as minorias nacionais s\u00e3o grupos minorit\u00e1rios e vulner\u00e1veis que compartilham&nbsp;<strong>etnia, cultura, religi\u00e3o e costumes caracter\u00edsticos de um determinado local<\/strong>. Podemos falar que a&nbsp;<a href=\"https:\/\/mundoeducacao.uol.com.br\/sociologia\/identidade-cultural.htm\">identidade cultural<\/a>&nbsp;e a realidade social do sertanejo, por exemplo, colocam-no como uma minoria nacional ao reconhec\u00ea-lo como parte de um grupo com caracter\u00edsticas comuns e que compartilham da exclus\u00e3o e da falta de recursos para uma vida em plena dignidade e igualdade de direitos.<\/p>\n\n\n\n<figure class=\"wp-block-image\"><img decoding=\"async\" src=\"https:\/\/static.mundoeducacao.uol.com.br\/mundoeducacao\/2020\/03\/tailandesa.jpg\" alt=\"As mulheres da tribo tailandesa Karen compreendem uma minoria nacional e \u00e9tnica.\"\/><figcaption>As mulheres da tribo tailandesa Karen compreendem uma minoria nacional e \u00e9tnica.<\/figcaption><\/figure>\n\n\n\n<ul><li><strong>Minorias sociais ind\u00edgenas<\/strong><strong><\/strong><\/li><\/ul>\n\n\n\n<p>A popula\u00e7\u00e3o ind\u00edgena tamb\u00e9m se encontra em situa\u00e7\u00e3o de vulnerabilidade social que a coloca entre as minorias. Os \u00edndios, habitantes originais do territ\u00f3rio brasileiro, hoje compreendem tamb\u00e9m uma minoria populacional, pois&nbsp;<strong>viveram um verdadeiro&nbsp;<a href=\"https:\/\/mundoeducacao.uol.com.br\/sociologia\/genocidio-etnocidio.htm\">genoc\u00eddio<\/a><\/strong>&nbsp;promovido pelo homem branco desde a coloniza\u00e7\u00e3o do Brasil.<\/p>\n\n\n\n<p>Hoje, muitos \u00edndios foram for\u00e7adamente&nbsp;<strong>assimilados na cultura branca<\/strong>, pois o seu modo de vida tribal, que depende da floresta e dos recursos naturais, est\u00e1 cada vez mais limitado devido ao avan\u00e7o das cidades, do agroneg\u00f3cio e da minera\u00e7\u00e3o, que destroem as possibilidades de subsist\u00eancia que garantem ao ind\u00edgena o seu modo de vida original.<\/p>\n\n\n\n<ul><li><strong>Popula\u00e7\u00e3o de baixa renda ou abaixo da linha da pobreza<\/strong><strong><\/strong><\/li><\/ul>\n\n\n\n<p>Outro grupo fortemente exclu\u00eddo dos sistemas sociais contempor\u00e2neos \u00e9 a popula\u00e7\u00e3o pobre. Os indiv\u00edduos dessa&nbsp;<strong>somam maioria absoluta em nosso pa\u00eds<\/strong>, mas encontram-se exclu\u00eddos de qualquer sistema social ou pol\u00edtico, pois a pol\u00edtica \u00e9, majoritariamente, pensada por e para os ricos. A popula\u00e7\u00e3o pobre ainda vive em condi\u00e7\u00f5es indignas de moradia, muitos dela n\u00e3o t\u00eam acesso ao saneamento b\u00e1sico, \u00e0 alimenta\u00e7\u00e3o adequada, \u00e0 sa\u00fade e \u00e0 educa\u00e7\u00e3o de qualidade.<\/p>\n\n\n\n<p>Todos os fatores somados, em especial o prec\u00e1rio sistema educacional p\u00fablico, mant\u00eam a popula\u00e7\u00e3o pobre em um ciclo de pobreza sem fim, retirando-lhe qualquer possibilidade de ascens\u00e3o social.Publicado por&nbsp;<strong>Francisco Porf\u00edrio<\/strong>Teste agora seus conhecimentos com os exerc\u00edcios deste texto<a href=\"https:\/\/exercicios.mundoeducacao.uol.com.br\/exercicios-sociologia\/exercicios-sobre-minorias.htm\">Quero fazer os exerc\u00edcios<\/a><strong>Assista \u00e0s nossas videoaulas<\/strong>V\u00eddeo 1V\u00eddeo 2V\u00eddeo 3V\u00eddeo 4<\/p>\n\n\n\n<figure class=\"wp-block-image\"><img decoding=\"async\" src=\"https:\/\/img.youtube.com\/vi\/apxC29XuBVQ\/maxresdefault.jpg\" alt=\"\"\/><\/figure>\n\n\n\n<p>https:\/\/www.youtube.com\/subscribe_embed?usegapi=1&#038;channelid=UCsgHWN8lYveMUEWTDheTjZA&#038;layout=full&#038;count=default&#038;origin=https%3A%2F%2Fmundoeducacao.uol.com.br&#038;gsrc=3p&#038;ic=1&#038;jsh=m%3B%2F_%2Fscs%2Fapps-static%2F_%2Fjs%2Fk%3Doz.gapi.pt_BR.VF5oqckUcYU.O%2Fam%3DAQ%2Fd%3D1%2Frs%3DAGLTcCP-M3AgMXhILdHsg7QSpdwhv28AAw%2Fm%3D__features__#_methods=onPlusOne%2C_ready%2C_close%2C_open%2C_resizeMe%2C_renderstart%2Concircled%2Cdrefresh%2Cerefresh%2Conload&#038;id=I0_1633870852174&#038;_gfid=I0_1633870852174&#038;parent=https%3A%2F%2Fmundoeducacao.uol.com.br&#038;pfname=&#038;rpctoken=14757479<\/p>\n\n\n\n<h2 class=\"wp-block-heading\">Artigos Relacionados<\/h2>\n\n\n\n<figure class=\"wp-block-image\"><img decoding=\"async\" src=\"https:\/\/static.mundoeducacao.uol.com.br\/mundoeducacao\/2019\/09\/alfabetiza%C3%A7%C3%A3o.jpg\" alt=\"\" title=\"\"\/><\/figure>\n\n\n\n<p>08 de setembro \u2013 Dia Mundial da Alfabetiza\u00e7\u00e3oEntenda como foi criado o Dia Mundial da Alfabetiza\u00e7\u00e3o, comemorado em 08 de setembro, e toda a representatividade que a data possui.<\/p>\n\n\n\n<figure class=\"wp-block-image\"><img decoding=\"async\" src=\"https:\/\/static.mundoeducacao.uol.com.br\/mundoeducacao\/2020\/11\/1-dia-internacional-dos-direitos-humanos.jpg\" alt=\"\" title=\"\"\/><\/figure>\n\n\n\n<p>10 de dezembro \u2013 Dia Internacional dos Direitos HumanosClique aqui e saiba mais sobre o Dia Internacional dos Direitos Humanos, sua import\u00e2ncia e o contexto de sua cria\u00e7\u00e3o. Veja como a data \u00e9 comemorada.<\/p>\n\n\n\n<figure class=\"wp-block-image\"><img decoding=\"async\" src=\"https:\/\/static.mundoeducacao.uol.com.br\/mundoeducacao\/conteudo_legenda\/51d3843284edbdb5139a1ad87d95969c.jpg\" alt=\"Os protestos de Hong Kong, em 2014, reuniram uma multid\u00e3o nas ruas pedindo pela democracia *\" title=\"Multid\u00e3o nas ruas\"\/><\/figure>\n\n\n\n<p>Agregados sociaisOs agregados sociais s\u00e3o fen\u00f4menos sociol\u00f3gicos de extrema import\u00e2ncia em nossa realidade atual. Clique aqui e saiba o que s\u00e3o!<\/p>\n\n\n\n<figure class=\"wp-block-image\"><img decoding=\"async\" src=\"https:\/\/static.mundoeducacao.uol.com.br\/mundoeducacao\/conteudo_legenda\/ce8d3475ea1d81342e2cc109cf48d2eb.jpg\" alt=\"Canibalismo humano no Brasil em 1557, segundo a descri\u00e7\u00e3o de Hans Staden\" title=\"\"\/><\/figure>\n\n\n\n<p>CanibalismoCanibalismo, o que \u00e9 canibalismo, casos de canibalismo na hist\u00f3ria, o canibalismo perante a sociedade, o canibalismo no mundo.<\/p>\n\n\n\n<figure class=\"wp-block-image\"><img decoding=\"async\" src=\"https:\/\/static.mundoeducacao.uol.com.br\/mundoeducacao\/conteudo_legenda\/2db8b10b90c1db25a801c51d5ea7ad3f.jpg\" alt=\"A cidadania plena nem sempre pode ser exercida. \u00c9 preciso que o Estado e a sociedade ofere\u00e7am condi\u00e7\u00f5es para esse exerc\u00edcio\" title=\"Cidadania\"\/><\/figure>\n\n\n\n<p>CidadaniaClique aqui e entenda o que \u00e9 cidadania, bem como os direitos e deveres que envolvem esse conceito.<\/p>\n\n\n\n<figure class=\"wp-block-image\"><img decoding=\"async\" src=\"https:\/\/static.mundoeducacao.uol.com.br\/mundoeducacao\/2020\/11\/consciencia-negra.jpg\" alt=\"\" title=\"\"\/><\/figure>\n\n\n\n<p>Consci\u00eancia negraClique no link e acesse este texto para saber o que \u00e9 consci\u00eancia negra e a sua import\u00e2ncia. Entenda tamb\u00e9m as origens da data comemorativa do dia 20 de novembro.<\/p>\n\n\n\n<figure class=\"wp-block-image\"><img decoding=\"async\" src=\"https:\/\/static.mundoeducacao.uol.com.br\/mundoeducacao\/conteudo_legenda\/80fc6c773d22a12aa2f14bca73e32970.jpg\" alt=\"A Declara\u00e7\u00e3o Universal dos Direitos Humanos fundamenta-se no respeito aos direitos e \u00e0s liberdades individuais e coletivas\" title=\"Direitos Humanos\"\/><\/figure>\n\n\n\n<p>Declara\u00e7\u00e3o Universal dos Direitos HumanosClique aqui e conhe\u00e7a a Declara\u00e7\u00e3o Universal dos Direitos Humanos, um documento important\u00edssimo que foi criado em 1948.<\/p>\n\n\n\n<figure class=\"wp-block-image\"><img decoding=\"async\" src=\"https:\/\/static.mundoeducacao.uol.com.br\/mundoeducacao\/conteudo_legenda\/1bb555d95bbdf4552abed779ae33a205.jpg\" alt=\"O grafite \u00e9 visto, por muitos, como um ato de delinqu\u00eancia.\" title=\"Delinqu\u00eancia ou arte?\"\/><\/figure>\n\n\n\n<p>Delinqu\u00eanciaA delinqu\u00eancia est\u00e1 associada a crimes da juventude. Mas, ser\u00e1 apenas isso? Descubra aqui!<\/p>\n\n\n\n<figure class=\"wp-block-image\"><img decoding=\"async\" src=\"https:\/\/static.mundoeducacao.uol.com.br\/mundoeducacao\/2020\/02\/desigualdade-social.jpg\" alt=\"\" title=\"\"\/><\/figure>\n\n\n\n<p>Desigualdade SocialDesigualdade social: o que \u00e9, como mede, dados<\/p>\n\n\n\n<figure class=\"wp-block-image\"><img decoding=\"async\" src=\"https:\/\/static.mundoeducacao.uol.com.br\/mundoeducacao\/conteudo_legenda\/6638433dd8c843293fb9653f033da2f0.jpg\" alt=\"O trabalho escravo e a explora\u00e7\u00e3o do trabalho infantil s\u00e3o exemplos de viola\u00e7\u00f5es contra os direitos humanos.\" title=\"Trabalho infantil\"\/><\/figure>\n\n\n\n<p>Direitos HumanosClique e conhe\u00e7a a hist\u00f3ria da defesa e do reconhecimento dos Direitos Humanos, a atua\u00e7\u00e3o da ONU, al\u00e9m de ter acesso \u00e0 Declara\u00e7\u00e3o Universal dos Direitos Humanos.<\/p>\n\n\n\n<figure class=\"wp-block-image\"><img decoding=\"async\" src=\"https:\/\/static.mundoeducacao.uol.com.br\/mundoeducacao\/conteudo_legenda\/9dd9f64e8040e97cad196e23fe7adc80.jpg\" alt=\"A escravid\u00e3o no Brasil foi uma institui\u00e7\u00e3o cruel que existiu durante mais de 300 anos.\" title=\"Escravid\u00e3o no Brasil\"\/><\/figure>\n\n\n\n<p>Escravid\u00e3o no BrasilLeia este texto e aprenda mais sobre a escravid\u00e3o no Brasil. Veja sobre a origem dessa institui\u00e7\u00e3o, conhe\u00e7a os grupos escravizados e entenda como foi proibida.<\/p>\n\n\n\n<figure class=\"wp-block-image\"><img decoding=\"async\" src=\"https:\/\/static.mundoeducacao.uol.com.br\/mundoeducacao\/conteudo_legenda\/42347827c6eabfc49adcb129ecf42712.jpg\" alt=\"A cria\u00e7\u00e3o do regime democr\u00e1tico possibilitou um interessante debate filos\u00f3fico.\" title=\"\"\/><\/figure>\n\n\n\n<p>Filosofia e DemocraciaFilosofia, Pensamento filos\u00f3fico, Cultura Grega, democracia, cosmologia, assembl\u00e9ias, regime aristocr\u00e1tico, cidad\u00e3o, cidadania, pol\u00edtica, S\u00f3crates, pensamento socr\u00e1tico, id\u00e9ias puras, Is\u00f3crates de Atenas, Prot\u00e1goras de Abdera, G\u00f3rgias de Leontini.<\/p>\n\n\n\n<figure class=\"wp-block-image\"><img decoding=\"async\" src=\"https:\/\/static.mundoeducacao.uol.com.br\/mundoeducacao\/conteudo_legenda\/b80e40ebbd42aad03f5399d99aaba51e.jpg\" alt=\"Crian\u00e7as v\u00edtimas do genoc\u00eddio arm\u00eanio\" title=\"Crian\u00e7as arm\u00eanias sendo deportadas\"\/><\/figure>\n\n\n\n<p>Genoc\u00eddio e etnoc\u00eddioVoc\u00ea conhece a diferen\u00e7a entre genoc\u00eddio e etnoc\u00eddio? Embora sejam conceitos diferentes, eles est\u00e3o relacionados. Saiba mais!<\/p>\n\n\n\n<figure class=\"wp-block-image\"><img decoding=\"async\" src=\"https:\/\/static.mundoeducacao.uol.com.br\/mundoeducacao\/2021\/02\/golpe-militar-mianmar.jpg\" alt=\"\" title=\"\"\/><\/figure>\n\n\n\n<p>Golpe militar em MianmarClique no link e acesse este texto para saber mais sobre o golpe militar em Mianmar. Conhe\u00e7a esse pa\u00eds asi\u00e1tico e entenda o contexto desse golpe.<\/p>\n\n\n\n<figure class=\"wp-block-image\"><img decoding=\"async\" src=\"https:\/\/static.mundoeducacao.uol.com.br\/mundoeducacao\/2019\/08\/tumulos-vandalizados-com-suasticas.jpg\" alt=\"Um cemit\u00e9rio judaico, localizado na Fran\u00e7a, teve as l\u00e1pides pichadas com su\u00e1sticas nazistas, ato de preconceito e intoler\u00e2ncia religiosa.\" title=\"T\u00famulos vandalizados com su\u00e1sticas\"\/><\/figure>\n\n\n\n<p>Intoler\u00e2ncia religiosaAcesse este link para entender o que \u00e9 a intoler\u00e2ncia religiosa e como ela se manifesta. Confira dados sobre esse problema no Brasil.<\/p>\n\n\n\n<figure class=\"wp-block-image\"><img decoding=\"async\" src=\"https:\/\/static.mundoeducacao.uol.com.br\/mundoeducacao\/2020\/04\/1-alastramento-de-doencas.jpg\" alt=\"O isolamento est\u00e1 geralmente associado \u00e0 exclus\u00e3o sofrida em nosso conv\u00edvio\" title=\"\"\/><\/figure>\n\n\n\n<p>Isolamento socialClique aqui para saber o que \u00e9 isolamento social, como ele pode ocorrer, porque ele ocorre, quais s\u00e3o os tipos de isolamento e quais as consequ\u00eancias dessa pr\u00e1tica.<\/p>\n\n\n\n<figure class=\"wp-block-image\"><img decoding=\"async\" src=\"https:\/\/static.mundoeducacao.uol.com.br\/mundoeducacao\/2020\/12\/ku-klux-klan.jpg\" alt=\"\" title=\"\"\/><\/figure>\n\n\n\n<p>Ku Klux KlanSaiba mais sobre a Ku Klux Klan, organiza\u00e7\u00e3o supremacista e terrorista que surgiu na segunda metade do s\u00e9culo XIX.<\/p>\n\n\n\n<figure class=\"wp-block-image\"><img decoding=\"async\" src=\"https:\/\/static.mundoeducacao.uol.com.br\/mundoeducacao\/2020\/06\/angela-davis.jpg\" alt=\"\" title=\"\"\/><\/figure>\n\n\n\n<p>O que \u00e9 feminismo?Clique aqui e conhe\u00e7a um pouco mais sobre o feminismo. Aprenda qual \u00e9 a sua hist\u00f3ria e saiba quais s\u00e3o as pautas, conquistas e desafios.<a href=\"https:\/\/mundoeducacao.uol.com.br\/politica\/plutocracia.htm\">PlutocraciaPlutocracia, o que \u00e9 plutocracia, caracter\u00edsticas da plutocracia, riqueza, pol\u00edtica, governo exercido pelos ricos.<\/a><\/p>\n\n\n\n<figure class=\"wp-block-image\"><img decoding=\"async\" src=\"https:\/\/static.mundoeducacao.uol.com.br\/mundoeducacao\/conteudo_legenda\/fa2285121e87e927e6de594d80159ce8.jpg\" alt=\"\u00c9 preciso apagar o racismo de nossa sociedade e manter viva a hist\u00f3ria de luta de negros e ind\u00edgenas para que essa barb\u00e1rie n\u00e3o se repita no futuro.\" title=\"Apagando o racismo\"\/><\/figure>\n\n\n\n<p>RacismoClique aqui e entenda a defini\u00e7\u00e3o sociol\u00f3gica de racismo e como o preconceito de ra\u00e7a se originou e ainda permanece em nossa sociedade.<\/p>\n\n\n\n<figure class=\"wp-block-image\"><img decoding=\"async\" src=\"https:\/\/static.mundoeducacao.uol.com.br\/mundoeducacao\/conteudo_legenda\/49d7f097eb6d324c4ab9bd7daa021813.jpg\" alt=\"A soberania \u00e9 uma condi\u00e7\u00e3o essencial para que o Governo possa gerir e administrar a m\u00e1quina estatal\" title=\"Soberania\"\/><\/figure>\n\n\n\n<p>SoberaniaClique aqui e entenda o conceito de Soberania, que se relaciona com o poder de a\u00e7\u00e3o e decis\u00e3o de um Estado em seu territ\u00f3rio.<\/p>\n\n\n\n<figure class=\"wp-block-image\"><img decoding=\"async\" src=\"https:\/\/static.mundoeducacao.uol.com.br\/mundoeducacao\/conteudo_legenda\/802c93f01bb5ffd0061202ff8e1d1a49.jpg\" alt=\"Grupo de jovens protestando contra a discrimina\u00e7\u00e3o sexual.\" title=\"\"\/><\/figure>\n\n\n\n<p>Sociologia da JuventudeSociologia da Juventude, movimentos sociais, sociologia, movimento hippie, gera\u00e7\u00e3o yuppie, globaliza\u00e7\u00e3o, movimento punk, globaliza\u00e7\u00e3o, cultura jovem, contra-cultura, padr\u00f5es de comportamento.<\/p>\n","protected":false},"excerpt":{"rendered":"<p>Ironicamente, o que chamamos aqui de&nbsp;minorias&nbsp;s\u00e3o, quantitativamente, a maioria da popula\u00e7\u00e3o. O termo minoria refere-se, na&nbsp;sociologia, a&nbsp;grupos sociais historicamente exclu\u00eddos&nbsp;do processo de garantia dos direitos b\u00e1sicos por quest\u00f5es \u00e9tnicas, de<\/p>\n","protected":false},"author":1,"featured_media":7263,"comment_status":"closed","ping_status":"closed","sticky":false,"template":"","format":"standard","meta":[],"categories":[1],"tags":[],"_links":{"self":[{"href":"https:\/\/7ports.com.br\/index.php?rest_route=\/wp\/v2\/posts\/5348"}],"collection":[{"href":"https:\/\/7ports.com.br\/index.php?rest_route=\/wp\/v2\/posts"}],"about":[{"href":"https:\/\/7ports.com.br\/index.php?rest_route=\/wp\/v2\/types\/post"}],"author":[{"embeddable":true,"href":"https:\/\/7ports.com.br\/index.php?rest_route=\/wp\/v2\/users\/1"}],"replies":[{"embeddable":true,"href":"https:\/\/7ports.com.br\/index.php?rest_route=%2Fwp%2Fv2%2Fcomments&post=5348"}],"version-history":[{"count":1,"href":"https:\/\/7ports.com.br\/index.php?rest_route=\/wp\/v2\/posts\/5348\/revisions"}],"predecessor-version":[{"id":5350,"href":"https:\/\/7ports.com.br\/index.php?rest_route=\/wp\/v2\/posts\/5348\/revisions\/5350"}],"wp:featuredmedia":[{"embeddable":true,"href":"https:\/\/7ports.com.br\/index.php?rest_route=\/wp\/v2\/media\/7263"}],"wp:attachment":[{"href":"https:\/\/7ports.com.br\/index.php?rest_route=%2Fwp%2Fv2%2Fmedia&parent=5348"}],"wp:term":[{"taxonomy":"category","embeddable":true,"href":"https:\/\/7ports.com.br\/index.php?rest_route=%2Fwp%2Fv2%2Fcategories&post=5348"},{"taxonomy":"post_tag","embeddable":true,"href":"https:\/\/7ports.com.br\/index.php?rest_route=%2Fwp%2Fv2%2Ftags&post=5348"}],"curies":[{"name":"wp","href":"https:\/\/api.w.org\/{rel}","templated":true}]}}